{"id":45691,"date":"2024-11-05T10:09:50","date_gmt":"2024-11-05T10:09:50","guid":{"rendered":"https:\/\/dekkbi.com\/?p=45691"},"modified":"2024-11-05T10:37:54","modified_gmt":"2024-11-05T10:37:54","slug":"appel-telephonique-de-macky-a-kaolack-cest-vous-meme-qui-avez-dit-que-le-pays-ne-marche-pasjai-accepte-detre-tete-de-liste-pour-contribuer-a-cette-entrepris","status":"publish","type":"post","link":"https:\/\/dekkbi.com\/?p=45691","title":{"rendered":"Appel t\u00e9l\u00e9phonique de Macky \u00e0 Kaolack : \u00abC\u2019est vous-m\u00eame qui avez dit que le pays ne marche pas\u2026j\u2019ai accept\u00e9 d\u2019\u00eatre t\u00eate de liste pour contribuer \u00e0 cette entreprise de sauver le S\u00e9n\u00e9gal\u00bb"},"content":{"rendered":"\n<p>Scotch\u00e9 derri\u00e8re son Smartphone, le pr\u00e9sident Macky Sall continue de battre campagne via les r\u00e9seaux sociaux. En effet, le pr\u00e9sident sortant et t\u00eate de liste de Takku Wallu S\u00e9n\u00e9gal a joint au t\u00e9l\u00e9phone les responsables de sa coalition du Saloum pour revenir sur l\u2019enjeu de ces l\u00e9gislatives anticip\u00e9es 2024. \u00abLe pays roule droit vers des lendemains qui ne pr\u00e9sagent rien de bon. <\/p>\n\n\n\n<figure class=\"wp-block-embed is-type-rich is-provider-prise-en-charge-des-contenus-embarqu-s wp-block-embed-prise-en-charge-des-contenus-embarqu-s wp-embed-aspect-16-9 wp-has-aspect-ratio\"><div class=\"wp-block-embed__wrapper\">\n<iframe loading=\"lazy\" title=\"Appel de Macky \u00e0 Kaolack : \u00abC\u2019est vous-m\u00eame qui avez dit que le pays ne marche pas\u2026j\u2019ai accepte ...\u00bb\" width=\"800\" height=\"450\" src=\"https:\/\/www.youtube.com\/embed\/kaM19MYU6O8?feature=oembed\" frameborder=\"0\" allow=\"accelerometer; autoplay; clipboard-write; encrypted-media; gyroscope; picture-in-picture; web-share\" referrerpolicy=\"strict-origin-when-cross-origin\" allowfullscreen><\/iframe>\n<\/div><\/figure>\n\n\n\n<p>Si on ne fait rien, le pays ira directement vers des jours difficiles pour toutes les franges de la soci\u00e9t\u00e9 \u00bb, a fait remarquer Macky Sall derri\u00e8re son Smartphone lors de la visite chez Marima Sarr des deux t\u00eates de listes de Takku Wallu S\u00e9n\u00e9gal \u00e0 Kaolack (Ahmed Youssouf Bengelloune et Astou Ndiaye).<\/p>\n\n\n\n<p> Poursuivant son adresse \u00e0 ses nombreux inconditionnels de Takku Wallu chez l\u2019ancienne maire de Kaolack, Il dira : \u00ab C\u2019est vous-m\u00eame qui avez dit que le pays ne marche pas alors \u0153uvrons pour que le pays marche \u00e0 nouveau\u00bb. Avant d\u2019inviter ses troupes \u00e0 \u00abd\u00e9passer les clivages et querelles intestines pour le seul b\u00e9n\u00e9fice du peuple S\u00e9n\u00e9galais\u00bb. <\/p>\n\n\n\n<p>Selon lui, \u00abc\u2019est pour cela d\u2019ailleurs que j\u2019ai accept\u00e9 d\u2019\u00eatre t\u00eate de liste de Takku Wakku pour contribuer \u00e0 cette entreprise de sauver le S\u00e9n\u00e9gal \u00bb. \u00abIl faut davantage se mobiliser \u00e0 travers les grands quartiers, chez les parents et proches pour une victoire \u00e9clatante le 17 novembre prochain. La mobilisation que j\u2019ai vu aujourd\u2019hui, me rassure. Pers\u00e9v\u00e9rer dans cette dynamique et la victoire sera de mise\u00bb, pr\u00e9conise-t-il.<\/p>\n\n\n\n<p>SOURCE DAKARACTU<\/p>\n\n\n\n<p><\/p>\n","protected":false},"excerpt":{"rendered":"<p>Scotch\u00e9 derri\u00e8re son Smartphone, le pr\u00e9sident Macky Sall continue de battre campagne via les r\u00e9seaux sociaux. En effet, le pr\u00e9sident<\/p>\n","protected":false},"author":1,"featured_media":45348,"comment_status":"open","ping_status":"open","sticky":false,"template":"","format":"standard","meta":{"footnotes":""},"categories":[21],"tags":[],"class_list":["post-45691","post","type-post","status-publish","format-standard","has-post-thumbnail","hentry","category-societe"],"_links":{"self":[{"href":"https:\/\/dekkbi.com\/index.php?rest_route=\/wp\/v2\/posts\/45691","targetHints":{"allow":["GET"]}}],"collection":[{"href":"https:\/\/dekkbi.com\/index.php?rest_route=\/wp\/v2\/posts"}],"about":[{"href":"https:\/\/dekkbi.com\/index.php?rest_route=\/wp\/v2\/types\/post"}],"author":[{"embeddable":true,"href":"https:\/\/dekkbi.com\/index.php?rest_route=\/wp\/v2\/users\/1"}],"replies":[{"embeddable":true,"href":"https:\/\/dekkbi.com\/index.php?rest_route=%2Fwp%2Fv2%2Fcomments&post=45691"}],"version-history":[{"count":1,"href":"https:\/\/dekkbi.com\/index.php?rest_route=\/wp\/v2\/posts\/45691\/revisions"}],"predecessor-version":[{"id":45694,"href":"https:\/\/dekkbi.com\/index.php?rest_route=\/wp\/v2\/posts\/45691\/revisions\/45694"}],"wp:featuredmedia":[{"embeddable":true,"href":"https:\/\/dekkbi.com\/index.php?rest_route=\/wp\/v2\/media\/45348"}],"wp:attachment":[{"href":"https:\/\/dekkbi.com\/index.php?rest_route=%2Fwp%2Fv2%2Fmedia&parent=45691"}],"wp:term":[{"taxonomy":"category","embeddable":true,"href":"https:\/\/dekkbi.com\/index.php?rest_route=%2Fwp%2Fv2%2Fcategories&post=45691"},{"taxonomy":"post_tag","embeddable":true,"href":"https:\/\/dekkbi.com\/index.php?rest_route=%2Fwp%2Fv2%2Ftags&post=45691"}],"curies":[{"name":"wp","href":"https:\/\/api.w.org\/{rel}","templated":true}]}}