{"id":45645,"date":"2024-11-05T09:09:22","date_gmt":"2024-11-05T09:09:22","guid":{"rendered":"https:\/\/dekkbi.com\/?p=45645"},"modified":"2024-11-05T10:11:40","modified_gmt":"2024-11-05T10:11:40","slug":"itw-migration-cooperation-lambassadeur-du-senegal-a-lue-partage-ses-notes","status":"publish","type":"post","link":"https:\/\/dekkbi.com\/?p=45645","title":{"rendered":"ITW: Migration, coop\u00e9ration\u2026 : L\u2019ambassadeur du S\u00e9n\u00e9gal \u00e0 l\u2019Union europ\u00e9enne partage ses notes"},"content":{"rendered":"\n<p><strong>Ambassadeur extraordinaire et pl\u00e9nipotentiaire du S\u00e9n\u00e9gal en Belgique, au Luxembourg et aupr\u00e8s de l\u2019Union europ\u00e9enne, Baye Moctar Diop \u00e9voque l\u2019actualit\u00e9 marqu\u00e9e par la migration irr\u00e9guli\u00e8re. Dans cet entretien, il aborde les relations qu\u2019entretient le S\u00e9n\u00e9gal avec l\u2019Union europ\u00e9enne en mati\u00e8re de coop\u00e9ration, tout en revenant sur certains projets phares qui ont \u00e9t\u00e9 financ\u00e9s gr\u00e2ce \u00e0 l\u2019accompagnement de l\u2019Ue pour lutter contre les causes profondes de la migration irr\u00e9guli\u00e8re, promouvoir l\u2019emploi, entre autres. Aussi revient-il sur les accords de coop\u00e9ration qui lient le S\u00e9n\u00e9gal \u00e0 l\u2019Ue en lien avec la migration, sur la mobilit\u00e9 africaine avec des instruments de l\u2019Union africaine comme le protocole de libre circulation et celui de la Cedeao relatif \u00e0 la libre circulation des personnes et des biens. Il n\u2019a pas manqu\u00e9 de revenir sur les bons liens qui existent entre les S\u00e9n\u00e9galais de sa circonscription et les autorit\u00e9s consulaires, mais aussi le travail des autorit\u00e9s consulaires au profit des S\u00e9n\u00e9galais de l\u2019\u00e9tranger, notamment ceux de Belgique et Luxembourg. <\/strong><\/p>\n\n\n\n<p><strong>Avec quel regard analysez-vous la propension des jeunes Africains, notamment S\u00e9n\u00e9galais, qui partent des c\u00f4tes s\u00e9n\u00e9galaises pour tenter de rejoindre l\u2019Europe par la mer\u00a0?<\/strong><\/p>\n\n\n\n<p>Je constate cette vague de d\u00e9parts avec beaucoup d\u2019amertume parce que, de mon point de vue, rien ne justifie les risques que ces jeunes prennent pour tenter de rallier l\u2019Europe. Le S\u00e9n\u00e9gal n\u2019est pas un pays en guerre, leur vie n\u2019y est pas menac\u00e9e et des opportunit\u00e9s d\u2019emplois ne manquent pas. Je suis convaincu que s\u2019ils mobilisaient autant d\u2019efforts et de risques pour aller en Europe que pour se donner les moyens de r\u00e9ussir au S\u00e9n\u00e9gal, la situation serait autre.<\/p>\n\n\n\n<p>Je souhaite qu\u2019il y ait une vraie mobilisation nationale autour des enjeux et d\u00e9fis de la migration irr\u00e9guli\u00e8re. Car il urge de faire comprendre \u00e0 ces jeunes que par la pers\u00e9v\u00e9rance et la force de leurs bras, ils peuvent r\u00e9ussir et s\u2019\u00e9panouir au S\u00e9n\u00e9gal&nbsp;; qu\u2019ils constituent notre atout-ma\u00eetre pour le d\u00e9veloppement \u00e9conomique et social du pays&nbsp;; que l\u2019id\u00e9e qu\u2019ils se font de la r\u00e9ussite en Europe ne correspond pas \u00e0 la r\u00e9alit\u00e9&nbsp;; que pour en arriver \u00e0 ce niveau de r\u00e9ussite, les jeunes europ\u00e9ens eux-m\u00eames n\u2019ont jamais, par le pass\u00e9, pris autant de risques dans leur qu\u00eate de mieux-\u00eatre ailleurs&nbsp;; qu\u2019ils ont plut\u00f4t besoin d\u2019\u00eatre form\u00e9s aux m\u00e9tiers de leurs terroirs, de d\u00e9velopper leurs capacit\u00e9s d\u2019auto-emploi et d\u2019auto-entrepreneuriat afin de tirer profit des politiques et programmes publics mis en place par le gouvernement en r\u00e9ponse \u00e0 leurs pr\u00e9occupations.<\/p>\n\n\n\n<p><strong>Certains estiment que c\u2019est un \u00e9chec des politiques, notamment des relations de coop\u00e9ration qu\u2019entretiennent le S\u00e9n\u00e9gal et l\u2019Ue. Quel est votre avis en votre qualit\u00e9 de repr\u00e9sentant du S\u00e9\u00adn\u00e9gal aupr\u00e8s de l\u2019Ue ?<\/strong><\/p>\n\n\n\n<p>C\u2019est inexact de dire cela. Pour moi, la raison qui pousse les jeunes \u00e0 partir par tous les moyens, c\u2019est la qu\u00eate d\u2019un mieux-\u00eatre ailleurs qu\u2019au S\u00e9n\u00e9gal. R\u00e9pondre \u00e0 une telle pr\u00e9occupation est de la responsabilit\u00e9 du gouvernement qui le fait, du reste, avec les atouts et contraintes de divers ordres du moment. La coop\u00e9ration peut certes aider \u00e0 cet effet. Cependant, on ne saurait lui imputer une quelconque responsabilit\u00e9 dans la recrudescence de ce ph\u00e9nom\u00e8ne.<\/p>\n\n\n\n<p><strong>En visite \u00e0 Dakar en octobre dernier, la Com\u00admissaire de l\u2019Union europ\u00e9enne en charge des Partenariats internationaux a inform\u00e9 d\u2019un financement de 30 millions d\u2019euros au S\u00e9n\u00e9gal, s\u2019inscrivant dans le cadre de la pr\u00e9vention de la migration irr\u00e9guli\u00e8re. Le gouvernement du S\u00e9n\u00e9gal semble ne pas avoir \u00e9t\u00e9 au courant d\u2019un tel financement. En votre qualit\u00e9 de repr\u00e9sentant permanent au sein de la Commission de l\u2019Ue pour le compte du S\u00e9n\u00e9gal, avez-vous \u00e9t\u00e9 inform\u00e9\u00a0?<\/strong><\/p>\n\n\n\n<p>Le gouvernement est forc\u00e9ment au courant puisque l\u2019annonce a \u00e9t\u00e9 faite \u00e0 Dakar. Un tel appui financier est fort utile dans le contexte actuel qui voit le gouvernement accentuer ses efforts de lutte contre la migration irr\u00e9guli\u00e8re, notamment par la mont\u00e9e en puissance du dispositif mis en place par nos Forces de d\u00e9fense et de s\u00e9curit\u00e9 pour combattre le trafic de migrants. A cet \u00e9gard, tout appui, de quelque nature qu\u2019il puisse \u00eatre, destin\u00e9 \u00e0 renforcer nos \u00e9quipements de surveillance de nos c\u00f4tes et de patrouilles en haute mer, est le bienvenu. J\u2019ignore la destination exacte de ces 30 millions d\u2019euros, mais si c\u2019est pour accompagner le S\u00e9n\u00e9gal dans la r\u00e9alisation de tels objectifs, alors il faut s\u2019en f\u00e9liciter.<\/p>\n\n\n\n<p><strong>Quelle est la nature des relations entre le S\u00e9n\u00e9gal et l\u2019Ue ?<\/strong><\/p>\n\n\n\n<p>La coop\u00e9ration entre l\u2019Union europ\u00e9enne et le S\u00e9n\u00e9gal est pr\u00e9sentement r\u00e9gie par une strat\u00e9gie conjointe dont la premi\u00e8re phase de mise en \u0153uvre a couvert la p\u00e9riode de 2018-2023. La strat\u00e9gie conjointe sert de cadre de r\u00e9f\u00e9rence pour accompagner le S\u00e9n\u00e9gal vers la r\u00e9alisation de projets structurants qui rel\u00e8vent des priorit\u00e9s de politique publique du S\u00e9n\u00e9gal. Il y a ensuite l\u2019Accord de coop\u00e9ration en mati\u00e8re de p\u00eache durable sign\u00e9 en 2019 et dont le terme est fix\u00e9 \u00e0 la fin de ce mois de novembre. Il y a enfin un r\u00e9gime commercial pr\u00e9f\u00e9rentiel sp\u00e9cifique faisant du S\u00e9n\u00e9gal le deuxi\u00e8me plus grand b\u00e9n\u00e9ficiaire du r\u00e9gime \u00abtout sauf les armes\u00bb sur le continent africain. Ce r\u00e9gime commercial pr\u00e9f\u00e9rentiel permet \u00e0 notre pays de pouvoir exporter sur le march\u00e9 europ\u00e9en ses produits libres de droits et sans limitation.<\/p>\n\n\n\n<p>C\u2019est au total une coop\u00e9ration multiforme qui couvre diff\u00e9rents secteurs tels que l\u2019\u00e9ducation, la formation, l\u2019\u00e9conomie, le commerce, l\u2019\u00e9nergie, les transports, la sant\u00e9, etc. L\u2019Ue figure parmi les partenaires-cl\u00e9s de notre pays dont elle appuie certains projets, \u00e0 travers l\u2019instrument Global Gateway lanc\u00e9 en 2021 par la Commission europ\u00e9enne. Gr\u00e2ce \u00e0 cette initiative, l\u2019Ue a soutenu la r\u00e9alisation du Bus rapid transit (Brt). Elle accompagne \u00e9galement le S\u00e9n\u00e9gal dans sa transition \u00e9nerg\u00e9tique, \u00e0 travers le Jetp dont l\u2019objectif est de porter notre mix \u00e9nerg\u00e9tique \u00e0 40% d\u2019ici \u00e0 2030. Une autre initiative phare qui m\u00e9rite d\u2019\u00eatre mise en relief est le projet Madiba de l\u2019Institut Pasteur de Dakar (Ipd) pour la construction d\u2019un nouveau site de production de vaccins au S\u00e9n\u00e9gal. Ce projet est soutenu par la \u00abteam Europe\u00bb regroupant l\u2019Ue, ses Etats membres, leurs agences de d\u00e9veloppement et la Banque europ\u00e9enne d\u2019investissement (Bei).<br>Dans le domaine des infrastructures, on peut encore citer la construction du Pont de Rosso sur le fleuve S\u00e9n\u00e9gal dont l\u2019ex\u00e9cution est en cours avec un cr\u00e9dit de 22 millions d\u2019euros de la Bei. La m\u00eame Bei a accord\u00e9 en septembre dernier, un pr\u00eat de 30 millions d\u2019euros \u00e0 la Banque agricole pour accompagner les petites et moyennes entreprises s\u00e9n\u00e9galaises dans le d\u00e9veloppement des cha\u00eenes de valeur agricoles. Ces exemples parmi tant d\u2019autres, t\u00e9moignent du dynamisme de notre coop\u00e9ration avec l\u2019Ue et ses Etats membres.<\/p>\n\n\n\n<p><strong>Quels sont les accords de coop\u00e9ration qui lient le S\u00e9n\u00e9gal \u00e0 l\u2019Ue en lien avec la migration dans un contexte de volont\u00e9 manifeste de l\u2019Ue d\u2019externalisation de ses fronti\u00e8res avec les pays tiers et r\u00e9affirm\u00e9e dans son pacte migration et asile qui doit entrer en vigueur en 2026 ?<\/strong><\/p>\n\n\n\n<p>Notre coop\u00e9ration avec l\u2019Union europ\u00e9enne sur cette question est mat\u00e9rialis\u00e9e par un dialogue politique et technique confiant. Ce m\u00e9canisme nous permet d\u2019\u00e9changer r\u00e9guli\u00e8rement et d\u2019aborder toutes les questions en lien avec la migration aussi bien au plan technique qu\u2019au plan politique, en vue d\u2019assurer une gestion concert\u00e9e des flux de migrants quittant les c\u00f4tes s\u00e9n\u00e9galaises vers l\u2019Europe. Cette question me permet d\u2019ailleurs de revenir sur une pr\u00e9c\u00e9dente, relativement \u00e0 la prise en compte de la question migratoire par notre coop\u00e9ration avec l\u2019Ue. Il faut le dire en le soulignant avec force, parce que la lutte contre le ch\u00f4mage des jeunes est une priorit\u00e9 de premier ordre pour le S\u00e9n\u00e9gal. L\u2019Ue (la Commission et ses Etats membres) a plusieurs fois accord\u00e9 un appui technique et financier \u00e0 des programmes publics mis en place par le gouvernement pour y faire face.<br>Il en est ainsi du programme d\u2019appui budg\u00e9taire jeunesse dot\u00e9 d\u2019une enveloppe financi\u00e8re de 70 millions d\u2019euros de dons. Il vise \u00e0 soutenir la mise en \u0153uvre du programme d\u2019urgence pour l\u2019emploi et l\u2019insertion socio-\u00e9conomique des jeunes \u00e0 travers quatre (04) axes dont un concerne la gouvernance de la migration, la r\u00e9insertion des migrants de retour et la r\u00e9admission. Ce programme lanc\u00e9 en 2022, est en cours d\u2019ex\u00e9cution. Avant ledit programme, il y a eu les nombreux autres r\u00e9alis\u00e9s, au titre du fonds fiduciaire d\u2019urgence de l\u2019Union europ\u00e9enne pour l\u2019Afrique, tels que le PlaseprI\/Pasped avec pour objectif de r\u00e9duire la migration irr\u00e9guli\u00e8re gr\u00e2ce au soutien au secteur priv\u00e9 et \u00e0 la cr\u00e9ation d\u2019emplois au S\u00e9n\u00e9gal. Le Projet d\u2019appui \u00e0 la r\u00e9duction de l\u2019\u00e9migration rurale et \u00e0 la r\u00e9int\u00e9gration dans le bassin arachidier (Parerba) a \u00e9galement \u00e9t\u00e9 mis en place dans le cadre de la coop\u00e9ration avec l\u2019Ue, en vue de freiner l\u2019\u00e9migration rurale en augmentant les opportunit\u00e9s \u00e9conomiques pour les m\u00e9nages ruraux. Il y a aussi le Peceren, mis en \u0153uvre dans huit r\u00e9gions du S\u00e9n\u00e9gal pour contribuer \u00e0 la r\u00e9duction de la migration irr\u00e9guli\u00e8re par le soutien \u00e0 la r\u00e9silience des populations, la cr\u00e9ation d\u2019emplois et l\u2019accroissement des opportunit\u00e9s \u00e9conomiques pour les m\u00e9nages ruraux.<\/p>\n\n\n\n<p>On peut \u00e9galement citer le programme \u00abd\u00e9velopper l\u2019emploi au S\u00e9n\u00e9gal-tekki fii\u00bb mis en \u0153uvre dans les r\u00e9gions de Ziguinchor, Kolda, S\u00e9dhiou et Tambacounda par l\u2019Afd, LuxDev et l\u2019adepme pour optimiser les opportunit\u00e9s \u00e9conomiques de ces localit\u00e9s, valoriser les r\u00e9ussites individuelles et proposer des alternatives \u00e0 la migration irr\u00e9guli\u00e8re. Un dernier exemple et non des moindres est le Programme d\u2019appui aux initiatives de solidarit\u00e9 pour le d\u00e9veloppement (Paisd) d\u00e9di\u00e9 au soutien des actions de d\u00e9veloppement local et des initiatives de la diaspora s\u00e9n\u00e9galaise \u00e9tablie dans des pays comme l\u2019Espagne, l\u2019Italie, la France ou la Belgique. Il faut aussi souligner l\u2019importance des accords bilat\u00e9raux pour promouvoir la mobilit\u00e9 de la main-d\u2019\u0153uvre sign\u00e9s entre le S\u00e9n\u00e9gal et des Etats de l\u2019Ue, notamment avec l\u2019Espagne, ou encore des programmes de mobilit\u00e9 entrepreneuriale, \u00e0 l\u2019image du projet-pilote Wecco Entreprendre entre le S\u00e9n\u00e9gal et la Belgique.<\/p>\n\n\n\n<p><strong>Au m\u00eame moment que l\u2019Ue promeut la migration r\u00e9guli\u00e8re et le respect de la dignit\u00e9 humaine, l\u2019obtention de visa pour les Africains voire S\u00e9n\u00e9galais rel\u00e8ve d\u2019un parcours du combattant d\u2019une part, et d\u2019autre part elle finance des Etats qui utilisent les fonds europ\u00e9ens pour commettre des violations sur des personnes. N-est-ce pas un paradoxe\u00a0?<\/strong><\/p>\n\n\n\n<p>Votre question r\u00e9v\u00e8le \u00e0 elle seule toute la complexit\u00e9 du ph\u00e9nom\u00e8ne migratoire. Elle pourrait \u00eatre ainsi reformul\u00e9e\u00a0: comment endiguer la migration irr\u00e9guli\u00e8re sans entraver la mobilit\u00e9 ni violer les droits \u00e9l\u00e9mentaires des migrants\u00a0? L\u2019Europe et ses partenaires sont bien conscients que ce d\u00e9fi reste entier malgr\u00e9 les efforts consentis au sortir du Sommet de la Valette. C\u2019est dire qu\u2019il va falloir continuer la concertation autour de ces probl\u00e9matiques dans un esprit de compr\u00e9hension mutuelle qui exclut la x\u00e9nophobie et le reflexe du tout s\u00e9curitaire conduisant \u00e0 la fermeture des fronti\u00e8res. La migration doit \u00eatre appr\u00e9hend\u00e9e comme une opportunit\u00e9 pour les pays de d\u00e9part et de destination. Elle appelle une gouvernance concert\u00e9e qui combat les trafics et optimise ses b\u00e9n\u00e9fices.<\/p>\n\n\n\n<p><strong>Quelle est selon vous la meilleure approche pour une meilleure gestion de la migration tenant compte du fait que la migration africaine vers l\u2019Europe est moins importante que celle qui se fait \u00e0 l\u2019int\u00e9rieur du continent ?<\/strong><\/p>\n\n\n\n<p>A mon avis la complexit\u00e9 de la question migratoire dont les causes comme je l\u2019ai d\u00e9j\u00e0 indiqu\u00e9, ne devraient pas faire l\u2019objet d\u2019une analyse r\u00e9ductrice, justifie la n\u00e9cessit\u00e9 de multiplier les axes d\u2019intervention en vue de rendre effectives les mesures prises pour freiner les vagues de d\u00e9parts. En plus de la sensibilisation, du renforcement de la gestion des fronti\u00e8res et de la lutte contre les trafics de migrants, il faudrait aussi continuer \u00e0 prendre en charge les aspirations l\u00e9gitimes des personnes tent\u00e9es par l\u2019aventure. Cela pourrait passer par la mise en place de programmes d\u00e9di\u00e9s \u00e0 la formation, l\u2019employabilit\u00e9 et l\u2019entrepreneuriat, ainsi que le renforcement de l\u2019\u00e9quit\u00e9 territoriale. A cet \u00e9gard, je me r\u00e9jouis des efforts du gouvernement et la volont\u00e9 affich\u00e9e par les autorit\u00e9s s\u00e9n\u00e9galaises de mieux r\u00e9pondre aux pr\u00e9occupations des jeunes en les pla\u00e7ant au c\u0153ur des priorit\u00e9s de notre pays.<\/p>\n\n\n\n<p><strong>La politique restrictive de l\u2019Ue avec l\u2019externalisation de ses fronti\u00e8res dans certains Etats africains ne semble pas favoriser une meilleure gouvernance migratoire et ouvre la porte \u00e0 toutes sortes de trafics. N\u2019est-il pas temps de changer de pratique avec une gestion inclusive de cette probl\u00e9matique, prenant en compte les int\u00e9r\u00eats de chaque partie ?<\/strong><\/p>\n\n\n\n<p>Chacun peut avoir un point de vue sur l\u2019externalisation des proc\u00e9dures d\u2019admission et il est \u00e9vident que le sujet est controvers\u00e9, m\u00eame pour les Etats membres. C\u2019est dire que la bonne formule n\u2019est pas encore trouv\u00e9e. D\u2019o\u00f9 la n\u00e9cessit\u00e9 de poursuivre le dialogue avec tous les acteurs. Toujours est-il que la prise en charge efficace du ph\u00e9nom\u00e8ne ne pourrait se faire en l\u2019absence de solutions adapt\u00e9es tenant compte des causes profondes et des d\u00e9fis d\u2019ordres \u00e9conomique, politique, s\u00e9curitaire, environnemental qui poussent ces jeunes \u00e0 prendre tous les risques pour rejoindre l\u2019Europe.<\/p>\n\n\n\n<p><strong>La libre circulation pose probl\u00e8me m\u00eame en Afrique et au sein de r\u00e9gions comme la Cedeao malgr\u00e9 l\u2019existence du protocole 1979. Cela n\u2019est-il pas d\u00fb \u00e0 un manque de volont\u00e9 politique ?<\/strong><\/p>\n\n\n\n<p>Les textes fondateurs de la Cedeao consacrent la libre circulation des personnes, des biens, des services et des capitaux. De plus, l\u2019organisation continue de renforcer son arsenal juridique pour consolider cet acquis et en faire une des pierres angulaires de l\u2019int\u00e9gration sous-r\u00e9gionale. D\u2019abord par des instruments tels que le Protocole A\/P1\/5\/79 portant sur la libre circulation des personnes, le droit de r\u00e9sidence et d\u2019\u00e9tablissement, le Protocole A\/P\/3\/5\/82 portant code de citoyennet\u00e9 de la Communaut\u00e9 et les protocoles additionnels relatifs \u00e0 l\u2019ex\u00e9cution de ces mesures. Ensuite, par l\u2019institution d\u2019un passeport Cedeao avec la D\u00e9cision A\/Dec.1\/5\/2000 et l\u2019introduction, depuis 2014, d\u2019une carte d\u2019identit\u00e9 nationale biom\u00e9trique. En somme, la Cedeao a cr\u00e9\u00e9, d\u2019un point de vue l\u00e9gal et r\u00e9glementaire, les conditions pour assurer la libre circulation des personnes sur toute l\u2019\u00e9tendue de l\u2019espace communautaire.<\/p>\n\n\n\n<p>Si maintenant avec tous ces instruments, la libre circulation des personnes n\u2019est pas encore une r\u00e9alit\u00e9 en Afrique de l\u2019ouest, alors il est l\u00e9gitime de se poser des questions. Le cadre pour faciliter la libre circulation des personnes existe d\u00e9j\u00e0. Ce qui veut dire qu\u2019\u00e0 priori rien ne s\u2019oppose \u00e0 la mobilit\u00e9 des citoyens dans l\u2019espace Cedeao. Il faudrait peut-\u00eatre continuer \u00e0 sensibiliser les populations sur les opportunit\u00e9s que repr\u00e9sente ce large march\u00e9 d\u2019environ 400 millions de consommateurs et multiplier les initiatives transfrontali\u00e8res en vue de mieux assurer l\u2019application effective de certaines dispositions communautaires relatives \u00e0 la libre circulation des personnes.<\/p>\n\n\n\n<p><strong>L\u2019Union africaine \u00e0 certes un cadre de gouvernance de la migration. N\u00e9anmoins, elle ne dispose pas d\u2019une politique migratoire autour de laquelle s\u2019accordent les Etats africains. Au regard de votre exp\u00e9rience professionnelle, quelle est la meilleure approche pour pallier cela et permettre une meilleure mobilit\u00e9 des Africains en Afrique et que les Etats africains ne n\u00e9gocient pas s\u00e9par\u00e9ment avec les autres organisations du monde\u00a0?<\/strong><\/p>\n\n\n\n<p>L\u2019Union africaine, beaucoup l\u2019ignorent, dispose d\u2019un Protocole sur la libre circulation des personnes. Ledit protocole a \u00e9t\u00e9 soumis \u00e0 la signature des Etats membres en 2018 \u00e0 Kigali lors du Sommet extraordinaire sur la Zone de Libre-\u00e9change continentale africaine (Zlecaf). Le fait que le Trait\u00e9 instituant la Zlecaf soit entr\u00e9 en vigueur et que le Protocole sur la libre circulation des personnes qui l\u2019accompagne peine \u00e0 rassembler le minimum de signatures pour entrer en vigueur, est un \u00e9norme probl\u00e8me. Cela d\u00e9montre que le reflexe s\u00e9curitaire et le protectionnisme \u00e9conomique ont une certaine pr\u00e9gnance sur les relations interafricaines. Sur cette question, il serait pertinent de renforcer la voix des peuples africains, leur permettre de parler et d\u2019agir pour eux-m\u00eames sur les sujets touchant la libre circulation des personnes. L\u2019Ua gagnerait \u00e9galement \u00e0 s\u2019inspirer de l\u2019exp\u00e9rience des communaut\u00e9s \u00e9conomiques r\u00e9gionales sur la question, tout comme il lui serait utile d\u2019interagir plus fr\u00e9quemment avec elles sur le sujet en vue d\u2019une prise en charge coordonn\u00e9e et harmonieuse de la question migratoire.<\/p>\n\n\n\n<p><strong>Souvent les S\u00e9n\u00e9galais \u00e9tablis \u00e0 l\u2019\u00e9tranger se plaignent de l\u2019inaccessibilit\u00e9 de leurs autorit\u00e9s \u00e0 l\u2019\u00e9tranger. Est-ce le cas en Belgique ?<\/strong><\/p>\n\n\n\n<p>Les ambassades et consulats du S\u00e9n\u00e9gal sont investis d\u2019une mission de service public. Ce qui veut dire qu\u2019ils ne sauraient faire l\u2019objet, sans raisons justifi\u00e9es, d\u2019inaccessibilit\u00e9 pour nos concitoyens. Pour le cas de Bruxelles, mes collaborateurs et moi \u0153uvrons \u00e0 \u00eatre le plus proche possible des S\u00e9n\u00e9galais r\u00e9sidant en Belgique et au Luxembourg. Nous continuons \u00e9galement \u00e0 travailler pour faciliter davantage l\u2019acc\u00e8s \u00e0 des services de qualit\u00e9 par l\u2019utilisation des outils digitaux afin de permettre aux S\u00e9n\u00e9galais vivant dans la juridiction de disposer des toutes les informations pertinentes depuis leur lieu de r\u00e9sidence, sans n\u00e9cessairement avoir besoin d\u2019effectuer un d\u00e9placement.<\/p>\n\n\n\n<p>Nous recueillons aussi les avis partag\u00e9s sur les diff\u00e9rentes plateformes de l\u2019ambassade pour am\u00e9liorer la qualit\u00e9 du service, mais aussi pour corriger les \u00e9ventuels manquements soulev\u00e9s par les usagers. L\u2019ambassade entretient de tr\u00e8s bons rapports avec les S\u00e9n\u00e9\u00adgalais vivant en Belgique et au Luxembourg. Nous sommes en contact permanent avec toutes les associations qu\u2019elles soient \u00e0 caract\u00e8re social, religieux ou autre. L\u2019ambassade soutient les initiatives de nos compatriotes de la Belgique et de Luxem\u00adbourg, et nous participons, \u00e0 chaque fois que notre agenda le permet, aux activit\u00e9s organis\u00e9es par les S\u00e9n\u00e9galais de la juridiction.<\/p>\n\n\n\n<p><strong>Ils sont au nombre de combien, et b\u00e9n\u00e9ficient-ils des initiatives \u00e9tatiques en leur faveur pour favoriser leurs investissements et\/ou leur retour au pays ?<\/strong><\/p>\n\n\n\n<p>La Communaut\u00e9 s\u00e9n\u00e9galaise en Belgique est estim\u00e9e \u00e0 pr\u00e8s de 7500 personnes selon les derni\u00e8res donn\u00e9es officielles dont dispose l\u2019ambassade. Nos compatriotes r\u00e9sidant en Belgique, au m\u00eame titre que les autres S\u00e9n\u00e9galais de la diaspora, ont acc\u00e8s aux initiatives du gouvernement qui leur sont d\u00e9di\u00e9es. L\u2019ambassade met \u00e0 leur disposition toutes les informations pertinentes con\u00adcernant par exemple le Fonds d\u2019appui \u00e0 l\u2019investissement des S\u00e9n\u00e9galais de l\u2019ext\u00e9rieur ou le Fonds femmes de la diaspora. Nous travaillons \u00e9galement en \u00e9troite collaboration avec les autres services du minist\u00e8re de l\u2019Int\u00e9gration africaine et des affaires \u00e9trang\u00e8re pour assurer une prise en charge diligente des dossiers transmis \u00e0 nos services.<\/p>\n\n\n\n<p><strong>Quel message adressez-vous aux jeunes et familles des jeunes qui pensent que l\u2019Europe est la solution en risquant leur vie ?<\/strong><\/p>\n\n\n\n<p>Comme message, permettez-moi de relayer les propos du pr\u00e9sident de la R\u00e9publique suite au drame survenu au large de Mbour, le 11 septembre dernier. Sur les lieux du drame et s\u2019adressant aux jeunes S\u00e9n\u00e9galais tent\u00e9s par l\u2019aventure, il avait dit\u00a0: \u00abIl n\u2019y a pas de miracle. Tous les pays sont construits par des \u00eatres humains. Les gens ont connu la guerre, la dictature, la famine, la pauvret\u00e9, mais ils sont rest\u00e9s et se sont serr\u00e9 la ceinture pour travailler et changer le visage de leur pays. Ceux qui \u00e9tudient (les jeunes) doivent avoir la patience et savoir qu\u2019il y a un temps de formation, d\u2019apprentissage, d\u2019acquisition d\u2019exp\u00e9rience, de recherche du travail, avant de consid\u00e9rer qu\u2019il faut aller dans ce p\u00e9ril de l\u2019\u00e9migration irr\u00e9guli\u00e8re qui en dernier ressort ne doit pas \u00eatre la solution. Patriotisme, confiance en soi et en son pays, patience, pers\u00e9v\u00e9rance sont les ma\u00eetre-mots qui se d\u00e9gagent des propos du pr\u00e9sident de la R\u00e9publique. Je ne saurais leur recommander plus que \u00e7a comme viatique pour une vie harmonieuse.<\/p>\n\n\n\n<p>SOURCE LEQUOTIDIEN<\/p>\n","protected":false},"excerpt":{"rendered":"<p>Ambassadeur extraordinaire et pl\u00e9nipotentiaire du S\u00e9n\u00e9gal en Belgique, au Luxembourg et aupr\u00e8s de l\u2019Union europ\u00e9enne, Baye Moctar Diop \u00e9voque l\u2019actualit\u00e9<\/p>\n","protected":false},"author":1,"featured_media":45646,"comment_status":"open","ping_status":"open","sticky":false,"template":"","format":"standard","meta":{"footnotes":""},"categories":[3],"tags":[],"class_list":["post-45645","post","type-post","status-publish","format-standard","has-post-thumbnail","hentry","category-event-more-news"],"_links":{"self":[{"href":"https:\/\/dekkbi.com\/index.php?rest_route=\/wp\/v2\/posts\/45645","targetHints":{"allow":["GET"]}}],"collection":[{"href":"https:\/\/dekkbi.com\/index.php?rest_route=\/wp\/v2\/posts"}],"about":[{"href":"https:\/\/dekkbi.com\/index.php?rest_route=\/wp\/v2\/types\/post"}],"author":[{"embeddable":true,"href":"https:\/\/dekkbi.com\/index.php?rest_route=\/wp\/v2\/users\/1"}],"replies":[{"embeddable":true,"href":"https:\/\/dekkbi.com\/index.php?rest_route=%2Fwp%2Fv2%2Fcomments&post=45645"}],"version-history":[{"count":2,"href":"https:\/\/dekkbi.com\/index.php?rest_route=\/wp\/v2\/posts\/45645\/revisions"}],"predecessor-version":[{"id":45695,"href":"https:\/\/dekkbi.com\/index.php?rest_route=\/wp\/v2\/posts\/45645\/revisions\/45695"}],"wp:featuredmedia":[{"embeddable":true,"href":"https:\/\/dekkbi.com\/index.php?rest_route=\/wp\/v2\/media\/45646"}],"wp:attachment":[{"href":"https:\/\/dekkbi.com\/index.php?rest_route=%2Fwp%2Fv2%2Fmedia&parent=45645"}],"wp:term":[{"taxonomy":"category","embeddable":true,"href":"https:\/\/dekkbi.com\/index.php?rest_route=%2Fwp%2Fv2%2Fcategories&post=45645"},{"taxonomy":"post_tag","embeddable":true,"href":"https:\/\/dekkbi.com\/index.php?rest_route=%2Fwp%2Fv2%2Ftags&post=45645"}],"curies":[{"name":"wp","href":"https:\/\/api.w.org\/{rel}","templated":true}]}}