{"id":4561,"date":"2022-12-08T12:11:26","date_gmt":"2022-12-08T12:11:26","guid":{"rendered":"https:\/\/dekkbi.com\/?p=4561"},"modified":"2022-12-08T12:11:27","modified_gmt":"2022-12-08T12:11:27","slug":"3eme-mandat-yen-a-marre-et-cie-sensibilisent-pour-la-preservation-de-la-paix","status":"publish","type":"post","link":"https:\/\/dekkbi.com\/?p=4561","title":{"rendered":"3\u00e8me mandat : Y\u2019en a marre et cie sensibilisent pour la pr\u00e9servation de la paix"},"content":{"rendered":"\n<p>Le Collectif \u00ab J\u00e0mm a G\u00ebn 3\u00e8me mandat \u00bb a initi\u00e9 des rencontres pour partager des fondements de son projet. Ces jeunes, qui s\u2019\u00e9rigent en bouclier contre un \u00e9ventuel troisi\u00e8me mandat de Macky Sall, ont \u00e9chang\u00e9 avec des organisations religieuses, celles de la soci\u00e9t\u00e9 civile, des centrales syndicales, des mouvements citoyens et activistes, et des artistes.<\/p>\n\n\n\n<p>Ces rencontres sont la premi\u00e8re phase d\u2019une s\u00e9rie de visites dont la plupart doit se tenir avec les chefs religieux du pays. Le Collectif \u00ab J\u00e0mm a G\u00ebn 3\u00e8me mandat \u00bb veut de cette mani\u00e8re vulgariser l\u2019initiative et faire adh\u00e9rer les leaders d\u2019opinion \u00e0 ce projet.<\/p>\n\n\n\n<p>\u00ab Ces rencontres ont pour objectif de f\u00e9d\u00e9rer toutes ces forces citoyennes autour de la pr\u00e9servation de la paix et de la stabilit\u00e9 du pays, pr\u00f4n\u00e9s par \u00ab J\u00e0mm a G\u00ebn 3\u00e8me mandat \u00bb depuis son lancement. Elles aboutiront \u00e0 la signature de la lettre adress\u00e9e au pr\u00e9sident de la R\u00e9publique et l\u2019adoption d\u2019une charte d\u2019adh\u00e9sion \u00bb a fait savoir le mouvement Y\u2019en a marre.<\/p>\n","protected":false},"excerpt":{"rendered":"<p>Le Collectif \u00ab J\u00e0mm a G\u00ebn 3\u00e8me mandat \u00bb a initi\u00e9 des rencontres pour partager des fondements de son projet.<\/p>\n","protected":false},"author":1,"featured_media":4562,"comment_status":"open","ping_status":"open","sticky":false,"template":"","format":"standard","meta":{"footnotes":""},"categories":[6],"tags":[],"class_list":["post-4561","post","type-post","status-publish","format-standard","has-post-thumbnail","hentry","category-politics"],"_links":{"self":[{"href":"https:\/\/dekkbi.com\/index.php?rest_route=\/wp\/v2\/posts\/4561","targetHints":{"allow":["GET"]}}],"collection":[{"href":"https:\/\/dekkbi.com\/index.php?rest_route=\/wp\/v2\/posts"}],"about":[{"href":"https:\/\/dekkbi.com\/index.php?rest_route=\/wp\/v2\/types\/post"}],"author":[{"embeddable":true,"href":"https:\/\/dekkbi.com\/index.php?rest_route=\/wp\/v2\/users\/1"}],"replies":[{"embeddable":true,"href":"https:\/\/dekkbi.com\/index.php?rest_route=%2Fwp%2Fv2%2Fcomments&post=4561"}],"version-history":[{"count":1,"href":"https:\/\/dekkbi.com\/index.php?rest_route=\/wp\/v2\/posts\/4561\/revisions"}],"predecessor-version":[{"id":4563,"href":"https:\/\/dekkbi.com\/index.php?rest_route=\/wp\/v2\/posts\/4561\/revisions\/4563"}],"wp:featuredmedia":[{"embeddable":true,"href":"https:\/\/dekkbi.com\/index.php?rest_route=\/wp\/v2\/media\/4562"}],"wp:attachment":[{"href":"https:\/\/dekkbi.com\/index.php?rest_route=%2Fwp%2Fv2%2Fmedia&parent=4561"}],"wp:term":[{"taxonomy":"category","embeddable":true,"href":"https:\/\/dekkbi.com\/index.php?rest_route=%2Fwp%2Fv2%2Fcategories&post=4561"},{"taxonomy":"post_tag","embeddable":true,"href":"https:\/\/dekkbi.com\/index.php?rest_route=%2Fwp%2Fv2%2Ftags&post=4561"}],"curies":[{"name":"wp","href":"https:\/\/api.w.org\/{rel}","templated":true}]}}