{"id":45603,"date":"2024-11-04T10:48:27","date_gmt":"2024-11-04T10:48:27","guid":{"rendered":"https:\/\/dekkbi.com\/?p=45603"},"modified":"2024-11-04T10:48:27","modified_gmt":"2024-11-04T10:48:27","slug":"liran-denonce-la-presence-destabilisatrice-des-etats-unis-au-moyen-orient","status":"publish","type":"post","link":"https:\/\/dekkbi.com\/?p=45603","title":{"rendered":"L\u2019Iran d\u00e9nonce la \u201cpr\u00e9sence d\u00e9stabilisatrice\u201d des Etats-Unis au Moyen-Orient"},"content":{"rendered":"\n<p>Le minist\u00e8re iranien des Affaires \u00e9trang\u00e8res a d\u00e9nonc\u00e9 lundi la \u201cpr\u00e9sence d\u00e9stabilisatrice\u201d des \u00c9tats-Unis au Moyen-Orient,\u00a0apr\u00e8s l\u2019annonce par Washington du d\u00e9ploiement dans la r\u00e9gion de bombardiers strat\u00e9giques B-52 pour d\u00e9fendre Isra\u00ebl, ennemi jur\u00e9 de la R\u00e9publique islamique.<\/p>\n\n\n\n<p><strong>A. FO\u00a0<\/strong>&#8211; \u00a0<strong>Source:<\/strong>\u00a0AFP\/Belga<\/p>\n\n\n\n<p>\u201cNous avons toujours pens\u00e9 que la pr\u00e9sence am\u00e9ricaine dans la r\u00e9gion \u00e9tait une pr\u00e9sence d\u00e9stabilisatrice\u201d, a d\u00e9clar\u00e9 le porte-parole du minist\u00e8re iranien des Affaires \u00e9trang\u00e8res, Esma\u00efl Bagha\u00ef, lors de sa conf\u00e9rence de presse hebdomadaire.<\/p>\n\n\n\n<h2 class=\"wp-block-heading\">\u201cDavantage de tension\u201d<\/h2>\n\n\n\n<p>Samedi, le Pentagone a annonc\u00e9 l\u2019arriv\u00e9e au Moyen-Orient d\u2019avions de combat am\u00e9ricains B-52, au lendemain de l\u2019annonce par le Pentagone de nouveaux d\u00e9ploiements militaires pour \u201cd\u00e9fendre Isra\u00ebl\u201d, proche alli\u00e9 des \u00c9tats-Unis, et mettre en garde l\u2019Iran. \u201cLe renforcement de la pr\u00e9sence (am\u00e9ricaine) va cr\u00e9er davantage de tension et n\u2019affectera certainement pas notre d\u00e9termination \u00e0 nous d\u00e9fendre\u201d, a ajout\u00e9 M. Bagha\u00ef, en r\u00e9ponse \u00e0 une question sur l\u2019arriv\u00e9e des bombardiers am\u00e9ricains.<\/p>\n\n\n\n<h2 class=\"wp-block-heading\">Riposte sur riposte<\/h2>\n\n\n\n<p>Le 26 octobre, des avions de combat isra\u00e9liens ont men\u00e9 des frappes sur des sites militaires en Iran, en repr\u00e9sailles\u00a0aux tirs de missiles iraniens contre Isra\u00ebl le 1\u1d49\u02b3 octobre. L\u2019Iran a fait \u00e9tat de \u201cd\u00e9g\u00e2ts limit\u00e9s\u201d et de quatre militaires tu\u00e9s ainsi que d\u2019un civil. L\u2019Iran a pr\u00e9sent\u00e9 son attaque du 1\u1d49\u02b3 octobre comme une riposte \u00e0 l\u2019assassinat de dirigeants des mouvements islamistes\u00a0Hezbollah\u00a0au Liban et\u00a0Hamas\u00a0dans le territoire palestinien de la bande de Gaza. Isra\u00ebl a mis en garde l\u2019Iran contre toute riposte \u00e0 son attaque,\u00a0tandis que T\u00e9h\u00e9ran a promis de r\u00e9pondre.<\/p>\n\n\n\n<h2 class=\"wp-block-heading\">Hezbollah et Hamas<\/h2>\n\n\n\n<p>L\u2019\u00e9change de menaces entre l\u2019Iran et Isra\u00ebl survient au moment o\u00f9 l\u2019arm\u00e9e isra\u00e9lienne est en guerre contre le Hezbollah et le Hamas, deux mouvements alli\u00e9s de l\u2019Iran. Le pr\u00e9sident iranien, Massoud Pezeshkian, a d\u00e9clar\u00e9 dimanche qu\u2019un \u00e9ventuel cessez-le-feu entre les alli\u00e9s de T\u00e9h\u00e9ran et Isra\u00ebl pourrait influer sur la riposte de son pays aux frappes isra\u00e9liennes.<\/p>\n\n\n\n<p>PAR 7\/7.BE<\/p>\n","protected":false},"excerpt":{"rendered":"<p>Le minist\u00e8re iranien des Affaires \u00e9trang\u00e8res a d\u00e9nonc\u00e9 lundi la \u201cpr\u00e9sence d\u00e9stabilisatrice\u201d des \u00c9tats-Unis au Moyen-Orient,\u00a0apr\u00e8s l\u2019annonce par Washington du<\/p>\n","protected":false},"author":1,"featured_media":45604,"comment_status":"open","ping_status":"open","sticky":false,"template":"","format":"standard","meta":{"footnotes":""},"categories":[51],"tags":[],"class_list":["post-45603","post","type-post","status-publish","format-standard","has-post-thumbnail","hentry","category-general"],"_links":{"self":[{"href":"https:\/\/dekkbi.com\/index.php?rest_route=\/wp\/v2\/posts\/45603","targetHints":{"allow":["GET"]}}],"collection":[{"href":"https:\/\/dekkbi.com\/index.php?rest_route=\/wp\/v2\/posts"}],"about":[{"href":"https:\/\/dekkbi.com\/index.php?rest_route=\/wp\/v2\/types\/post"}],"author":[{"embeddable":true,"href":"https:\/\/dekkbi.com\/index.php?rest_route=\/wp\/v2\/users\/1"}],"replies":[{"embeddable":true,"href":"https:\/\/dekkbi.com\/index.php?rest_route=%2Fwp%2Fv2%2Fcomments&post=45603"}],"version-history":[{"count":1,"href":"https:\/\/dekkbi.com\/index.php?rest_route=\/wp\/v2\/posts\/45603\/revisions"}],"predecessor-version":[{"id":45605,"href":"https:\/\/dekkbi.com\/index.php?rest_route=\/wp\/v2\/posts\/45603\/revisions\/45605"}],"wp:featuredmedia":[{"embeddable":true,"href":"https:\/\/dekkbi.com\/index.php?rest_route=\/wp\/v2\/media\/45604"}],"wp:attachment":[{"href":"https:\/\/dekkbi.com\/index.php?rest_route=%2Fwp%2Fv2%2Fmedia&parent=45603"}],"wp:term":[{"taxonomy":"category","embeddable":true,"href":"https:\/\/dekkbi.com\/index.php?rest_route=%2Fwp%2Fv2%2Fcategories&post=45603"},{"taxonomy":"post_tag","embeddable":true,"href":"https:\/\/dekkbi.com\/index.php?rest_route=%2Fwp%2Fv2%2Ftags&post=45603"}],"curies":[{"name":"wp","href":"https:\/\/api.w.org\/{rel}","templated":true}]}}