{"id":4558,"date":"2022-12-08T12:08:30","date_gmt":"2022-12-08T12:08:30","guid":{"rendered":"https:\/\/dekkbi.com\/?p=4558"},"modified":"2022-12-08T13:17:30","modified_gmt":"2022-12-08T13:17:30","slug":"defile-de-mode-chanel-illumine-dakar","status":"publish","type":"post","link":"https:\/\/dekkbi.com\/?p=4558","title":{"rendered":"D\u00e9fil\u00e9 de mode :La maison de mode fran\u00e7aise Chanel illumine Dakar"},"content":{"rendered":"\n<p>Chanel a litt\u00e9ralement investi la capitale s\u00e9n\u00e9galaise ces trois derniers jours. La collection M\u00e9tiers d\u2019art 2022 \/ 2023, sortie de l\u2019imagination de la directrice artistique, Virginie Viard, va continuer \u00e0 rayonner dans les esprits des 800 invit\u00e9s qui ont assist\u00e9 \u00e0 l\u2019\u00e9v\u00e8nement ce mardi.<\/p>\n\n\n\n<p>Mode, danse, musique et cin\u00e9ma ! Le d\u00e9fil\u00e9 M\u00e9tiers d\u2019art de Chanel \u00e0 Dakar aura \u00e9t\u00e9 remarquable. C\u2019est sous les arcades de l\u2019ancien Palais de justice du Cap Manuel que quelque 800 invit\u00e9s, tri\u00e9s sur le volet, ont pu assister \u00e0 la magie de ce d\u00e9fil\u00e9 haute couture. Des mannequins internationaux \u00e0 la silhouette filiforme, v\u00eatus des cr\u00e9ations chatoyantes de Chanel, une mise en sc\u00e8ne millim\u00e9tr\u00e9e, rien n\u2019a \u00e9t\u00e9 laiss\u00e9 au hasard pour ce moment o\u00f9 la marque fran\u00e7aise prend contact avec le continent africain. Un show que la maison fran\u00e7aise pr\u00e9pare depuis deux \u00e0 trois ans. \u00abLe d\u00e9fil\u00e9 d\u2019hier (Ndlr&nbsp;: mardi) \u00e9tait la vraie traduction de ce qu\u2019on voulait faire. Un \u00e9change, des rencontres, venir ici d\u00e9couvrir des gens avec qui on n\u2019avait pas travaill\u00e9 encore, pr\u00e9senter notre collection\u00bb, a expliqu\u00e9 le directeur de Chanel SAS, Bruno Pavlovsky, qui a rencontr\u00e9 des \u00e9tudiants de plusieurs \u00e9coles de formation du pays au lendemain du d\u00e9fil\u00e9. Et l\u2019exp\u00e9rience dakaroise est apparemment concluante puisque, selon Bruno Pavlovsky, \u00absi un jour, Chanel devait atterrir en Afrique, ce serait \u00e0 Dakar\u00bb.<\/p>\n\n\n\n<p>Premier d\u00e9fil\u00e9 de la maison en Afrique, la collection M\u00e9\u00adtiers d\u2019art 2022\/2023, pr\u00e9sent\u00e9 \u00e0 l\u2019ancien Palais de justice du Cap Manuel par quelque 65 mannequins, a \u00e9t\u00e9 fid\u00e8le \u00e0 l\u2019image de Chanel. \u00abNous avons pr\u00e9sent\u00e9 une collection propre \u00e0 Chanel, et qui incarne, au-del\u00e0 de la haute couture, ce que la marque peut faire de mieux. Sans tous les ateliers, on ne peut pas faire ce que l\u2019on fait. Et il y a quelques ann\u00e9es maintenant, on a pens\u00e9 que la meilleure mani\u00e8re de valoriser ces savoir-faire, c\u2019est de leur d\u00e9dier une collection\u00bb, expli\u00adque M. Pavlovsky. Initi\u00e9 par Karl Lagerfeld lui-m\u00eame, le d\u00e9fil\u00e9 M\u00e9tiers d\u2019art est devenu un moment important. Con\u00e7ue entre le studio de cr\u00e9ation de Chanel \u00e0 Paris et le19M, entre Paris et la porte d\u2019Aubervilliers, o\u00f9 onze Maisons d\u2019art de Chanel sont r\u00e9unies, la collection M\u00e9tiers d\u2019art rend hommage aux savoir-faire de la mode. Depuis 2002, elle a pris l\u2019habitude d\u2019\u00eatre pr\u00e9sent\u00e9e \u00e0 travers le monde.<\/p>\n\n\n\n<p><strong>Un esprit seventies<\/strong><br>La collection est ainsi travers\u00e9e par un esprit seventies. Une fa\u00e7on pour Virginie Viard, la directrice artistique de la marque, de demander \u00e0 tout ce qui fait la substance des ann\u00e9es 70 de venir rythmer nos existences d\u2019aujourd\u2019hui. \u00abAbon\u00addance de motifs v\u00e9g\u00e9taux, de lignes et de formes g\u00e9om\u00e9triques, profusion de couleurs chaudes, de sequins et de pampilles \u00e9tincelants, ou encore subtilit\u00e9\u0301 des jeux de dentelle : entre d\u00e9licatesse et allure, la collection M\u00e9tiers d\u2019art 2022\/23 Chanel-Dakar prend corps dans des manteaux longs et \u00e9troits, des pantalons moulants et \u00e9vas\u00e9s, des cols seventies, des souliers plateformes, des sweats bouffants, color\u00e9es et brod\u00e9s de fleurs, des tweeds multicolores ou des robes plus courtes devant que derri\u00e8re\u00bb, informe Chanel. Sous la main de Virginie Viard, Chanel a, une nouvelle fois, c\u00e9l\u00e9br\u00e9 le travail de ses petites mains, avec ses massifs de cam\u00e9lias, ses perles entrelac\u00e9es, ses for\u00eats de boutons-bijoux, ses \u00e9blouissements de sequins. \u00abL\u2019ancien Palais de justice de Dakar dans lequel non seulement le d\u00e9fil\u00e9\u0301, mais aussi une majeure partie du programme artistique qui lui est associ\u00e9, ont lieu, est l\u2019un des plus beaux endroits dans lequel il nous a \u00e9t\u00e9 donn\u00e9 de pr\u00e9senter une collection. Il s\u2019est impos\u00e9 comme une \u00e9vidence, comme une source d\u2019inspiration aussi\u00bb, souligne Mme Viard. Dans une ronde bien men\u00e9e, le d\u00e9fil\u00e9 a \u00e9t\u00e9 un pur ravissement pour les invit\u00e9s. En 20 mn, c\u2019\u00e9tait fait, mais le public subjugu\u00e9, mettra sans doute du temps \u00e0 oublier la magie de ce moment.<\/p>\n\n\n\n<p><strong>Briser les codes<\/strong><br>Impressionn\u00e9e mais lucide, la styliste s\u00e9n\u00e9galaise, Colle Ardo Sow, appr\u00e9cie \u00e0 sa juste valeur, le show de Chanel. \u00abCe d\u00e9fil\u00e9, c\u2019est l\u2019occasion d\u2019ouvrir les yeux et d\u2019am\u00e9liorer ce que nous faisons. On parle de Diouma Dieng, de Al Gu\u00e8ye etc., mais on n\u2019a encore rien fait. Et ils sont l\u00e0 parce que ces m\u00e9tiers d\u2019art sont justement pr\u00e9sents ici au S\u00e9n\u00e9gal. On commence \u00e0 peine \u00e0 utiliser le pagne tiss\u00e9. Mais il y a les pagnes que faisaient nos grand-m\u00e8res, les nothie, on ne les utilise m\u00eame pas\u00bb, indique la styliste. Artiste peintre de renom, Germaine Anta Gaye esp\u00e8re surtout que ce d\u00e9fil\u00e9 va contribuer \u00e0 \u00abbriser les codes et renouveler l\u2019inspiration\u00bb. \u00abCe n\u2019est pas forcement comme \u00e7a qu\u2019on voit l\u2019habillement, mais on doit savoir qu\u2019on ne peut pas \u00e9ternellement r\u00e9p\u00e9ter les m\u00eames choses\u00bb, souligne l\u2019artiste.<\/p>\n\n\n\n<p><strong>\u00abC\u2019est une grande chance pour le S\u00e9n\u00e9gal\u00bb<\/strong><br>\u00abC\u2019est une grande chance pour le S\u00e9n\u00e9gal. Le monde entier est l\u00e0 et les uns et les autres appr\u00e9cient le S\u00e9n\u00e9gal et font l\u2019\u00e9loge de la teranga\u00bb, se r\u00e9jouit le ministre de la Culture et du patrimoine historique. Aliou Sow salue \u00e9galement le choix du lieu. Le Palais du Cap Manuel, c\u00e9d\u00e9 \u00e0 son minist\u00e8re, abrite la Biennale de Dakar depuis quelques \u00e9ditions. Et le d\u00e9fil\u00e9 Channel est venu conforter cette vocation culturelle du lieu. \u00abOn pouvait faire le d\u00e9fil\u00e9 dans un h\u00f4tel, mais le Palais de justice a \u00e9t\u00e9 choisi car symbolisant un pan important de l\u2019histoire du S\u00e9n\u00e9gal. Chanel a proc\u00e9d\u00e9 \u00e0 la r\u00e9habilitation du b\u00e2timent et des alentours. Ils ont beaucoup investi et hier (Lundi), j\u2019ai sign\u00e9 un avenant avec eux, permettant de poursuivre ces efforts et initiatives en faveur du patrimoine historique s\u00e9n\u00e9galais et de la culture.\u00bb<\/p>\n\n\n\n<p><strong>Pluie de c\u00e9l\u00e9brit\u00e9s sur Dakar<\/strong><\/p>\n\n\n\n<p>Au-del\u00e0 du gotha de l\u2019establishment s\u00e9n\u00e9galais, l\u2019affluence de \u00abstars\u00bb a ce d\u00e9fil\u00e9 a \u00e9t\u00e9 notoire. La Premi\u00e8re dame Mar\u00e8me Faye Sall \u00e9tait aux c\u00f4t\u00e9s de la ministre des Affaires \u00e9trang\u00e8res, A\u00efssata Tall Sall, et de la ministre de l\u2019\u00c9conomie, Oulimata Sarr. Le corps diplomatique a \u00e9galement \u00e9t\u00e9 fortement repr\u00e9sent\u00e9. C\u00f4t\u00e9 people, c\u2019est sans nul doute la star am\u00e9ricaine, Pharell Williams, qui a cristallis\u00e9 les regards, ainsi que la top model, Naomi Campbell. Au total, plusieurs stars mondiales ont fait le d\u00e9placement comme l\u2019\u00e9crivain congolais, Alain Mabanckou, ou encore le basketteur de la Nba, Joakim Noah. Les chanteurs s\u00e9n\u00e9galais \u00e9taient aussi de la partie comme Nix, et Obree Daman qui a assur\u00e9 le show d\u2019ouverture du d\u00e9fil\u00e9 accompagn\u00e9 par les danseurs de l\u2019Ecole des sables, sur une chor\u00e9graphie de Dimitri Chamblas.<\/p>\n\n\n\n<p><strong>Un impact \u00e9conomique \u00e9norme<\/strong><br>En termes d\u2019impact \u00e9conomique, difficile de mettre un chiffre sur les activit\u00e9s impuls\u00e9es par Chanel durant ces trois jours d\u2019\u00e9v\u00e8nements. Aliou Sow, le ministre de la Culture et du patrimoine s\u2019y essaie un peu en relevant les avions affr\u00e9t\u00e9s, et les centaines d\u2019invit\u00e9s de marque. Alioune Mboup, jeune s\u00e9n\u00e9galais qui collabore sur les aspects logistiques avec Chanel depuis deux ans que se pr\u00e9pare le d\u00e9fil\u00e9, d\u00e9flore quelque peu le sujet en \u00e9non\u00e7ant que la mise \u00e0 la disposition des invit\u00e9s de quelque 300 v\u00e9hicules. Les h\u00f4tels Terrou bi et Sekou bi, privatis\u00e9s, l\u2019organisation a mobilis\u00e9 160 chambres dans chacun des h\u00f4tels du Pullman et de Radisson Blu ainsi que dans d\u2019autres h\u00f4tels de la ville. S\u2019y ajoutent, les autres inputs \u00e9conomiques de cette pr\u00e9sence de plus de 1000 invit\u00e9s dont 800 \u00e9trangers.<\/p>\n","protected":false},"excerpt":{"rendered":"<p>Chanel a litt\u00e9ralement investi la capitale s\u00e9n\u00e9galaise ces trois derniers jours. La collection M\u00e9tiers d\u2019art 2022 \/ 2023, sortie de<\/p>\n","protected":false},"author":1,"featured_media":4559,"comment_status":"open","ping_status":"open","sticky":false,"template":"","format":"standard","meta":{"footnotes":""},"categories":[26],"tags":[],"class_list":["post-4558","post","type-post","status-publish","format-standard","has-post-thumbnail","hentry","category-fait-divers"],"_links":{"self":[{"href":"https:\/\/dekkbi.com\/index.php?rest_route=\/wp\/v2\/posts\/4558","targetHints":{"allow":["GET"]}}],"collection":[{"href":"https:\/\/dekkbi.com\/index.php?rest_route=\/wp\/v2\/posts"}],"about":[{"href":"https:\/\/dekkbi.com\/index.php?rest_route=\/wp\/v2\/types\/post"}],"author":[{"embeddable":true,"href":"https:\/\/dekkbi.com\/index.php?rest_route=\/wp\/v2\/users\/1"}],"replies":[{"embeddable":true,"href":"https:\/\/dekkbi.com\/index.php?rest_route=%2Fwp%2Fv2%2Fcomments&post=4558"}],"version-history":[{"count":2,"href":"https:\/\/dekkbi.com\/index.php?rest_route=\/wp\/v2\/posts\/4558\/revisions"}],"predecessor-version":[{"id":4584,"href":"https:\/\/dekkbi.com\/index.php?rest_route=\/wp\/v2\/posts\/4558\/revisions\/4584"}],"wp:featuredmedia":[{"embeddable":true,"href":"https:\/\/dekkbi.com\/index.php?rest_route=\/wp\/v2\/media\/4559"}],"wp:attachment":[{"href":"https:\/\/dekkbi.com\/index.php?rest_route=%2Fwp%2Fv2%2Fmedia&parent=4558"}],"wp:term":[{"taxonomy":"category","embeddable":true,"href":"https:\/\/dekkbi.com\/index.php?rest_route=%2Fwp%2Fv2%2Fcategories&post=4558"},{"taxonomy":"post_tag","embeddable":true,"href":"https:\/\/dekkbi.com\/index.php?rest_route=%2Fwp%2Fv2%2Ftags&post=4558"}],"curies":[{"name":"wp","href":"https:\/\/api.w.org\/{rel}","templated":true}]}}