{"id":45547,"date":"2024-11-04T09:25:03","date_gmt":"2024-11-04T09:25:03","guid":{"rendered":"https:\/\/dekkbi.com\/?p=45547"},"modified":"2024-11-04T09:25:04","modified_gmt":"2024-11-04T09:25:04","slug":"ziguinchor-apres-sa-sortie-sur-linterdiction-dun-livre-polemique-sur-la-casamance-la-faction-mfdc-de-mangoukouro-flingue-ousmane-sonko","status":"publish","type":"post","link":"https:\/\/dekkbi.com\/?p=45547","title":{"rendered":"ZIGUINCHOR- apr\u00e8s sa sortie sur l\u2019interdiction d\u2019un livre pol\u00e9mique sur la Casamance : La faction MFDC de Mangoukouro \u00ab flingue \u00bb Ousmane Sonko"},"content":{"rendered":"\n<p><strong>La r\u00e9cente sortie du Premier Ministre Ousmane Sonko, t\u00eate de liste de la coalition PASTEF, sur l\u2019interdiction de la publication d\u2019un livre pol\u00e9mique sur la Casamance&nbsp; a soulev\u00e9&nbsp; la col\u00e8re de certains membres du Mouvement des Forces D\u00e9mocratique de la Casamance (MFDC) de la branche de Mangoukouro. Ces derniers se sont mobilis\u00e9s hier, dimanche, \u00e0 leur si\u00e8ge de Magoukouro dans la p\u00e9riph\u00e9rie de Ziguinchor pour apporter une r\u00e9plique \u00ab&nbsp;sal\u00e9e&nbsp;\u00bb \u00e0 Ousmane Sonko<\/strong>.<\/p>\n\n\n\n<p>Amidou Djiba, le porte-parole du MFDC de Mangoukouro qualifie de malencontreuse la sortie du Premier Ministre&nbsp; avant de souligner dans sa d\u00e9claration \u00ab Que cache-t-il quand il dit que ce livre ne sera jamais vendu au S\u00e9n\u00e9gal, qu\u2019ils ne feront jamais la promotion de ce livre ? \u00bb, s\u2019interroge M. Djiba qui estime qu\u2019Ousmane Sonko soul\u00e8ve une histoire&nbsp; qu\u2019il ne maitrise m\u00eame pas avant de lancer des piques. \u00ab Quand ce probl\u00e8me de la Casamance a surgi, il \u00e9tait encore adolescent\u2026 Il n\u2019avait pas le temps de connaitre l\u2019origine de ce probl\u00e8me\u00bb, mart\u00e8le-t-il. Et comme si cela ne suffisait pas, ce responsable du MFDC de Mangoukourouto de s\u2019interroger sur les motivations de l\u2019interdiction de la publication du livre en ces termes : \u00ab Ce livre-l\u00e0 dont on parle &nbsp;s\u2019il est vrai qu\u2019on n\u2019est pas en train de cacher quelque chose, qu\u2019on le publie. Chacun va s\u2019en approprier pour le lire mais qu\u2019il dise que ce livre ne sera pas vendu au S\u00e9n\u00e9gal. Mais pour quelle raison ? \u00bb, peste ce responsable du Mfdc qui avoue n\u2019avoir pas aucune id\u00e9e du contenu du livre.&nbsp; Toutefois, ces membres du MFDC de Mangoukouro&nbsp; se disent&nbsp; dispos\u00e9s \u00e0 discuter&nbsp; avec l\u2019Etat : \u00ab Nous tous, nous sommes dispos\u00e9s \u2026 \u00bb, lancent-ils avant de&nbsp; qualifier la situation actuelle en Casamance de ni paix ni guerre. \u00ab Nous avons tendu la main \u00e0 ce nouveau gouvernement mais jusque-l\u00e0, nous n\u2019avons rien entendu de leur part jusqu\u2019\u00e0 cette sortie malencontreuse \u2026 \u00bb, d\u00e9clare-t-il avant de manifester son pessimisme sur la paix en Casamance.&nbsp; \u00ab Ce probl\u00e8me casaman\u00e7ais&nbsp; n\u2019est pas un probl\u00e8me \u00e9conomique que l\u2019on brandit souvent, le probl\u00e8me est beaucoup plus profond que \u00e7a\u00bb, mart\u00e8le-t-il avant de remettre en cause le Plan Diomaye pour la Casamance.<\/p>\n\n\n\n<p>Rappelons que cette sortie des membres du Mfdc de Mangoukouro survient au lendemain de la d\u00e9claration de la t\u00eate de liste de la coalition PASTEF&nbsp; Ousmane Sonko lors du meeting organis\u00e9 par sa coalition Pastef \u00e0 Ziguinchor dans le cadre de la campagne \u00e9lectorale pour les l\u00e9gislatives du 17 Novembre. Il&nbsp; avait fait savoir qu\u2019il est hors de question de faire la promotion d\u2019un livre pol\u00e9mique sur la Casamance qui ne sera pas commercialis\u00e9, d\u00e9non\u00e7ant ainsi un projet de d\u00e9stabilisation . Ousmane SONKO avait d\u00e9clar\u00e9 ceci \u00ab Si cette Fran\u00e7aise veut \u00e9crire, elle n\u2019a qu\u2019\u00e0 aller \u00e9crire sur la Corse qui demande son ind\u00e9pendance. Elle n\u2019a qu\u2019\u00e0 \u00e9crire sur la Nouvelle Cal\u00e9donie qui r\u00e9clame son ind\u00e9pendance&nbsp; mais elle n\u2019a pas \u00e0 \u00e9crire sur le S\u00e9n\u00e9gal \u00bb, avant de mettre en garde contre tout projet de d\u00e9stabilisation sur un sujet qui concerne la s\u00e9curit\u00e9 nationale.&nbsp; Une sortie du leader du Pastef qui a fini d\u2019installer l\u2019ire chez ces membres du Mfdc de Mangoukouroto qui dans leur d\u00e9claration faite hier, dimanche, \u00e0 Ziguinchor se sont \u00ab acharn\u00e9s \u00bb sur le Premier Ministre Ousmane SonkO.<\/p>\n\n\n\n<p><strong>IGNACE NDEYE<\/strong><br>SUDQUOTIDIEN<\/p>\n\n\n\n<p><\/p>\n","protected":false},"excerpt":{"rendered":"<p>La r\u00e9cente sortie du Premier Ministre Ousmane Sonko, t\u00eate de liste de la coalition PASTEF, sur l\u2019interdiction de la publication<\/p>\n","protected":false},"author":1,"featured_media":45548,"comment_status":"open","ping_status":"open","sticky":false,"template":"","format":"standard","meta":{"footnotes":""},"categories":[26],"tags":[],"class_list":["post-45547","post","type-post","status-publish","format-standard","has-post-thumbnail","hentry","category-fait-divers"],"_links":{"self":[{"href":"https:\/\/dekkbi.com\/index.php?rest_route=\/wp\/v2\/posts\/45547","targetHints":{"allow":["GET"]}}],"collection":[{"href":"https:\/\/dekkbi.com\/index.php?rest_route=\/wp\/v2\/posts"}],"about":[{"href":"https:\/\/dekkbi.com\/index.php?rest_route=\/wp\/v2\/types\/post"}],"author":[{"embeddable":true,"href":"https:\/\/dekkbi.com\/index.php?rest_route=\/wp\/v2\/users\/1"}],"replies":[{"embeddable":true,"href":"https:\/\/dekkbi.com\/index.php?rest_route=%2Fwp%2Fv2%2Fcomments&post=45547"}],"version-history":[{"count":1,"href":"https:\/\/dekkbi.com\/index.php?rest_route=\/wp\/v2\/posts\/45547\/revisions"}],"predecessor-version":[{"id":45549,"href":"https:\/\/dekkbi.com\/index.php?rest_route=\/wp\/v2\/posts\/45547\/revisions\/45549"}],"wp:featuredmedia":[{"embeddable":true,"href":"https:\/\/dekkbi.com\/index.php?rest_route=\/wp\/v2\/media\/45548"}],"wp:attachment":[{"href":"https:\/\/dekkbi.com\/index.php?rest_route=%2Fwp%2Fv2%2Fmedia&parent=45547"}],"wp:term":[{"taxonomy":"category","embeddable":true,"href":"https:\/\/dekkbi.com\/index.php?rest_route=%2Fwp%2Fv2%2Fcategories&post=45547"},{"taxonomy":"post_tag","embeddable":true,"href":"https:\/\/dekkbi.com\/index.php?rest_route=%2Fwp%2Fv2%2Ftags&post=45547"}],"curies":[{"name":"wp","href":"https:\/\/api.w.org\/{rel}","templated":true}]}}