{"id":45544,"date":"2024-11-04T09:21:15","date_gmt":"2024-11-04T09:21:15","guid":{"rendered":"https:\/\/dekkbi.com\/?p=45544"},"modified":"2024-11-04T09:21:15","modified_gmt":"2024-11-04T09:21:15","slug":"creation-dune-maison-de-leconomie-solidaire-dans-chaque-departement-le-ministre-alioune-dione-innove","status":"publish","type":"post","link":"https:\/\/dekkbi.com\/?p=45544","title":{"rendered":"Cr\u00e9ation d\u2019une maison de l\u2019\u00e9conomie solidaire dans chaque d\u00e9partement : le ministre Alioune Dione innove"},"content":{"rendered":"\n<p>Le&nbsp; ministre de la Microfinance, de l\u2019\u00e9conomie sociale et solidaire a proc\u00e9d\u00e9 \u00e0 la remise d\u2019attestations aux organisations f\u00e9minines. Alioune Dione explique&nbsp;: \u00ab&nbsp;quand nous sommes venus au minist\u00e8re, nous avons pens\u00e9 \u00e0 la strat\u00e9gie de financement cible qui est la traduction de la vision du Pr\u00e9sident de la R\u00e9publique et de son Premier Ministre Ousmane Sonko, contenue dans le r\u00e9f\u00e9rentiel des politiques publiques qui constitue la transformation syst\u00e9mique vision 2050. Je voudrais remercier le Pr\u00e9sident de la R\u00e9publique et son Premier Ministre pour la confiance accord\u00e9e \u00e0 un fils de Bambey. Cette strat\u00e9gie cibl\u00e9e est une option qui va dans le sens de la rupture par rapport \u00e0 ce qui se faisait. Le financement se fera de fa\u00e7on cibl\u00e9e. C\u2019est&nbsp; ainsi que nous avons mis en place des crit\u00e8res avec les services techniques du minist\u00e8re&nbsp;\u00bb. Et de poursuivre&nbsp;: \u00ab&nbsp;Nous avons identifi\u00e9 un ensemble de crit\u00e8res dont le plus important est le fait de n\u2019avoir pas eu de financement ant\u00e9rieur parce que nous pensons \u00e0 l\u2019\u00e9quit\u00e9 sociale et \u00e0 l\u2019\u00e9quit\u00e9 territoriale. Il faut que nous mettons en \u0153uvre nos principes d\u2019\u00e9quit\u00e9\u2026C\u2019est dans ce sens que nous avons entam\u00e9 une&nbsp; premi\u00e8re phase qui concerne la r\u00e9gion de Diourbel, Dakar et Ziguinchor. Nous allons bient\u00f4t boucler ces trois r\u00e9gions&nbsp; \u00e0 travers l\u2019identification, le ciblage, la formation, le financement, la labellisation, la certification et la pr\u00e9-industrialisation. Ainsi, nous avons lanc\u00e9 la premi\u00e8re foire des produits de l\u2019\u00e9conomie sociale et solidaire&nbsp;\u00bb.<\/p>\n\n\n\n<p>Dans le m\u00eame sillage, le ministre dira&nbsp;: \u00ab&nbsp;Nous avons pens\u00e9 mettre en place pour chaque d\u00e9partement une maison de l\u2019\u00e9conomie sociale et solidaire pour permettre la structuration de la f\u00e9d\u00e9ration de ces organisations que nous appelons des g\u00e9n\u00e9rations.&nbsp; Nous sommes dans la premi\u00e8re g\u00e9n\u00e9ration de financement cible et ces g\u00e9n\u00e9rations vont pouvoir b\u00e9n\u00e9ficier de la maison de l\u2019\u00e9conomie sociale et solidaire dans chaque d\u00e9partement. Le Premier ministre a fait de l\u2019\u00e9conomie solidaire son fer de lance. Il me l\u2019a dit. Dans la vision S\u00e9n\u00e9gal 2050, la transformation syst\u00e9mique du S\u00e9n\u00e9gal, on a trois effets qu\u2019on nous a constitu\u00e9s et que nous avons l\u2019obligation de r\u00e9aliser. Il s\u2019agit de booster les produits de l\u2019\u00e9conomie sociale et solidaire pour faire parvenir aux acteurs et actrices des opportunit\u00e9s qui leur permettent de sortir de la pauvret\u00e9, d\u2019avoir assez de ressources pour pouvoir \u00e9pargner et faire des r\u00e9alisations&nbsp;\u00bb. Et de conclure&nbsp;: \u00ab&nbsp; On nous \u00e9galement demand\u00e9 de faire en sorte que cette \u00e9conomie sociale et solidaire puisse contribuer au d\u00e9veloppement des 8 p\u00f4les \u00e0 travers le Plan S\u00e9n\u00e9gal 2050. Pour le deuxi\u00e8me effet, il faudrait que nous puissions avoir une \u00e9conomie accessible. Avec le troisi\u00e8me effet, il faudrait mettre l\u2019accent sur l\u2019innovation sociale pour prendre en compte toutes les initiatives d\u2019entreprises sociales&nbsp;\u00bb.<\/p>\n\n\n\n<p><strong>ADAMA NDIAYE\u00a0<\/strong><br>SUDQUOTIDIEN<\/p>\n","protected":false},"excerpt":{"rendered":"<p>Le&nbsp; ministre de la Microfinance, de l\u2019\u00e9conomie sociale et solidaire a proc\u00e9d\u00e9 \u00e0 la remise d\u2019attestations aux organisations f\u00e9minines. Alioune<\/p>\n","protected":false},"author":1,"featured_media":45545,"comment_status":"open","ping_status":"open","sticky":false,"template":"","format":"standard","meta":{"footnotes":""},"categories":[3],"tags":[],"class_list":["post-45544","post","type-post","status-publish","format-standard","has-post-thumbnail","hentry","category-event-more-news"],"_links":{"self":[{"href":"https:\/\/dekkbi.com\/index.php?rest_route=\/wp\/v2\/posts\/45544","targetHints":{"allow":["GET"]}}],"collection":[{"href":"https:\/\/dekkbi.com\/index.php?rest_route=\/wp\/v2\/posts"}],"about":[{"href":"https:\/\/dekkbi.com\/index.php?rest_route=\/wp\/v2\/types\/post"}],"author":[{"embeddable":true,"href":"https:\/\/dekkbi.com\/index.php?rest_route=\/wp\/v2\/users\/1"}],"replies":[{"embeddable":true,"href":"https:\/\/dekkbi.com\/index.php?rest_route=%2Fwp%2Fv2%2Fcomments&post=45544"}],"version-history":[{"count":1,"href":"https:\/\/dekkbi.com\/index.php?rest_route=\/wp\/v2\/posts\/45544\/revisions"}],"predecessor-version":[{"id":45546,"href":"https:\/\/dekkbi.com\/index.php?rest_route=\/wp\/v2\/posts\/45544\/revisions\/45546"}],"wp:featuredmedia":[{"embeddable":true,"href":"https:\/\/dekkbi.com\/index.php?rest_route=\/wp\/v2\/media\/45545"}],"wp:attachment":[{"href":"https:\/\/dekkbi.com\/index.php?rest_route=%2Fwp%2Fv2%2Fmedia&parent=45544"}],"wp:term":[{"taxonomy":"category","embeddable":true,"href":"https:\/\/dekkbi.com\/index.php?rest_route=%2Fwp%2Fv2%2Fcategories&post=45544"},{"taxonomy":"post_tag","embeddable":true,"href":"https:\/\/dekkbi.com\/index.php?rest_route=%2Fwp%2Fv2%2Ftags&post=45544"}],"curies":[{"name":"wp","href":"https:\/\/api.w.org\/{rel}","templated":true}]}}