{"id":45534,"date":"2024-11-02T11:30:23","date_gmt":"2024-11-02T11:30:23","guid":{"rendered":"https:\/\/dekkbi.com\/?p=45534"},"modified":"2024-11-02T11:30:24","modified_gmt":"2024-11-02T11:30:24","slug":"les-leaders-de-jamm-ak-njarin-et-de-pastef-en-campagne-debat-a-distance","status":"publish","type":"post","link":"https:\/\/dekkbi.com\/?p=45534","title":{"rendered":"Les leaders de Jamm ak njari\u00f1 et de Pastef en campagne : D\u00c9BAT \u00c0 DISTANCE"},"content":{"rendered":"\n<p>Amadou Ba, t\u00eate de liste de \u00abJamm ak njari\u00f1\u00bb, r\u00e9agit \u00e0 l\u2019appel r\u00e9affirm\u00e9 par Ousmane Sonko, t\u00eate de liste de Pastef, pour tenir un d\u00e9bat avec lui. <\/p>\n\n\n\n<p>R\u00e9pondant favorablement \u00e0 cet appel renouvel\u00e9, M. Ba souhaite que cela se fasse \u00e0 travers \u00abdes travaux pratiques\u00bb. <\/p>\n\n\n\n<p>Par Amadou MBODJI  \u2013 Amadou Ba, t\u00eate de liste de \u00abJamm ak njari\u00f1\u00bb, a parl\u00e9 de l\u2019appel au d\u00e9bat public r\u00e9it\u00e9r\u00e9 par Ousmane Sonko. L\u2019ancien Pm a r\u00e9agi \u00e0 cet appel r\u00e9affirm\u00e9 par l\u2019actuel Pm ce jeudi \u00e0 Goudiry, dans le cadre de la campagne \u00e9lectorale. <\/p>\n\n\n\n<p>Cependant, Amadou Ba souhaite que ce soit \u00abplut\u00f4t des travaux pratiques\u00bb. Il entend par l\u00e0 \u00abqu\u2019au cours de cette campagne, (lui) comme Ousmane Sonko passent au peigne fin les r\u00e9alisations, les budgets investis, ce qui reste \u00e0 faire et \u00e0 \u00e9valuer, chacun de son c\u00f4t\u00e9, les politiques envisag\u00e9es dans le cadre du d\u00e9veloppement de nos territoires\u00bb.<\/p>\n\n\n\n<p>En clair, l\u2019ancien Pm de Macky Sall a \u00e9voqu\u00e9 un d\u00e9bat de \u00abproximit\u00e9\u00bb, qui aura le m\u00e9rite d\u2019\u00e9clairer l\u2019opinion sur la connaissance, mais surtout sur la ma\u00eetrise des initiatives pouvant pr\u00e9cipiter l\u2019essor du S\u00e9n\u00e9gal.<\/p>\n\n\n\n<p>Ba met aussi dans le panier \u00e0 discussion, le sujet relatif \u00e0 l\u2019\u00e9migration irr\u00e9guli\u00e8re. Le pr\u00e9sident  de la \u00abNouvelle Respon\u00adsabilit\u00e9\u00bb pense que \u00abceux qui promettaient de faire d\u00e9coller le pays en un temps record, une fois aux affaires, semblent aujourd\u2019hui en panne d\u2019id\u00e9es et d\u2019inspiration\u00bb.<\/p>\n\n\n\n<p> \u00abAu point de faire fuir nos enfants vers l\u2019\u00e9tranger \u00e0 la recherche de lendemains meilleurs.\u00bbAmadou Ba a enfin invit\u00e9 les acteurs politiques \u00e0 rompre avec \u00ables propos qui peuvent saper l\u2019unit\u00e9 de la Nation et les sc\u00e8nes de violences, qu\u2019elles soient verbales ou physiques\u00bb.Il d\u00e9nonce les sc\u00e8nes de violences.<\/p>\n\n\n\n<p>Les violences survenues ce mercredi \u00e0 Koungheul ont \u00e9t\u00e9 vivement d\u00e9nonc\u00e9es par le chef de l\u2019opposition, Amadou Ba.<\/p>\n\n\n\n<p> Sur sa page X, il a exprim\u00e9 sa r\u00e9probation. \u00abJe condamne fermement les r\u00e9cents actes de violences \u00e0 Koungheul et \u00e0 Dakar, et j\u2019appelle tous les acteurs politiques \u00e0 la retenue\u00bb, d\u00e9clare Amadou Ba.<\/p>\n\n\n\n<p>Ce dernier a soulign\u00e9 que la Coalition \u00abJamm ak njari\u00f1\u00bb milite pour une campagne \u00e9lectorale \u00abpacifique, ax\u00e9e sur les id\u00e9es et le respect mutuel\u00bb. Il invite ainsi tous les leaders politiques \u00e0 s\u2019engager dans un code de conduite. <\/p>\n\n\n\n<p>Qui \u00abbannit toute forme de violence, aspirant ainsi \u00e0 un S\u00e9n\u00e9gal pacifique et prosp\u00e8re\u00bb.La t\u00eate de liste de la coalition Pastef a r\u00e9it\u00e9r\u00e9, ce jeudi \u00e0 Kaolack, a r\u00e9it\u00e9r\u00e9 sa volont\u00e9 de d\u00e9battre avec son challenger de la liste \u00abJam ak njerin\u00bb. <\/p>\n\n\n\n<p>\u00abJ\u2019ai appris qu\u2019il est dans les parages. S\u2019il le desire, on peut l\u2019organiser (-le d\u00e9bat) \u00e0 Kaolack\u00bb, a d\u00e9clar\u00e9 Ousmane Sonko.<\/p>\n\n\n\n<p>ambodji@lequotidien.sn<\/p>\n","protected":false},"excerpt":{"rendered":"<p>Amadou Ba, t\u00eate de liste de \u00abJamm ak njari\u00f1\u00bb, r\u00e9agit \u00e0 l\u2019appel r\u00e9affirm\u00e9 par Ousmane Sonko, t\u00eate de liste de<\/p>\n","protected":false},"author":1,"featured_media":45196,"comment_status":"open","ping_status":"open","sticky":false,"template":"","format":"standard","meta":{"footnotes":""},"categories":[6],"tags":[],"class_list":["post-45534","post","type-post","status-publish","format-standard","has-post-thumbnail","hentry","category-politics"],"_links":{"self":[{"href":"https:\/\/dekkbi.com\/index.php?rest_route=\/wp\/v2\/posts\/45534","targetHints":{"allow":["GET"]}}],"collection":[{"href":"https:\/\/dekkbi.com\/index.php?rest_route=\/wp\/v2\/posts"}],"about":[{"href":"https:\/\/dekkbi.com\/index.php?rest_route=\/wp\/v2\/types\/post"}],"author":[{"embeddable":true,"href":"https:\/\/dekkbi.com\/index.php?rest_route=\/wp\/v2\/users\/1"}],"replies":[{"embeddable":true,"href":"https:\/\/dekkbi.com\/index.php?rest_route=%2Fwp%2Fv2%2Fcomments&post=45534"}],"version-history":[{"count":1,"href":"https:\/\/dekkbi.com\/index.php?rest_route=\/wp\/v2\/posts\/45534\/revisions"}],"predecessor-version":[{"id":45535,"href":"https:\/\/dekkbi.com\/index.php?rest_route=\/wp\/v2\/posts\/45534\/revisions\/45535"}],"wp:featuredmedia":[{"embeddable":true,"href":"https:\/\/dekkbi.com\/index.php?rest_route=\/wp\/v2\/media\/45196"}],"wp:attachment":[{"href":"https:\/\/dekkbi.com\/index.php?rest_route=%2Fwp%2Fv2%2Fmedia&parent=45534"}],"wp:term":[{"taxonomy":"category","embeddable":true,"href":"https:\/\/dekkbi.com\/index.php?rest_route=%2Fwp%2Fv2%2Fcategories&post=45534"},{"taxonomy":"post_tag","embeddable":true,"href":"https:\/\/dekkbi.com\/index.php?rest_route=%2Fwp%2Fv2%2Ftags&post=45534"}],"curies":[{"name":"wp","href":"https:\/\/api.w.org\/{rel}","templated":true}]}}