{"id":45526,"date":"2024-11-02T11:08:20","date_gmt":"2024-11-02T11:08:20","guid":{"rendered":"https:\/\/dekkbi.com\/?p=45526"},"modified":"2024-11-02T11:08:57","modified_gmt":"2024-11-02T11:08:57","slug":"bassirou-diomaye-faye-au-forum-dinvestissement-turco-senegalais-distanbul","status":"publish","type":"post","link":"https:\/\/dekkbi.com\/?p=45526","title":{"rendered":"Bassirou Diomaye Faye au Forum d\u2019investissement turco-s\u00e9n\u00e9galais d\u2019Istanbul"},"content":{"rendered":"\n<p>Dakar,  (APS) \u2013 Au deuxi\u00e8me jour de sa visite officielle en Turquie, le pr\u00e9sident Bassirou Diomaye Faye a particip\u00e9 \u00e0 l\u2019ouverture vendredi \u00e0 Istanbul du Forum d\u2019investissement Turquie-S\u00e9n\u00e9gal dont l\u2019objectif est de renforcer les liens \u00e9conomiques entre les deux pays, a-t-on appris de source officielle.<\/p>\n\n\n\n<p>Le chef de l\u2019Etat s\u00e9n\u00e9galais a notamment proc\u00e9d\u00e9 \u00e0 l\u2019ouverture de la rencontre en compagnie du vice-pr\u00e9sident de la R\u00e9publique de Turquie, Cevet Yilmaz, a indiqu\u00e9 la pr\u00e9sidence s\u00e9n\u00e9galaise.<\/p>\n\n\n\n<p>Dans un message publi\u00e9 sur le r\u00e9seau social X, elle assure que le forum vise \u00e0 renforcer les relations bilat\u00e9rales et \u00e0 encourager les investissements dans les secteurs cl\u00e9s comme l\u2019agro-industrie et l\u2019\u00e9nergie.<\/p>\n\n\n\n<p>La veille, le pr\u00e9sident s\u00e9n\u00e9galais, en visite officielle de deux jours en Turquie, et son homologue, Recep Tayyip Erdo\u011fan, ont sign\u00e9 \u00e0 Ankara un protocole d\u2019accord ouvrant la voie \u00e0 l\u2019av\u00e8nement d\u2019un conseil strat\u00e9gique de haut niveau appel\u00e9 \u00e0 travailler \u00e0 faire porter \u00e0 un milliard de dollars le volume des \u00e9changes commerciaux entre les deux pays.<\/p>\n\n\n\n<p>Il s\u2019agit \u00e0 travers ce nouveau cadre de faire passer les \u00e9changes commerciaux entre les deux pays de 500 millions de dollars \u00e0 1 milliard de dollars, selon la m\u00eame source.<\/p>\n\n\n\n<p><\/p>\n","protected":false},"excerpt":{"rendered":"<p>Dakar, (APS) \u2013 Au deuxi\u00e8me jour de sa visite officielle en Turquie, le pr\u00e9sident Bassirou Diomaye Faye a particip\u00e9 \u00e0<\/p>\n","protected":false},"author":1,"featured_media":45527,"comment_status":"open","ping_status":"open","sticky":false,"template":"","format":"standard","meta":{"footnotes":""},"categories":[6],"tags":[],"class_list":["post-45526","post","type-post","status-publish","format-standard","has-post-thumbnail","hentry","category-politics"],"_links":{"self":[{"href":"https:\/\/dekkbi.com\/index.php?rest_route=\/wp\/v2\/posts\/45526","targetHints":{"allow":["GET"]}}],"collection":[{"href":"https:\/\/dekkbi.com\/index.php?rest_route=\/wp\/v2\/posts"}],"about":[{"href":"https:\/\/dekkbi.com\/index.php?rest_route=\/wp\/v2\/types\/post"}],"author":[{"embeddable":true,"href":"https:\/\/dekkbi.com\/index.php?rest_route=\/wp\/v2\/users\/1"}],"replies":[{"embeddable":true,"href":"https:\/\/dekkbi.com\/index.php?rest_route=%2Fwp%2Fv2%2Fcomments&post=45526"}],"version-history":[{"count":1,"href":"https:\/\/dekkbi.com\/index.php?rest_route=\/wp\/v2\/posts\/45526\/revisions"}],"predecessor-version":[{"id":45528,"href":"https:\/\/dekkbi.com\/index.php?rest_route=\/wp\/v2\/posts\/45526\/revisions\/45528"}],"wp:featuredmedia":[{"embeddable":true,"href":"https:\/\/dekkbi.com\/index.php?rest_route=\/wp\/v2\/media\/45527"}],"wp:attachment":[{"href":"https:\/\/dekkbi.com\/index.php?rest_route=%2Fwp%2Fv2%2Fmedia&parent=45526"}],"wp:term":[{"taxonomy":"category","embeddable":true,"href":"https:\/\/dekkbi.com\/index.php?rest_route=%2Fwp%2Fv2%2Fcategories&post=45526"},{"taxonomy":"post_tag","embeddable":true,"href":"https:\/\/dekkbi.com\/index.php?rest_route=%2Fwp%2Fv2%2Ftags&post=45526"}],"curies":[{"name":"wp","href":"https:\/\/api.w.org\/{rel}","templated":true}]}}