{"id":45523,"date":"2024-11-02T11:04:26","date_gmt":"2024-11-02T11:04:26","guid":{"rendered":"https:\/\/dekkbi.com\/?p=45523"},"modified":"2024-11-02T11:04:27","modified_gmt":"2024-11-02T11:04:27","slug":"conflit-en-casamance-affaire-general-kande-les-mises-en-garde-de-sonko","status":"publish","type":"post","link":"https:\/\/dekkbi.com\/?p=45523","title":{"rendered":"Conflit en Casamance, affaire g\u00e9n\u00e9ral Kand\u00e9 : Les mises en garde de Sonko"},"content":{"rendered":"\n<p>Ousmane Sonko \u00e9tait \u00e0 Ziguinchor ce vendredi. Face \u00e0 ses militants, il a \u00e9voqu\u00e9 la question du conflit en Casamance. Le chef du Gouvernement a d\u00e9voil\u00e9 que des discussions sont en cours avec le Mfdc. Il a, cependant, \u00e9mis des mises en garde sur la question.<\/p>\n\n\n\n<figure class=\"wp-block-embed is-type-video is-provider-youtube wp-block-embed-youtube wp-embed-aspect-16-9 wp-has-aspect-ratio\"><div class=\"wp-block-embed__wrapper\">\n<iframe loading=\"lazy\" title=\"Conflit en Casamance, affaire g\u00e9n\u00e9ral kand\u00e9 : La mise en Garde muscl\u00e9e de Sonko\" width=\"800\" height=\"450\" src=\"https:\/\/www.youtube.com\/embed\/J-efEWMAxuU?feature=oembed\" frameborder=\"0\" allow=\"accelerometer; autoplay; clipboard-write; encrypted-media; gyroscope; picture-in-picture; web-share\" referrerpolicy=\"strict-origin-when-cross-origin\" allowfullscreen><\/iframe>\n<\/div><figcaption class=\"wp-element-caption\">SOURCE IGFM<\/figcaption><\/figure>\n\n\n\n<p><\/p>\n","protected":false},"excerpt":{"rendered":"<p>Ousmane Sonko \u00e9tait \u00e0 Ziguinchor ce vendredi. Face \u00e0 ses militants, il a \u00e9voqu\u00e9 la question du conflit en Casamance.<\/p>\n","protected":false},"author":1,"featured_media":45524,"comment_status":"open","ping_status":"open","sticky":false,"template":"","format":"standard","meta":{"footnotes":""},"categories":[6],"tags":[],"class_list":["post-45523","post","type-post","status-publish","format-standard","has-post-thumbnail","hentry","category-politics"],"_links":{"self":[{"href":"https:\/\/dekkbi.com\/index.php?rest_route=\/wp\/v2\/posts\/45523","targetHints":{"allow":["GET"]}}],"collection":[{"href":"https:\/\/dekkbi.com\/index.php?rest_route=\/wp\/v2\/posts"}],"about":[{"href":"https:\/\/dekkbi.com\/index.php?rest_route=\/wp\/v2\/types\/post"}],"author":[{"embeddable":true,"href":"https:\/\/dekkbi.com\/index.php?rest_route=\/wp\/v2\/users\/1"}],"replies":[{"embeddable":true,"href":"https:\/\/dekkbi.com\/index.php?rest_route=%2Fwp%2Fv2%2Fcomments&post=45523"}],"version-history":[{"count":1,"href":"https:\/\/dekkbi.com\/index.php?rest_route=\/wp\/v2\/posts\/45523\/revisions"}],"predecessor-version":[{"id":45525,"href":"https:\/\/dekkbi.com\/index.php?rest_route=\/wp\/v2\/posts\/45523\/revisions\/45525"}],"wp:featuredmedia":[{"embeddable":true,"href":"https:\/\/dekkbi.com\/index.php?rest_route=\/wp\/v2\/media\/45524"}],"wp:attachment":[{"href":"https:\/\/dekkbi.com\/index.php?rest_route=%2Fwp%2Fv2%2Fmedia&parent=45523"}],"wp:term":[{"taxonomy":"category","embeddable":true,"href":"https:\/\/dekkbi.com\/index.php?rest_route=%2Fwp%2Fv2%2Fcategories&post=45523"},{"taxonomy":"post_tag","embeddable":true,"href":"https:\/\/dekkbi.com\/index.php?rest_route=%2Fwp%2Fv2%2Ftags&post=45523"}],"curies":[{"name":"wp","href":"https:\/\/api.w.org\/{rel}","templated":true}]}}