{"id":45513,"date":"2024-11-01T11:24:08","date_gmt":"2024-11-01T11:24:08","guid":{"rendered":"https:\/\/dekkbi.com\/?p=45513"},"modified":"2024-11-01T11:29:25","modified_gmt":"2024-11-01T11:29:25","slug":"menaces-transfrontalieres-jean-baptiste-tine-appelle-a-une-cooperation-securitaire-regionale","status":"publish","type":"post","link":"https:\/\/dekkbi.com\/?p=45513","title":{"rendered":"Menaces transfrontali\u00e8res: Jean Baptiste Tine appelle \u00e0 une coop\u00e9ration s\u00e9curitaire r\u00e9gionale"},"content":{"rendered":"\n<p>Dakar,  (APS) \u2013 Le ministre de l\u2019Int\u00e9rieur et de la S\u00e9curit\u00e9 publique, Jean Baptiste Tine, a appel\u00e9, jeudi, \u00e0 une coop\u00e9ration s\u00e9curitaire r\u00e9gionale pour endiguer l\u2019ins\u00e9curit\u00e9 et les menaces transfrontali\u00e8res, qui d\u00e9passent les capacit\u00e9s de contr\u00f4le des \u00c9tats pris individuellement. \u201dL\u2019absence de perspective s\u00e9curitaire \u00e9largie limite l\u2019efficacit\u00e9 des r\u00e9ponses aux menaces contemporaines telles que la criminalit\u00e9 transnationale, le terrorisme et la cybercriminalit\u00e9 qui d\u00e9passent souvent les capacit\u00e9s de contr\u00f4le des \u00c9tats pris individuellement\u201d, a-t-il d\u00e9clar\u00e9.Selon lui, il est fondamental d\u2019\u00e9largir le cadre de coop\u00e9ration inter-\u00e9tats, de concentration et de construction, ainsi que la mise en \u0153uvre des mesures n\u00e9cessaires pour endiguer l\u2019ins\u00e9curit\u00e9.Jean Baptiste Tine s\u2019exprimait ainsi lors de la c\u00e9r\u00e9monie de remise de dipl\u00f4mes de Master 2 en Gouvernance s\u00e9curitaire, Criminologie et G\u00e9opolitique \u00e0 plus d\u2019une vingtaine d\u2019agents de la police nationale, dont trois civils.\u201dSeules des strat\u00e9gies r\u00e9gionales coh\u00e9rentes pourront r\u00e9pondre \u00e0 l\u2019ampleur et \u00e0 la complexit\u00e9 des d\u00e9fis actuels\u201d, a-t-il soutenu.<\/p>\n\n\n\n<p>Le ministre a aussi mis en avant le concept de \u2018\u2019r\u00e9gionalisme s\u00e9curitaire\u2019\u2019 comme une \u2018\u2019solution incontournable\u2019\u2019, alors que les r\u00e9ponses individuelles demeurent \u2018\u2019insuffisantes et parfois d\u00e9sorganis\u00e9es\u2019\u2019 pour s\u2019attaquer aux \u2018\u2019ins\u00e9curit\u00e9s multidimensionnelles\u2019\u2019.\u201dCette id\u00e9e de mutualisation des efforts s\u00e9curitaires, largement soutenue par la communaut\u00e9 internationale, favoriserait une r\u00e9activit\u00e9 accrue et permettrait de faire face \u00e0 des menaces qui transcendent les fronti\u00e8res \u00e9tatiques\u201d, a-t-il indiqu\u00e9.\u00c9voquant la responsabilit\u00e9 de chaque \u00c9tat de garantir la s\u00e9curit\u00e9 de ses citoyens, Jean Baptiste Tine a estim\u00e9 que les solutions classiques ax\u00e9es sur la force militaire sont d\u00e9sormais \u2018\u2019inadapt\u00e9es\u2019\u2019.Il a ainsi plaid\u00e9 pour une \u2018\u2019approche p\u00e9dagogique enrichie, plus ouverte et multidimensionnelle\u2019\u2019 pour remplacer les mod\u00e8les \u2018\u2019contraignants et peu concert\u00e9s\u2019\u2019.Selon lui, \u201dseule une approche collaborative et humaniste impliquant les citoyens et int\u00e9grant des valeurs \u00e9ducatives de paix et de respect, pourra durablement garantir la s\u00e9curit\u00e9 et pr\u00e9venir les menaces\u201d. \u201dL\u2019adoption d\u2019une strat\u00e9gie de s\u00e9curit\u00e9 partag\u00e9e est plus qu\u2019une option, c\u2019est un imp\u00e9ratif pour pr\u00e9server la stabilit\u00e9 de la r\u00e9gion et assurer un avenir plus serein \u00e0 chaque citoyen\u201d, a r\u00e9it\u00e9r\u00e9 le ministre de l\u2019Int\u00e9rieur devant un auditoire compos\u00e9 de diplomates, de hauts responsables de la Police et d\u2019autorit\u00e9s acad\u00e9miques.<\/p>\n\n\n\n<p>AN\/SBS\/AB\/ABB<\/p>\n","protected":false},"excerpt":{"rendered":"<p>Dakar, (APS) \u2013 Le ministre de l\u2019Int\u00e9rieur et de la S\u00e9curit\u00e9 publique, Jean Baptiste Tine, a appel\u00e9, jeudi, \u00e0 une<\/p>\n","protected":false},"author":1,"featured_media":42633,"comment_status":"open","ping_status":"open","sticky":false,"template":"","format":"standard","meta":{"footnotes":""},"categories":[6],"tags":[],"class_list":["post-45513","post","type-post","status-publish","format-standard","has-post-thumbnail","hentry","category-politics"],"_links":{"self":[{"href":"https:\/\/dekkbi.com\/index.php?rest_route=\/wp\/v2\/posts\/45513","targetHints":{"allow":["GET"]}}],"collection":[{"href":"https:\/\/dekkbi.com\/index.php?rest_route=\/wp\/v2\/posts"}],"about":[{"href":"https:\/\/dekkbi.com\/index.php?rest_route=\/wp\/v2\/types\/post"}],"author":[{"embeddable":true,"href":"https:\/\/dekkbi.com\/index.php?rest_route=\/wp\/v2\/users\/1"}],"replies":[{"embeddable":true,"href":"https:\/\/dekkbi.com\/index.php?rest_route=%2Fwp%2Fv2%2Fcomments&post=45513"}],"version-history":[{"count":1,"href":"https:\/\/dekkbi.com\/index.php?rest_route=\/wp\/v2\/posts\/45513\/revisions"}],"predecessor-version":[{"id":45514,"href":"https:\/\/dekkbi.com\/index.php?rest_route=\/wp\/v2\/posts\/45513\/revisions\/45514"}],"wp:featuredmedia":[{"embeddable":true,"href":"https:\/\/dekkbi.com\/index.php?rest_route=\/wp\/v2\/media\/42633"}],"wp:attachment":[{"href":"https:\/\/dekkbi.com\/index.php?rest_route=%2Fwp%2Fv2%2Fmedia&parent=45513"}],"wp:term":[{"taxonomy":"category","embeddable":true,"href":"https:\/\/dekkbi.com\/index.php?rest_route=%2Fwp%2Fv2%2Fcategories&post=45513"},{"taxonomy":"post_tag","embeddable":true,"href":"https:\/\/dekkbi.com\/index.php?rest_route=%2Fwp%2Fv2%2Ftags&post=45513"}],"curies":[{"name":"wp","href":"https:\/\/api.w.org\/{rel}","templated":true}]}}