{"id":45507,"date":"2024-11-01T10:35:38","date_gmt":"2024-11-01T10:35:38","guid":{"rendered":"https:\/\/dekkbi.com\/?p=45507"},"modified":"2024-11-01T10:35:38","modified_gmt":"2024-11-01T10:35:38","slug":"erdogan-notre-objectif-avec-le-pr-domaye-cest-datteindre-1-milliard-de-dollars","status":"publish","type":"post","link":"https:\/\/dekkbi.com\/?p=45507","title":{"rendered":"Erdogan : \u00abNotre objectif, avec le Pr. Domaye, c\u2019est d\u2019atteindre 1 milliard de dollars\u00bb"},"content":{"rendered":"\n<p>Le pr\u00e9sident Bassirou Diomaye Faye est actuellement en Turquie. Accueilli \u00e0 la pr\u00e9sidence par son homologue Recep Tayyip Erdo\u011fan, il a anim\u00e9 avec ce dernier, une conf\u00e9rence de presse conjointe.Ce jeudi, le Pr\u00e9sident Bassirou Diomaye Faye est l\u2019h\u00f4te du Pr\u00e9sident Recep Tayyip Erdo\u011fan. <\/p>\n\n\n\n<p>Face \u00e0 la presse, rapporte la pr\u00e9sidence turque sur son site web, le chef de l&rsquo;Etat turc a soulign\u00e9 qu&rsquo;en Afrique de l&rsquo;Ouest, c&rsquo;est avec le S\u00e9n\u00e9gal que son pays entretien les relations les plus \u00e9troites. \u00abNous partageons la m\u00eame vision sur de nombreuses questions. <\/p>\n\n\n\n<p>Nous venons de signer un m\u00e9morandum d&rsquo;entente qui \u00e9l\u00e8ve nos relations au niveau de partenariat strat\u00e9gique\u00bb, a annonc\u00e9 le chef de l\u2019Etat turc.<\/p>\n\n\n\n<p>Il a d\u00e9clar\u00e9 que lui et Diomaye ont discut\u00e9 des possibilit\u00e9s de coop\u00e9ration, notamment dans les domaines de \u00abl&rsquo;investissement et du commerce, de la s\u00e9curit\u00e9, de l&rsquo;industrie de la d\u00e9fense, de la lutte contre le terrorisme, de l&rsquo;\u00e9nergie, de l&rsquo;agriculture, de l&rsquo;urbanisme, de la culture et de l&rsquo;enseignement sup\u00e9rieur.\u00bb <\/p>\n\n\n\n<p>Ce que veulent les deux parties, c\u2019est surtout de porter les \u00e9changes \u00e0 plus d\u2019un milliard de dollars.\u00abNos relations commerciales et d&rsquo;investissement avec le S\u00e9n\u00e9gal ne cessent de cro\u00eetre. Le volume de nos \u00e9changes s\u2019est approch\u00e9 de 500 millions de dollars. <\/p>\n\n\n\n<p>Dans un premier temps, notre objectif est de 1 milliard de dollars. Nous sommes d&rsquo;accord avec mon cher ami pour atteindre rapidement cet objectif\u00bb, a d\u00e9clar\u00e9 le pr\u00e9sident turc.<\/p>\n\n\n\n<p>Sur le plan diplomatique, les deux pr\u00e9sidents ont, toujours la m\u00eame source, discut\u00e9 des mesures que la T\u00fcrkiye et le S\u00e9n\u00e9gal peuvent prendre \u00abcontre le g\u00e9nocide isra\u00e9lien dans les territoires palestiniens, en particulier dans la bande de Gaza\u00bb, indique la pr\u00e9sidence turque.<\/p>\n\n\n\n<p>Sur la question palestinienne, le Pr\u00e9sident Erdo\u011fan a jug\u00e9 pr\u00e9cieuse la position du S\u00e9n\u00e9gal favorisant la solution \u00e0 deux Etats. \u00abEt nous continuerons \u00e0 \u0153uvrer dans ce sens. Nous consid\u00e9rons qu&rsquo;il est de notre devoir fraternel et humanitaire de soutenir les peuples palestinien et libanais\u00bb, a-t-il ajout\u00e9<\/p>\n\n\n\n<p><\/p>\n","protected":false},"excerpt":{"rendered":"<p>Le pr\u00e9sident Bassirou Diomaye Faye est actuellement en Turquie. Accueilli \u00e0 la pr\u00e9sidence par son homologue Recep Tayyip Erdo\u011fan, il<\/p>\n","protected":false},"author":1,"featured_media":45508,"comment_status":"open","ping_status":"open","sticky":false,"template":"","format":"standard","meta":{"footnotes":""},"categories":[6],"tags":[],"class_list":["post-45507","post","type-post","status-publish","format-standard","has-post-thumbnail","hentry","category-politics"],"_links":{"self":[{"href":"https:\/\/dekkbi.com\/index.php?rest_route=\/wp\/v2\/posts\/45507","targetHints":{"allow":["GET"]}}],"collection":[{"href":"https:\/\/dekkbi.com\/index.php?rest_route=\/wp\/v2\/posts"}],"about":[{"href":"https:\/\/dekkbi.com\/index.php?rest_route=\/wp\/v2\/types\/post"}],"author":[{"embeddable":true,"href":"https:\/\/dekkbi.com\/index.php?rest_route=\/wp\/v2\/users\/1"}],"replies":[{"embeddable":true,"href":"https:\/\/dekkbi.com\/index.php?rest_route=%2Fwp%2Fv2%2Fcomments&post=45507"}],"version-history":[{"count":1,"href":"https:\/\/dekkbi.com\/index.php?rest_route=\/wp\/v2\/posts\/45507\/revisions"}],"predecessor-version":[{"id":45509,"href":"https:\/\/dekkbi.com\/index.php?rest_route=\/wp\/v2\/posts\/45507\/revisions\/45509"}],"wp:featuredmedia":[{"embeddable":true,"href":"https:\/\/dekkbi.com\/index.php?rest_route=\/wp\/v2\/media\/45508"}],"wp:attachment":[{"href":"https:\/\/dekkbi.com\/index.php?rest_route=%2Fwp%2Fv2%2Fmedia&parent=45507"}],"wp:term":[{"taxonomy":"category","embeddable":true,"href":"https:\/\/dekkbi.com\/index.php?rest_route=%2Fwp%2Fv2%2Fcategories&post=45507"},{"taxonomy":"post_tag","embeddable":true,"href":"https:\/\/dekkbi.com\/index.php?rest_route=%2Fwp%2Fv2%2Ftags&post=45507"}],"curies":[{"name":"wp","href":"https:\/\/api.w.org\/{rel}","templated":true}]}}