{"id":4547,"date":"2022-12-08T11:39:02","date_gmt":"2022-12-08T11:39:02","guid":{"rendered":"https:\/\/dekkbi.com\/?p=4547"},"modified":"2022-12-08T11:39:04","modified_gmt":"2022-12-08T11:39:04","slug":"le-communique-du-conseil-des-ministres-2","status":"publish","type":"post","link":"https:\/\/dekkbi.com\/?p=4547","title":{"rendered":"Le Communiqu\u00e9 du Conseil des ministres"},"content":{"rendered":"\n<p>Le Conseil des ministres s\u2019est tenu le mercredi 07 d\u00e9cembre 2022 au Palais de la R\u00e9publique, sous la pr\u00e9sidence du Chef de l\u2019Etat, son Excellence, Monsieur Macky SALL.<\/p>\n\n\n\n<p>A l\u2019entame de sa communication, le Pr\u00e9sident de la R\u00e9publique a adress\u00e9 ses encouragements aux joueurs de l\u2019\u00e9quipe nationale de Football et \u00e0 leur encadrement technique, suite \u00e0 la participation \u00ab honorable \u00bb des Lions \u00e0 la Coupe du Monde.<br><br>A cet \u00e9gard, le Chef de l\u2019Etat a salu\u00e9 l\u2019engagement des services de l\u2019Etat, notamment le Minist\u00e8re des Sports et le Minist\u00e8re des Finances et du Budget, ainsi que la mobilisation de la F\u00e9d\u00e9ration s\u00e9n\u00e9galaise de Football et de l\u2019ensemble des supporters qui, dans un \u00e9lan solidaire, ont accompagn\u00e9 l\u2019\u00e9quipe nationale durant sa participation au Mondial.<br><br>Par ailleurs, le Pr\u00e9sident de la R\u00e9publique a f\u00e9licit\u00e9 l\u2019\u00e9quipe du Royaume du Maroc pour sa brillante qualification aux quarts de finale du Mondial.<br><br>Abordant la densification de la carte universitaire et le d\u00e9veloppement de l\u2019enseignement sup\u00e9rieur, le Chef de l\u2019Etat a rappel\u00e9 l\u2019importance primordiale accord\u00e9e \u00e0 ce secteur dans le Plan S\u00e9n\u00e9gal \u00e9mergent, notamment dans le cadre de la pr\u00e9paration, du d\u00e9veloppement et de la valorisation du capital humain national.<br><br>Le Pr\u00e9sident de la R\u00e9publique a adress\u00e9 ses chaleureuses f\u00e9licitations au Ministre de l\u2019Enseignement sup\u00e9rieur, de la Recherche et de l\u2019Innovation, au Recteur de l\u2019Universit\u00e9 Amadou Makhtar Mbow (UAM), au corps professoral et aux \u00e9tudiants de ce nouvel \u00e9tablissement qui consacre la nouvelle ville de Diamniadio en P\u00f4le universitaire international avec ses infrastructures de derni\u00e8re g\u00e9n\u00e9ration.<br><br>Le Chef de l\u2019Etat a saisi cette occasion, pour rendre un vibrant hommage au Professeur Amadou Mahtar Mbow, Ancien Ministre de l\u2019Education nationale, ancien Directeur g\u00e9n\u00e9ral de l\u2019UNESCO, enseignant de r\u00e9f\u00e9rence et universitaire de renom, qui a consacr\u00e9, avec g\u00e9n\u00e9rosit\u00e9, sa vie au d\u00e9veloppement de l\u2019\u00e9ducation et de la culture au S\u00e9n\u00e9gal, en Afrique et dans le monde.<br><br>Le Pr\u00e9sident de la R\u00e9publique a remerci\u00e9 le Professeur Amadou Makhtar Mbow d\u2019avoir bien voulu faire don de sa biblioth\u00e8que de 10.000 ouvrages \u00e0 l\u2019UAM. D\u00e8s lors, le Chef de l\u2019Etat exhorte la communaut\u00e9 universitaire \u00e0 veiller au rayonnement de cette universit\u00e9 par la qualit\u00e9 des formations qui y sont dispens\u00e9es, le dynamisme des travaux de recherche qui y sont men\u00e9s, la maintenance des infrastructures et la pr\u00e9servation du cadre de vie dans l\u2019environnement global de la ville \u00e9mergente de Diamniadio.<br><br>Par ailleurs, le Pr\u00e9sident de la R\u00e9publique a rappel\u00e9 l\u2019urgence de finaliser le Plan de mont\u00e9e en puissance de cette deuxi\u00e8me universit\u00e9 publique dans la r\u00e9gion &#8211; capitale, Dakar, et d\u2019engager dans une logique d\u2019optimisation et de sp\u00e9cialisation : (i) la mise en coh\u00e9rence, avec les ISEP, des projets acad\u00e9miques, des formations, des ressources humaines, mat\u00e9rielles et financi\u00e8res ; (ii) la labellisation des campus en termes d\u2019architecture, de fonctionnalit\u00e9, de s\u00e9curit\u00e9, de cadre de vie et d\u2019accessibilit\u00e9 par les dessertes routi\u00e8res et les transports publics (bus et TER).<br><br>Le Chef de l\u2019Etat demande, en outre, au Premier Ministre et au Ministre de l\u2019Enseignement sup\u00e9rieur, de la Recherche et de l\u2019innovation de prendre toutes les dispositions pour assurer l\u2019installation dans les meilleures conditions des \u00e9tudiants et des enseignants dans les campus acad\u00e9mique et social de l\u2019UAM.<br><br>Enfin, le Pr\u00e9sident de la R\u00e9publique a demand\u00e9 au Ministre charg\u00e9 de l\u2019Enseignement sup\u00e9rieur de pr\u00e9senter en Conseil des Ministres, un rapport mensuel sur la situation acad\u00e9mique et sociale dans les universit\u00e9s et \u00e9tablissements d\u2019enseignement sup\u00e9rieurs publics.<br><br>Revenant sur la dynamique de d\u00e9centralisation et de dialogue des territoires, le Chef de l\u2019Etat a rappel\u00e9 l\u2019option irr\u00e9versible de la participation effective des populations au d\u00e9veloppement national dans l\u2019Unit\u00e9 de l\u2019Etat et la consolidation de la R\u00e9publique.<br><br>Le Pr\u00e9sident de la R\u00e9publique a demand\u00e9 au Gouvernement de consolider le dialogue permanent et constructif avec les collectivit\u00e9s territoriales, d\u00e9membrements territoriaux de l\u2019Etat.<br><br>Dans cet esprit, le Chef de l\u2019Etat a invit\u00e9, le Ministre de l\u2019Int\u00e9rieur et le Ministre charg\u00e9 des Collectivit\u00e9s territoriales \u00e0 veiller, dans une dynamique de renforcement durable des politiques de d\u00e9concentration et de d\u00e9centralisation, \u00e0 une application rigoureuse du contr\u00f4le de l\u00e9galit\u00e9 des actes des collectivit\u00e9s territoriales et une prise en charge optimale des comp\u00e9tences transf\u00e9r\u00e9es par l\u2019Etat en relation avec les fonds publics allou\u00e9s chaque ann\u00e9e.<br><br>Le Pr\u00e9sident de la R\u00e9publique a demand\u00e9 au Ministre des Collectivit\u00e9s territoriales de proc\u00e9der avec l\u2019ensemble des partenaires impliqu\u00e9s, \u00e0 l\u2019\u00e9valuation du niveau de mobilisation et des impacts sectoriels des ressources budg\u00e9taires allou\u00e9es aux Collectivit\u00e9s territoriales.<br><br>Le Chef de l\u2019Etat a signal\u00e9, par ailleurs, la n\u00e9cessit\u00e9 d\u2019\u00e9valuer les comp\u00e9tences et l\u2019action des d\u00e9partements, collectivit\u00e9s territoriales, pr\u00e8s de dix (10) ans apr\u00e8s leur cr\u00e9ation.<\/p>\n\n\n\n<p>PUBLICIT\u00c9<ins><\/ins><\/p>\n\n\n\n<p>https:\/\/googleads.g.doubleclick.net\/pagead\/ads?client=ca-pub-1061267829283799&#038;output=html&#038;h=280&#038;slotname=6278719341&#038;adk=1466347011&#038;adf=3261117346&#038;pi=t.ma~as.6278719341&#038;w=509&#038;fwrn=4&#038;fwrnh=100&#038;lmt=1670499502&#038;rafmt=1&#038;format=509&#215;280&#038;url=https%3A%2F%2Fwww.igfm.sn%2Fle-communique-du-conseil-des-ministres-48&#038;fwr=0&#038;fwrattr=true&#038;rpe=1&#038;resp_fmts=3&#038;wgl=1&#038;uach=WyJXaW5kb3dzIiwiMTAuMC4wIiwieDg2IiwiIiwiMTA4LjAuNTM1OS45NCIsW10sZmFsc2UsbnVsbCwiNjQiLFtbIk5vdD9BX0JyYW5kIiwiOC4wLjAuMCJdLFsiQ2hyb21pdW0iLCIxMDguMC41MzU5Ljk0Il0sWyJHb29nbGUgQ2hyb21lIiwiMTA4LjAuNTM1OS45NCJdXSxmYWxzZV0.&#038;dt=1670499450049&#038;bpp=61&#038;bdt=1012&#038;idt=832&#038;shv=r20221129&#038;mjsv=m202211300101&#038;ptt=9&#038;saldr=aa&#038;abxe=1&#038;cookie=ID%3Df5fa97493c43ae22-22244a17c0ce00da%3AT%3D1637497559%3ART%3D1637497559%3AS%3DALNI_MawPgO47VGtI3gINHSGggiZteXjFw&#038;gpic=UID%3D000005d7b8ec58a7%3AT%3D1651739786%3ART%3D1670496817%3AS%3DALNI_MZZpnk3TJ8E7hxQqhk6BDI7R7hVfw&#038;prev_fmts=0x0%2C338x303%2C509x280%2C338x303&#038;nras=1&#038;correlator=193418645518&#038;frm=20&#038;pv=1&#038;ga_vid=293515218.1670233785&#038;ga_sid=1670499450&#038;ga_hid=1598006154&#038;ga_fc=1&#038;ga_cid=2075730594.1585473493&#038;u_tz=0&#038;u_his=40&#038;u_h=409&#038;u_w=727&#038;u_ah=388&#038;u_aw=727&#038;u_cd=24&#038;u_sd=1.41&#038;dmc=4&#038;adx=29&#038;ady=4022&#038;biw=947&#038;bih=358&#038;scr_x=0&#038;scr_y=2589&#038;eid=44759876%2C44759927%2C44759842%2C44773810%2C44768832%2C31071078&#038;oid=2&#038;psts=AMjMPc2BCb6I6w4DZGymv5Ueuk7VmHtOHSycy5xFNJLjT094KMqBrMx14pUMfJwG8s_mbpHMsM5vNivWwt8vjjGM%2CAMjMPc3CzO9HXu9DjzIyl5dgNSzgV10Cx8HXrNJHaC_a2ah0oMxzr7qCJP1gO4EujCMND7UNTDPV-HX5HgS2vym7Yw%2CAMjMPc2BySQvpfI7zKtywJyCerBLqBuVQa8Hlk4DRFH0r_rDPGWuhl6DDwdmXA2dMsmZVMq7pOj50aEv_p08bjZaSQ&#038;pvsid=3163274678275504&#038;tmod=548012367&#038;uas=3&#038;nvt=1&#038;ref=https%3A%2F%2Fwww.igfm.sn%2F&#038;eae=0&#038;fc=1920&#038;brdim=0%2C0%2C0%2C0%2C727%2C0%2C727%2C388%2C969%2C380&#038;vis=1&#038;rsz=dM%7C%7Caebr%7Cp&#038;abl=XS&#038;pfx=0&#038;alvm=r20221130&#038;fu=1152&#038;bc=31&#038;ifi=3&#038;uci=a!3&#038;btvi=3&#038;fsb=1&#038;xpc=yPnpWPQ9gb&#038;p=https%3A\/\/www.igfm.sn&#038;dtd=52881<\/p>\n\n\n\n<p><br>Egalement, le Pr\u00e9sident de la R\u00e9publique a indiqu\u00e9 l\u2019urgence d\u2019accentuer la formation des \u00e9lus territoriaux et de professionnaliser les m\u00e9tiers dans les collectivit\u00e9s territoriales, avec le concours du Centre national de Fonction publique territoriale et de la formation.<br><br>Le Chef de l\u2019Etat a rappel\u00e9 au Ministre des Collectivit\u00e9s territoriales, l\u2019imp\u00e9ratif de stabiliser, dans chaque commune, la liste des quartiers officiels et de veiller, \u00e0 l\u2019image des chefs de villages, \u00e0 la reconsid\u00e9ration des missions, \u00e0 la valorisation des r\u00f4les, ainsi qu\u2019\u00e0 la r\u00e9\u00e9valuation des indemnit\u00e9s des D\u00e9l\u00e9gu\u00e9s de quartiers en relation avec les maires.<\/p>\n\n\n\n<p>PUBLICIT\u00c9<ins><\/ins><\/p>\n\n\n\n<p>https:\/\/googleads.g.doubleclick.net\/pagead\/ads?client=ca-pub-1061267829283799&#038;output=html&#038;h=280&#038;slotname=6278719341&#038;adk=1466347011&#038;adf=749620034&#038;pi=t.ma~as.6278719341&#038;w=509&#038;fwrn=4&#038;fwrnh=100&#038;lmt=1670499505&#038;rafmt=1&#038;format=509&#215;280&#038;url=https%3A%2F%2Fwww.igfm.sn%2Fle-communique-du-conseil-des-ministres-48&#038;fwr=0&#038;fwrattr=true&#038;rpe=1&#038;resp_fmts=3&#038;wgl=1&#038;uach=WyJXaW5kb3dzIiwiMTAuMC4wIiwieDg2IiwiIiwiMTA4LjAuNTM1OS45NCIsW10sZmFsc2UsbnVsbCwiNjQiLFtbIk5vdD9BX0JyYW5kIiwiOC4wLjAuMCJdLFsiQ2hyb21pdW0iLCIxMDguMC41MzU5Ljk0Il0sWyJHb29nbGUgQ2hyb21lIiwiMTA4LjAuNTM1OS45NCJdXSxmYWxzZV0.&#038;dt=1670499450165&#038;bpp=5&#038;bdt=1128&#038;idt=814&#038;shv=r20221129&#038;mjsv=m202211300101&#038;ptt=9&#038;saldr=aa&#038;abxe=1&#038;cookie=ID%3Df5fa97493c43ae22-22244a17c0ce00da%3AT%3D1637497559%3ART%3D1637497559%3AS%3DALNI_MawPgO47VGtI3gINHSGggiZteXjFw&#038;gpic=UID%3D000005d7b8ec58a7%3AT%3D1651739786%3ART%3D1670496817%3AS%3DALNI_MZZpnk3TJ8E7hxQqhk6BDI7R7hVfw&#038;prev_fmts=0x0%2C338x303%2C509x280%2C338x303%2C509x280&#038;nras=1&#038;correlator=193418645518&#038;frm=20&#038;pv=1&#038;ga_vid=293515218.1670233785&#038;ga_sid=1670499450&#038;ga_hid=1598006154&#038;ga_fc=1&#038;ga_cid=2075730594.1585473493&#038;u_tz=0&#038;u_his=40&#038;u_h=409&#038;u_w=727&#038;u_ah=388&#038;u_aw=727&#038;u_cd=24&#038;u_sd=1.41&#038;dmc=4&#038;adx=29&#038;ady=4757&#038;biw=947&#038;bih=358&#038;scr_x=0&#038;scr_y=3329&#038;eid=44759876%2C44759927%2C44759842%2C44773810%2C44768832%2C31071078&#038;oid=2&#038;psts=AMjMPc2BCb6I6w4DZGymv5Ueuk7VmHtOHSycy5xFNJLjT094KMqBrMx14pUMfJwG8s_mbpHMsM5vNivWwt8vjjGM%2CAMjMPc3CzO9HXu9DjzIyl5dgNSzgV10Cx8HXrNJHaC_a2ah0oMxzr7qCJP1gO4EujCMND7UNTDPV-HX5HgS2vym7Yw%2CAMjMPc2BySQvpfI7zKtywJyCerBLqBuVQa8Hlk4DRFH0r_rDPGWuhl6DDwdmXA2dMsmZVMq7pOj50aEv_p08bjZaSQ%2CAMjMPc2zA_PzFXWMNuTPfjy_eXRPObY5mCm7tAxWUN8l1dfNmwGARovojHswB_cS_BMdDEPGztxvk4n-N89lL-he&#038;pvsid=3163274678275504&#038;tmod=548012367&#038;uas=1&#038;nvt=1&#038;ref=https%3A%2F%2Fwww.igfm.sn%2F&#038;eae=0&#038;fc=1920&#038;brdim=0%2C0%2C0%2C0%2C727%2C0%2C727%2C388%2C969%2C380&#038;vis=1&#038;rsz=dM%7C%7Caebr%7Cp&#038;abl=XS&#038;pfx=0&#038;alvm=r20221130&#038;fu=1152&#038;bc=31&#038;ifi=4&#038;uci=a!4&#038;btvi=4&#038;fsb=1&#038;xpc=QbJKtF3ebl&#038;p=https%3A\/\/www.igfm.sn&#038;dtd=55068<\/p>\n\n\n\n<p>Dans cette perspective, le Pr\u00e9sident de la R\u00e9publique a inform\u00e9 le Conseil de sa rencontre pr\u00e9vue le dimanche 11 d\u00e9cembre 2022 avec les \u00e9lus territoriaux du S\u00e9n\u00e9gal dans le cadre de la Journ\u00e9e nationale de la d\u00e9centralisation, qui sera marqu\u00e9e par le renouvellement des bureaux de l\u2019Association des Maires du S\u00e9n\u00e9gal (AMS) et de l\u2019Association des d\u00e9partements du S\u00e9n\u00e9gal (ADS).<br><br>Sur le climat social et le suivi des affaires int\u00e9rieures, le Chef de l\u2019Etat a insist\u00e9 sur les dossiers suivants :<br><br>\u2022 la lutte contre les violences faites aux femmes :<br><br>en rappelant au Gouvernement la place fondamentale des femmes dans la vie politique, \u00e9conomique, sociale et culturelle du S\u00e9n\u00e9gal. Le Pr\u00e9sident de la R\u00e9publique a ainsi demand\u00e9 au Premier Ministre de prendre les dispositions requises pour assurer l\u2019application de toutes les mesures prises, depuis 2012,<br>pour lutter sans rel\u00e2che contre toutes formes de violences faites aux femmes, mais \u00e9galement promouvoir l\u2019autonomisation \u00e9conomique des femmes \u00e0 travers les diff\u00e9rents m\u00e9canismes et instruments mis en place par l\u2019Etat, la DER\/FJ en particulier.<br><br>Le Chef de l\u2019Etat a invit\u00e9, dans le m\u00eame temps, le Ministre de la Femme, de la Famille et de la Protection des Enfants de placer la prochaine Journ\u00e9e internationale de la Femme sous le th\u00e8me de la \u00ab Consolidation de l\u2019Engagement national contre les violences faites aux femmes \u00bb.<br><br>\u2022 l\u2019acc\u00e9l\u00e9ration du processus de Recasement des M\u00e9caniciens et des Professionnels de l\u2019Automobile :<br>en invitant le Premier Ministre et le Ministre de l\u2019Artisanat et de la<br>Transformation du Secteur informel de faire prendre toutes les dispositions urgentes pour la r\u00e9ception fonctionnelle des travaux de la Zone de recasement des M\u00e9caniciens et des professionnels de l\u2019Automobile \u00e0 S\u00e9bikhotane et l\u2019installation des premiers m\u00e9caniciens s\u00e9lectionn\u00e9s, au plus tard le 31 janvier<br>2023.<br><br>\u2022 l\u2019urgence d\u2019un programme de r\u00e9habilitation des anciens \u00e9tablissements scolaires publics :<br>en demandant au Premier Ministre, en relation avec les Ministres en charge de l\u2019Education nationale et de la formation professionnelle, de mettre en \u0153uvre un programme urgent de r\u00e9habilitation et de modernisation des anciens Lyc\u00e9es et<br>\u00e9tablissements scolaires, avec une phase prioritaire int\u00e9grant le cas urgent du Lyc\u00e9e Limamoulaye de Gu\u00e9diawaye.<br><br>\u2022 Le suivi des travaux du Bus Rapid Transit (BRT) :<br>en revenant sur sa visite sur les sites du projet et en rappelant au Premier Ministre et au Ministre charg\u00e9 des Infrastructures, d\u2019accomplir l\u2019ensemble des diligences n\u00e9cessaires \u00e0 la finalisation des travaux du BRT et \u00e0 la fonctionnalit\u00e9, dans les d\u00e9lais, de ce syst\u00e8me innovant et moderne de transport public.<\/p>\n\n\n\n<p>Au chapitre de son agenda diplomatique le Chef de l\u2019Etat a inform\u00e9 le Conseil, de sa participation, le 04 d\u00e9cembre \u00e0 Abuja, au 62\u00e8me Sommet des Chefs d\u2019Etat et de Gouvernement de la CEDEAO. A cette occasion, le Pr\u00e9sident de la R\u00e9publique a chaleureusement f\u00e9licit\u00e9 notre compatriote, le chanteur Omar PENE, laur\u00e9at du Prix d\u2019Excellence de la CEDEAO pour les Arts et la Culture en saluant le talent et l\u2019engagement de cet artiste panafricain, au r\u00e9pertoire riche et instructif.<br><br>Le Chef de l\u2019Etat est aussi revenu sur sa participation, le 05 d\u00e9cembre \u00e0 Abidjan, \u00e0 la 23\u00e8me session ordinaire de la Conf\u00e9rence des Chefs d\u2019Etat et de Gouvernement de<br>l\u2019UEMOA.<\/p>\n\n\n\n<p>AU TITRE DE LA COMMUNICATION DES MINISTRES<\/p>\n\n\n\n<p>\u2022 Le Ministre de la Sant\u00e9 et de l\u2019Action sociale a fait une communication sur la prise en charge des fistules obst\u00e9tricales au S\u00e9n\u00e9gal et l\u2019\u00e9tat d\u2019avancement des projets hospitaliers ;<br>\u2022 Le Ministre des Mines et de la G\u00e9ologie a fait une communication sur la r\u00e9union des ministres de la CEDEAO charg\u00e9 des Mines et de l\u2019\u00e9nergie ;<br>\u2022 Le Ministre du D\u00e9veloppement communautaire, de la Solidarit\u00e9 nationale et de l\u2019\u00e9quit\u00e9 sociale et territoriale a fait une communication sur l\u2019\u00e9tat d\u2019avancement des programmes PROMOVILLES, PUDC et PUMA.<\/p>\n\n\n\n<p>AU TITRE DES TEXTES LEGISLATIFS ET REGLEMENTAIRES<\/p>\n\n\n\n<p>Le Conseil a examin\u00e9 et adopt\u00e9 les textes suivants :<br>\u2022 le projet de d\u00e9cret portant approbation des statuts de la Soci\u00e9t\u00e9 nationale de Gestion int\u00e9gr\u00e9e des D\u00e9chets, en abr\u00e9g\u00e9 \u00ab SONAGED S.A \u00bb.<\/p>\n","protected":false},"excerpt":{"rendered":"<p>Le Conseil des ministres s\u2019est tenu le mercredi 07 d\u00e9cembre 2022 au Palais de la R\u00e9publique, sous la pr\u00e9sidence du<\/p>\n","protected":false},"author":1,"featured_media":0,"comment_status":"open","ping_status":"open","sticky":false,"template":"","format":"standard","meta":{"footnotes":""},"categories":[6],"tags":[],"class_list":["post-4547","post","type-post","status-publish","format-standard","hentry","category-politics"],"_links":{"self":[{"href":"https:\/\/dekkbi.com\/index.php?rest_route=\/wp\/v2\/posts\/4547","targetHints":{"allow":["GET"]}}],"collection":[{"href":"https:\/\/dekkbi.com\/index.php?rest_route=\/wp\/v2\/posts"}],"about":[{"href":"https:\/\/dekkbi.com\/index.php?rest_route=\/wp\/v2\/types\/post"}],"author":[{"embeddable":true,"href":"https:\/\/dekkbi.com\/index.php?rest_route=\/wp\/v2\/users\/1"}],"replies":[{"embeddable":true,"href":"https:\/\/dekkbi.com\/index.php?rest_route=%2Fwp%2Fv2%2Fcomments&post=4547"}],"version-history":[{"count":1,"href":"https:\/\/dekkbi.com\/index.php?rest_route=\/wp\/v2\/posts\/4547\/revisions"}],"predecessor-version":[{"id":4548,"href":"https:\/\/dekkbi.com\/index.php?rest_route=\/wp\/v2\/posts\/4547\/revisions\/4548"}],"wp:attachment":[{"href":"https:\/\/dekkbi.com\/index.php?rest_route=%2Fwp%2Fv2%2Fmedia&parent=4547"}],"wp:term":[{"taxonomy":"category","embeddable":true,"href":"https:\/\/dekkbi.com\/index.php?rest_route=%2Fwp%2Fv2%2Fcategories&post=4547"},{"taxonomy":"post_tag","embeddable":true,"href":"https:\/\/dekkbi.com\/index.php?rest_route=%2Fwp%2Fv2%2Ftags&post=4547"}],"curies":[{"name":"wp","href":"https:\/\/api.w.org\/{rel}","templated":true}]}}