{"id":45462,"date":"2024-10-31T10:09:12","date_gmt":"2024-10-31T10:09:12","guid":{"rendered":"https:\/\/dekkbi.com\/?p=45462"},"modified":"2024-10-31T10:09:13","modified_gmt":"2024-10-31T10:09:13","slug":"mbour-problematique-de-la-decentralisation-a-lheure-des-poles-territoires","status":"publish","type":"post","link":"https:\/\/dekkbi.com\/?p=45462","title":{"rendered":"#Mbour \u2013\u00a0Probl\u00e9matique de la d\u00e9centralisation : A l\u2019heure des p\u00f4les-territoires"},"content":{"rendered":"\n<p><strong>Dans le circuit depuis plus de 10 ans, les p\u00f4les-territoires vont \u00eatre les moteurs de la d\u00e9centralisation dans les prochains mois.<\/strong><\/p>\n\n\n\n<p>\u00a0Le ministre de l\u2019Urbanisme, des collectivit\u00e9s territoriales et de l\u2019am\u00e9nagement des territoires a rencontr\u00e9 les ex\u00e9cutifs territoriaux pour \u00e9changer sur les probl\u00e9matiques de la d\u00e9centralisation et du d\u00e9veloppement des territoires. Moussa Bala Fofana a pr\u00e9sid\u00e9, mardi \u00e0 Saly, un atelier d\u2019\u00e9changes et de partage avec les \u00e9lus et autres acteurs territoriaux sur les p\u00f4les-territoires. <\/p>\n\n\n\n<p>Apr\u00e8s la pr\u00e9sentation de S\u00e9n\u00e9gal 2050\u00a0aux S\u00e9n\u00e9galais par le pr\u00e9sident de la R\u00e9publique, qui est un agenda de transformation syst\u00e9mique pour un S\u00e9n\u00e9gal souverain, juste et prosp\u00e8re, Moussa Bala Fofana a rappel\u00e9 les axes \u00e0 travers lesquels ce changement pourrait s\u2019op\u00e9rer pour b\u00e2tir une \u00e9conomie comp\u00e9titive, endog\u00e8ne et durable, qui repose sur\u00a0les territoires et le capital\u00a0humain. D\u2019ailleurs, il a indiqu\u00e9 la voie \u00e0 suivre. \u00abIl s\u2019agit de partir de l\u2019am\u00e9nagement du territoire qui est durable pour porter le d\u00e9veloppement. Si nous analysons\u00a0 ces deux axes, nous comprenons l\u2019approche par les p\u00f4les-territoires, ces ensembles homog\u00e8nes et endog\u00e8nes qui ont des ressources sp\u00e9cifiques et g\u00e9n\u00e9riques, qui ont un capital humain et des acteurs qui sont capables de porter le d\u00e9veloppement. Les collectivit\u00e9s territoriales, l\u2019Etat, les priv\u00e9s et la Soci\u00e9t\u00e9 civile peuvent de mani\u00e8re concert\u00e9e analyser les formes et les forces de chaque p\u00f4le et d\u00e9finir les strat\u00e9gies de d\u00e9veloppement territoriales qui vont non seulement concilier les objectifs de l\u2019Etat central, mais surtout les enjeux au niveau territorial et les objectifs communautaires. Voil\u00e0 l\u2019importance de ce sujet majeur qui est comme un v\u00e9hicule qui va porter notre croissance et notre d\u00e9veloppement\u00bb, a assur\u00e9 Moussa Bala Fofana.<\/p>\n\n\n\n<p>Interpell\u00e9 sur le fait que ce projet est aussi l\u2019\u0153uvre du r\u00e9gime sortant et date de plus de 10 ans, le ministre de l\u2019Urbanisme, des collectivit\u00e9s territoriales et de l\u2019am\u00e9nagement des territoires d\u00e9clare\u00a0: \u00abL\u2019ensemble des acteurs ont toujours eu ce point de vue partag\u00e9 que nous devons aller vers des territoires comp\u00e9titifs qui doivent \u00eatre en mesure de porter le d\u00e9veloppement. Il y a une certaine unanimit\u00e9 autour de ce point. Ce qui y a manqu\u00e9\u00a0ces 10 derni\u00e8res ann\u00e9es, c\u2019\u00e9tait une volont\u00e9 politique et surtout une strat\u00e9gie de d\u00e9veloppement \u00e9conomique du S\u00e9n\u00e9gal qui devait \u00eatre endog\u00e8ne. Nous avons eu le Pse qui \u00e9tait tr\u00e8s orient\u00e9 vers l\u2019investissement direct \u00e9tranger. Aujourd\u2019hui, nous avons l\u2019Agenda 2050, qui est une strat\u00e9gie qui est recentr\u00e9e sur nous-m\u00eames et qui est orient\u00e9e vers l\u2019Afrique. D\u00e8s que \u00a0nous avons une strat\u00e9gie qui repose sur les forces et les formes de nos \u00e9conomies de territoires et qui s\u2019oriente vers le continent africain, il est \u00e9vident que les territoires deviennent les passages obligatoires que\u00a0 nous devons emprunter.\u00bb<\/p>\n\n\n\n<p>Mieux, il indique que le d\u00e9veloppement se fait \u00e0 la base. \u00abC\u2019est fait sur l\u2019analyse de nos ressources naturelles, l\u2019analyse des risques, des opportunit\u00e9s et la d\u00e9finition des strat\u00e9gies qui doivent \u00eatre port\u00e9es par les acteurs, et parmi ces acteurs, l\u2019Etat central qui est l\u00e0 pour accompagner. Voil\u00e0 ce qui permet d\u2019acc\u00e9l\u00e9rer le processus, parce que justement l\u2019Agenda 2050 est un agenda qui repose sur les p\u00f4les-territoires consid\u00e9r\u00e9s comme un v\u00e9hicule strat\u00e9gique qui va pouvoir porter la transformation syst\u00e9mique de ce pays.\u00bb<\/p>\n\n\n\n<p>Ainsi, le minist\u00e8re de l\u2019Urbanisme compte utiliser la m\u00e9thode qui serait pratique et qui &nbsp;permettrait d\u2019aller rapidement vers l\u2019essentiel. \u00abLe plus important, c\u2019est de pouvoir commencer le travail de d\u00e9veloppement au niveau des p\u00f4les-territoires. L\u2019objectif \u00e9tant non seulement de travailler sur la coh\u00e9rence entre l\u2019Agenda 2050 et le concept des p\u00f4les-territoires, ensuite pour chaque p\u00f4le territorial, travailler les grandes orientations de la strat\u00e9gie de d\u00e9veloppement territorial sp\u00e9cifique \u00e0 ce p\u00f4le-l\u00e0, mais aussi discuter des diff\u00e9rents mod\u00e8les qui devraient permettre aux acteurs de travailler ensemble. C\u2019est cela le fond de la gouvernance. Certains parlent de la mise en place d\u2019un \u00e9tablissement public territorial, d\u2019autres parlent d\u2019une collectivit\u00e9-territoire, d\u2019autres encore consid\u00e8rent qu\u2019on peut tout de suite, \u00e0 travers la loi sur l\u2019intercommunalit\u00e9, mettre en place un conseil d\u2019acteurs et un dispositif d\u2019action&nbsp;; ce qui nous permettrait assez rapidement de commencer le travail parce que le d\u00e9veloppement n\u2019attend pas et la pauvret\u00e9 continue \u00e0 faire des ravages dans nos communaut\u00e9s\u00bb, se projette le ministre.<\/p>\n\n\n\n<p>Par cons\u00e9quent, il exhorte les acteurs \u00e0 se mettre au travail. \u00abEt le plus \u00a0important pour les p\u00f4les-territoires, ce sont les strat\u00e9gies qui devront \u00eatre incub\u00e9es, travaill\u00e9es et port\u00e9es par les diff\u00e9rentes politiques sectorielles, et les adapter selon les sp\u00e9cificit\u00e9s, les \u00e9valuations. C\u2019est ce que les populations attendent\u00bb, rappelle-t-il.<\/p>\n\n\n\n<p>Par Alioune Badara CISS \u2013 <strong>abciss@lequotidien.sn<\/strong><\/p>\n","protected":false},"excerpt":{"rendered":"<p>Dans le circuit depuis plus de 10 ans, les p\u00f4les-territoires vont \u00eatre les moteurs de la d\u00e9centralisation dans les prochains<\/p>\n","protected":false},"author":1,"featured_media":45463,"comment_status":"open","ping_status":"open","sticky":false,"template":"","format":"standard","meta":{"footnotes":""},"categories":[3],"tags":[],"class_list":["post-45462","post","type-post","status-publish","format-standard","has-post-thumbnail","hentry","category-event-more-news"],"_links":{"self":[{"href":"https:\/\/dekkbi.com\/index.php?rest_route=\/wp\/v2\/posts\/45462","targetHints":{"allow":["GET"]}}],"collection":[{"href":"https:\/\/dekkbi.com\/index.php?rest_route=\/wp\/v2\/posts"}],"about":[{"href":"https:\/\/dekkbi.com\/index.php?rest_route=\/wp\/v2\/types\/post"}],"author":[{"embeddable":true,"href":"https:\/\/dekkbi.com\/index.php?rest_route=\/wp\/v2\/users\/1"}],"replies":[{"embeddable":true,"href":"https:\/\/dekkbi.com\/index.php?rest_route=%2Fwp%2Fv2%2Fcomments&post=45462"}],"version-history":[{"count":1,"href":"https:\/\/dekkbi.com\/index.php?rest_route=\/wp\/v2\/posts\/45462\/revisions"}],"predecessor-version":[{"id":45464,"href":"https:\/\/dekkbi.com\/index.php?rest_route=\/wp\/v2\/posts\/45462\/revisions\/45464"}],"wp:featuredmedia":[{"embeddable":true,"href":"https:\/\/dekkbi.com\/index.php?rest_route=\/wp\/v2\/media\/45463"}],"wp:attachment":[{"href":"https:\/\/dekkbi.com\/index.php?rest_route=%2Fwp%2Fv2%2Fmedia&parent=45462"}],"wp:term":[{"taxonomy":"category","embeddable":true,"href":"https:\/\/dekkbi.com\/index.php?rest_route=%2Fwp%2Fv2%2Fcategories&post=45462"},{"taxonomy":"post_tag","embeddable":true,"href":"https:\/\/dekkbi.com\/index.php?rest_route=%2Fwp%2Fv2%2Ftags&post=45462"}],"curies":[{"name":"wp","href":"https:\/\/api.w.org\/{rel}","templated":true}]}}