{"id":45441,"date":"2024-10-31T09:34:33","date_gmt":"2024-10-31T09:34:33","guid":{"rendered":"https:\/\/dekkbi.com\/?p=45441"},"modified":"2024-10-31T09:34:33","modified_gmt":"2024-10-31T09:34:33","slug":"un-reseau-dentreprises-cree-pour-faciliter-lacces-a-lemploi-des-personnes-en-situation-de-handicap","status":"publish","type":"post","link":"https:\/\/dekkbi.com\/?p=45441","title":{"rendered":"Un r\u00e9seau d\u2019entreprises cr\u00e9\u00e9 pour faciliter l\u2019acc\u00e8s \u00e0 l\u2019emploi des personnes en situation de handicap"},"content":{"rendered":"\n<p>Dakar,  (APS) \u2013 Le R\u00e9seau des entreprises inclusives du S\u00e9n\u00e9gal a entam\u00e9 ses activit\u00e9s, mercredi, \u00e0 Dakar, pour faciliter l\u2019acc\u00e8s \u00e0 l\u2019emploi des personnes en situation de handicap.<\/p>\n\n\n\n<p>C\u2019est une importante initiative en faveur de l\u2019acc\u00e8s des personnes en situation de handicap \u00e0 l\u2019emploi, a reconnu Moussa Thiar\u00e9, le pr\u00e9sident de la F\u00e9d\u00e9ration s\u00e9n\u00e9galaise des associations de personnes handicap\u00e9es (FSAHP).<\/p>\n\n\n\n<p>\u2018\u2019Depuis tr\u00e8s longtemps, on a une conception souvent n\u00e9gative de la personne en situation de handicap en mettant souvent en exergue ses limites au d\u00e9triment de la valorisation de ses comp\u00e9tences et de ses capacit\u00e9s\u2019\u2019, a dit M. Thiar\u00e9 lors du lancement des activit\u00e9s du R\u00e9seau des entreprises inclusives du S\u00e9n\u00e9gal.<\/p>\n\n\n\n<p>Ce r\u00e9seau \u2018\u2019va permettre certainement aux personnes handicap\u00e9es de faire valoir leur talent et leurs comp\u00e9tences en mati\u00e8re d\u2019emploi\u2019\u2019, esp\u00e8re le pr\u00e9sident de la FSAHP.<\/p>\n\n\n\n<p>Moussa Thiar\u00e9, d\u00e9sign\u00e9 d\u2019avance vice-pr\u00e9sident de la nouvelle organisation, dont le bureau sera constitu\u00e9 en d\u00e9cembre prochain, estime qu\u2019elle \u2018\u2019sera un cadre d\u2019\u00e9change d\u2019exp\u00e9riences et d\u2019approches en termes de recrutement pour les entreprises\u2019\u2019.<\/p>\n\n\n\n<p>Le r\u00e9seau va am\u00e9liorer les pratiques des entreprises en mati\u00e8re de recrutement de leur personnel, selon M. Thiar\u00e9.<\/p>\n\n\n\n<p>Selon Cheikh Seck, le directeur au S\u00e9n\u00e9gal de SightSavers, la cr\u00e9ation du r\u00e9seau d\u00e9di\u00e9 \u00e0 la promotion de l\u2019emploi des personnes vivant avec un handicap d\u00e9coule d\u2019une initiative du Bureau international du travail (BIT).<\/p>\n\n\n\n<p>SightSavers est pr\u00e9sent\u00e9e comme une organisation internationale charg\u00e9e de la protection des droits des personnes handicap\u00e9es, de l\u2019\u00e9ducation inclusive et de l\u2019acc\u00e8s aux soins des non-voyants. &nbsp;<\/p>\n\n\n\n<p>Le S\u00e9n\u00e9gal est le 39<sup>e&nbsp;<\/sup>pays membre du BIT \u00e0 avoir cr\u00e9\u00e9 un r\u00e9seau d\u2019entreprises en vue de la promotion de l\u2019emploi de cette cat\u00e9gorie sociale, selon M. Seck.<\/p>\n\n\n\n<p>Le r\u00f4le du r\u00e9seau est de pousser les entreprises \u00e0 prendre en compte le handicap et \u00e0 permettre aux personnes vivant avec d\u2019avoir un emploi d\u00e9cent, a-t-il pr\u00e9cis\u00e9 lors du lancement des activit\u00e9s de cette nouvelle organisation.<\/p>\n\n\n\n<p>Il s\u2019agira de recourir \u00e0 \u2018\u2019des m\u00e9canismes et \u00e0 des instruments de l\u2019\u00c9tat du S\u00e9n\u00e9gal pour promouvoir l\u2019emploi des personnes handicap\u00e9es\u2019\u2019, a ajout\u00e9 Cheikh Seck.<\/p>\n\n\n\n<p>Le S\u00e9n\u00e9gal a fait voter en 2010 une loi garantissant la protection des droits&nbsp;des personnes handicap\u00e9es, y compris le droit \u00e0 un emploi, a rappel\u00e9 le directeur de la protection et de la promotion des droits des personnes handicap\u00e9es au minist\u00e8re de la Sant\u00e9 et de l\u2019Action sociale, Mamadou Lamine Faty.<\/p>\n\n\n\n<p>En vertu de cette loi, au moins 15 % des emplois disponibles dans le pays doivent \u00eatre r\u00e9serv\u00e9s aux personnes vivant avec un handicap, a-t-il dit lors du lancement des activit\u00e9s du R\u00e9seau des entreprises inclusives du S\u00e9n\u00e9gal.<\/p>\n\n\n\n<p>Le nouveau r\u00e9seau est \u2018\u2019un m\u00e9canisme suppl\u00e9mentaire\u2019\u2019 de renforcement de la l\u00e9gislation de l\u2019\u00c9tat en faveur des personnes handicap\u00e9es, a signal\u00e9 Mamadou Lamine Faty.<\/p>\n\n\n\n<p>Il assure que le minist\u00e8re de la Sant\u00e9 et de l\u2019Action sociale va soutenir cette nouvelle initiative.<\/p>\n\n\n\n<p>Un comit\u00e9 a \u00e9t\u00e9 constitu\u00e9 pour pr\u00e9parer l\u2019assembl\u00e9e g\u00e9n\u00e9rale du r\u00e9seau pr\u00e9vue en d\u00e9cembre prochain, une rencontre au cours de laquelle seront d\u00e9sign\u00e9s les membres de son organe ex\u00e9cutif.<\/p>\n\n\n\n<p>Des entreprises susceptibles d\u2019offrir des emplois aux personnes vivant avec un handicap et de soutenir cette cause sont repr\u00e9sent\u00e9es au sein du comit\u00e9.<\/p>\n\n\n\n<p>ADL\/SBS\/ESF\/AKS<\/p>\n","protected":false},"excerpt":{"rendered":"<p>Dakar, (APS) \u2013 Le R\u00e9seau des entreprises inclusives du S\u00e9n\u00e9gal a entam\u00e9 ses activit\u00e9s, mercredi, \u00e0 Dakar, pour faciliter l\u2019acc\u00e8s<\/p>\n","protected":false},"author":1,"featured_media":45442,"comment_status":"open","ping_status":"open","sticky":false,"template":"","format":"standard","meta":{"footnotes":""},"categories":[21],"tags":[],"class_list":["post-45441","post","type-post","status-publish","format-standard","has-post-thumbnail","hentry","category-societe"],"_links":{"self":[{"href":"https:\/\/dekkbi.com\/index.php?rest_route=\/wp\/v2\/posts\/45441","targetHints":{"allow":["GET"]}}],"collection":[{"href":"https:\/\/dekkbi.com\/index.php?rest_route=\/wp\/v2\/posts"}],"about":[{"href":"https:\/\/dekkbi.com\/index.php?rest_route=\/wp\/v2\/types\/post"}],"author":[{"embeddable":true,"href":"https:\/\/dekkbi.com\/index.php?rest_route=\/wp\/v2\/users\/1"}],"replies":[{"embeddable":true,"href":"https:\/\/dekkbi.com\/index.php?rest_route=%2Fwp%2Fv2%2Fcomments&post=45441"}],"version-history":[{"count":1,"href":"https:\/\/dekkbi.com\/index.php?rest_route=\/wp\/v2\/posts\/45441\/revisions"}],"predecessor-version":[{"id":45443,"href":"https:\/\/dekkbi.com\/index.php?rest_route=\/wp\/v2\/posts\/45441\/revisions\/45443"}],"wp:featuredmedia":[{"embeddable":true,"href":"https:\/\/dekkbi.com\/index.php?rest_route=\/wp\/v2\/media\/45442"}],"wp:attachment":[{"href":"https:\/\/dekkbi.com\/index.php?rest_route=%2Fwp%2Fv2%2Fmedia&parent=45441"}],"wp:term":[{"taxonomy":"category","embeddable":true,"href":"https:\/\/dekkbi.com\/index.php?rest_route=%2Fwp%2Fv2%2Fcategories&post=45441"},{"taxonomy":"post_tag","embeddable":true,"href":"https:\/\/dekkbi.com\/index.php?rest_route=%2Fwp%2Fv2%2Ftags&post=45441"}],"curies":[{"name":"wp","href":"https:\/\/api.w.org\/{rel}","templated":true}]}}