{"id":4544,"date":"2022-12-08T11:35:46","date_gmt":"2022-12-08T11:35:46","guid":{"rendered":"https:\/\/dekkbi.com\/?p=4544"},"modified":"2022-12-08T11:35:48","modified_gmt":"2022-12-08T11:35:48","slug":"les-details-de-lincroyable-coup-detat-dejoue-en-allemagne","status":"publish","type":"post","link":"https:\/\/dekkbi.com\/?p=4544","title":{"rendered":"Les d\u00e9tails de l&rsquo;Incroyable coup d&rsquo;\u00e9tat d\u00e9jou\u00e9 en Allemagne"},"content":{"rendered":"\n<p>Un prince, d\u2019anciens soldats d\u2019\u00e9lite, une Russe et une ex-d\u00e9put\u00e9e d\u2019extr\u00eame droite organisaient un coup d\u2019\u00c9tat, selon le parquet.<\/p>\n\n\n\n<p>Un spectaculaire et tr\u00e8s m\u00e9diatique coup de filet dans la mouvance d\u2019extr\u00eame droite allemande a mis en lumi\u00e8re l\u2019existence d\u2019un complot visant \u00e0 organiser un coup d\u2019\u00c9tat dans le pays. L\u2019accusation, grave, a \u00e9t\u00e9 port\u00e9e le 7 d\u00e9cembre par le parquet f\u00e9d\u00e9ral du pays. Mercredi au matin, vingt-cinq membres et soutiens pr\u00e9sum\u00e9s d\u2019un groupe terroriste ont \u00e9t\u00e9 arr\u00eat\u00e9s dans sept des seize l\u00e4nder, ainsi qu\u2019en Autriche et en Italie. Une op\u00e9ration \u00e0 laquelle s\u2019ajoutent 150 perquisitions men\u00e9es dans onze r\u00e9gions et impliquant 52 pr\u00e9venus: il s\u2019agit de la plus importante offensive judiciaire men\u00e9e contre l\u2019extr\u00eame droite depuis des d\u00e9cennies, r\u00e9alis\u00e9e avec le concours de 3000 policiers.<br><br>Le groupe incrimin\u00e9 \u00abs\u2019\u00e9tait fix\u00e9 pour objectif d\u2019\u00e9liminer l\u2019ordre \u00e9tatique existant en Allemagne, l\u2019ordre fondamental lib\u00e9ral et d\u00e9mocratique, en recourant \u00e0 la violence et \u00e0 des moyens militaires\u00bb, a confirm\u00e9 dans l\u2019apr\u00e8s-midi le procureur g\u00e9n\u00e9ral, Peter Franck. Huit des meneurs ont \u00e9t\u00e9 plac\u00e9s en garde en vue, dont ses deux figures principales: le prince Henri XIII de Reuss, issu d\u2019une lign\u00e9e de souverains de Thuringe, et R\u00fcdiger von P., un ex-lieutenant-colonel de la Bundeswehr.<br><br><strong>Familiers des th\u00e9ories conspirationnistes<br><br><\/strong>Le premier, propri\u00e9taire d\u2019un ch\u00e2teau \u00e0 Bad Lobenstein, dans le centre du pays, \u00e9tait la vitrine politique du mouvement et pressenti pour devenir le nouveau chef d\u2019\u00c9tat allemand. Le second, dont l\u2019identit\u00e9 n\u2019est pas encore d\u00e9voil\u00e9e, \u00e9tait le repr\u00e9sentant de sa branche militaire, charg\u00e9 de recruter des hommes en vue du putsch. Les deux hommes, ainsi que leur entourage, \u00e9taient familiers des th\u00e9ories conspirationnistes, elles-m\u00eames nourries par le mouvement am\u00e9ricain d\u2019extr\u00eame droite QAnon, a pr\u00e9cis\u00e9 le parquet g\u00e9n\u00e9ral: selon eux, l\u2019Allemagne serait dirig\u00e9e par les membres d\u2019une clique appartenant \u00e0 un \u00c9tat profond malfaisant (deep state).<br><br>Ainsi, ces \u00abReich Burger\u00bb (citoyens du Reich qui refusent de payer l\u2019imp\u00f4t et d\u2019ob\u00e9ir \u00e0 la police) \u0153uvraient depuis novembre 2021 \u00e0 renverser cet \u00c9tat qu\u2019ils jugent ill\u00e9gitime. Leur premi\u00e8re mission \u00e9tait de prendre le Bundestag de force, \u00e0 l\u2019image des \u00e9meutiers am\u00e9ricains du Capitole, le 6 janvier 2021. Les putschistes pensaient \u00eatre aid\u00e9s dans leur t\u00e2che par une soci\u00e9t\u00e9 secr\u00e8te baptis\u00e9e \u00abl\u2019Alliance\u00bb, constitu\u00e9e par les \u00c9tats vainqueurs de la Seconde Guerre mondiale, en particulier la Russie, d\u00e9taille le parquet g\u00e9n\u00e9ral. La compagne du prince Henri XIII, une certaine Vitalia B., de citoyennet\u00e9 russe, aurait \u00e9t\u00e9 charg\u00e9e d\u2019approcher les relais du Kremlin. L\u2019ambassade de Russie \u00e0 Berlin a d\u00e9menti tout \u00ablien avec une quelconque organisation terroriste ou ill\u00e9gale en Allemagne\u00bb.<br><br><strong>L\u2019Allemagne n\u2019\u00e9tait pas s\u00e9rieusement menac\u00e9e d\u2019\u00eatre renvers\u00e9e<br><br><\/strong>En vue d\u2019exercer le pouvoir, les pr\u00e9venus regroup\u00e9s dans un \u00abconseil\u00bb avaient d\u00e9j\u00e0 constitu\u00e9 un mini-gouvernement, notamment constitu\u00e9 des cabinets de la justice, de la sant\u00e9 et des affaires ext\u00e9rieures, ajoute le parquet. Pour qualifier l\u2019op\u00e9ration, la Frankfuter Allgemeine Zeitung h\u00e9sitait mercredi entre la \u00abfarce\u00bb et \u00abl\u2019effroi\u00bb. \u00abL\u2019Allemagne n\u2019\u00e9tait pas s\u00e9rieusement menac\u00e9e d\u2019\u00eatre renvers\u00e9e\u00bb, rassurait le quotidien conservateur. L\u2019affaire a n\u00e9anmoins fait fr\u00e9mir la coalition au pouvoir, men\u00e9e par le SPD, les Verts et le FDP (lib\u00e9raux). La ministre de l\u2019Int\u00e9rieur, Nancy Faeser, a compar\u00e9 \u00abla menace terroriste\u00bb d\u2019extr\u00eame droite \u00e0 un \u00abab\u00eeme\u00bb.<br><br>Ses relais dans la mouvance antivaccins, ainsi que dans l\u2019arm\u00e9e et la police, sont connus de longue date. Mercredi, une perquisition a notamment vis\u00e9 une caserne abritant les commandos sp\u00e9ciaux (KSK), une formation d\u2019\u00e9lite de la Bundeswehr. Fourmili\u00e8re r\u00e9put\u00e9e de n\u00e9onazis, cette derni\u00e8re avait d\u00e9j\u00e0 \u00e9t\u00e9 r\u00e9form\u00e9e il y a deux ans.<br><br>Mais parmi les nombreuses ramifications &#8211; am\u00e9ricaine, russe, militaire &#8211; attach\u00e9es \u00e0 ce \u00abconseil\u00bb, l\u2019une a particuli\u00e8rement attir\u00e9 l\u2019attention du gouvernement, celle qui m\u00e8ne au parti d\u2019extr\u00eame droite AfD. Soup\u00e7onn\u00e9e de d\u00e9rives extr\u00e9mistes, cette formation a r\u00e9alis\u00e9, contre toute attente, un tr\u00e8s bon score lors de r\u00e9centes \u00e9lections dans l\u2019ouest de l\u2019Allemagne. Le prince septuag\u00e9naire Henri XIII est issu de Thuringe (ex-RDA), la r\u00e9gion abritant la frange la plus radicale de l\u2019AfD et son leader Bjorn Hocke. Parmi les personnes interpell\u00e9es, mercredi, figure une ancienne d\u00e9put\u00e9e f\u00e9d\u00e9rale du parti, Birgit Malsack-Winkemann, violemment antimigrants.<br><br>Le retour r\u00e9cent \u00e0 la vie civile de cette derni\u00e8re &#8211; en tant que juge \u00e0 Berlin &#8211; avait cr\u00e9\u00e9 une pol\u00e9mique au sein de la magistrature et chez certains dirigeants \u00e9cologistes. Ces derniers soup\u00e7onnent l\u2019extr\u00eame droite de vouloir coloniser la magistrature. En 2018, l\u2019AfD ainsi que le mouvement antimigrants Pegida avaient encourag\u00e9 leurs membres \u00e0 se pr\u00e9senter aux \u00e9lections des jur\u00e9s populaires, et Birgit Malsack-Winkemann \u00e9tait pressenti pour devenir ministre de la Justice du gouvernement putschiste.<br><br>\u00abLe fait qu\u2019une ancienne d\u00e9put\u00e9e soit apparemment impliqu\u00e9e dans cette enqu\u00eate m\u2019inqui\u00e8te beaucoup\u00bb, a comment\u00e9 le chef de la fraction SPD au Bundestag, Rolf M\u00fctzenich, accusant l\u2019AfD d\u2019avoir d\u00e9j\u00e0 collabor\u00e9 \u00e0 une agression contre l\u2019institution. \u00abCette affaire montre dans quel bourbier se trouve l\u2019AfD\u00bb, a rench\u00e9ri son homologue du FDP, Christian D\u00fcrr. D\u00e9sormais, la menace p\u00e8se d\u2019une mise sous surveillance du parti par les services de renseignement allemands. La pr\u00e9sidence de l\u2019AfD a r\u00e9agi sobrement aux accusations. \u00abNous condamnons les tentatives (d\u00e9jou\u00e9es mercredi, NDLR) et nous y opposons fermement. Il s\u2019agit maintenant d\u2019attendre les r\u00e9sultats de l\u2019enqu\u00eate\u00bb, a-t-elle d\u00e9clar\u00e9 dans un communiqu\u00e9. Pour sa part, l\u2019ex-d\u00e9put\u00e9e \u00abputschiste\u00bb n\u2019a fait aucun commentaire. Elle a \u00e9t\u00e9 exclue du tribunal de Berlin.<\/p>\n","protected":false},"excerpt":{"rendered":"<p>Un prince, d\u2019anciens soldats d\u2019\u00e9lite, une Russe et une ex-d\u00e9put\u00e9e d\u2019extr\u00eame droite organisaient un coup d\u2019\u00c9tat, selon le parquet. Un<\/p>\n","protected":false},"author":1,"featured_media":4545,"comment_status":"open","ping_status":"open","sticky":false,"template":"","format":"standard","meta":{"footnotes":""},"categories":[6],"tags":[],"class_list":["post-4544","post","type-post","status-publish","format-standard","has-post-thumbnail","hentry","category-politics"],"_links":{"self":[{"href":"https:\/\/dekkbi.com\/index.php?rest_route=\/wp\/v2\/posts\/4544","targetHints":{"allow":["GET"]}}],"collection":[{"href":"https:\/\/dekkbi.com\/index.php?rest_route=\/wp\/v2\/posts"}],"about":[{"href":"https:\/\/dekkbi.com\/index.php?rest_route=\/wp\/v2\/types\/post"}],"author":[{"embeddable":true,"href":"https:\/\/dekkbi.com\/index.php?rest_route=\/wp\/v2\/users\/1"}],"replies":[{"embeddable":true,"href":"https:\/\/dekkbi.com\/index.php?rest_route=%2Fwp%2Fv2%2Fcomments&post=4544"}],"version-history":[{"count":1,"href":"https:\/\/dekkbi.com\/index.php?rest_route=\/wp\/v2\/posts\/4544\/revisions"}],"predecessor-version":[{"id":4546,"href":"https:\/\/dekkbi.com\/index.php?rest_route=\/wp\/v2\/posts\/4544\/revisions\/4546"}],"wp:featuredmedia":[{"embeddable":true,"href":"https:\/\/dekkbi.com\/index.php?rest_route=\/wp\/v2\/media\/4545"}],"wp:attachment":[{"href":"https:\/\/dekkbi.com\/index.php?rest_route=%2Fwp%2Fv2%2Fmedia&parent=4544"}],"wp:term":[{"taxonomy":"category","embeddable":true,"href":"https:\/\/dekkbi.com\/index.php?rest_route=%2Fwp%2Fv2%2Fcategories&post=4544"},{"taxonomy":"post_tag","embeddable":true,"href":"https:\/\/dekkbi.com\/index.php?rest_route=%2Fwp%2Fv2%2Ftags&post=4544"}],"curies":[{"name":"wp","href":"https:\/\/api.w.org\/{rel}","templated":true}]}}