{"id":45423,"date":"2024-10-30T10:40:49","date_gmt":"2024-10-30T10:40:49","guid":{"rendered":"https:\/\/dekkbi.com\/?p=45423"},"modified":"2024-10-30T10:40:49","modified_gmt":"2024-10-30T10:40:49","slug":"neymar-ne-fera-pas-son-retour-avec-le-bresil-avant-2025","status":"publish","type":"post","link":"https:\/\/dekkbi.com\/?p=45423","title":{"rendered":"Neymar ne fera pas son retour avec le Br\u00e9sil avant 2025"},"content":{"rendered":"\n<p>De retour sur les terrains avec Al-Hilal depuis le 21\u00a0octobre, en accord avec la s\u00e9lection br\u00e9silienne, Neymar ne fera pas son retour en \u00e9quipe nationale avant 2025.<\/p>\n\n\n\n<p>La Sele\u00e7ao et Neymar ont d\u00e9cid\u00e9 d&rsquo;un commun accord que le joueur de 32\u00a0ans ne reviendrait en \u00e9quipe nationale qu&rsquo;en 2025, selon le m\u00e9dia br\u00e9silien\u00a0<em>Globo Esporte<\/em>. L&rsquo;attaquant, qui a fait\u00a0son retour sur les terrains avec Al-Hilal le 21\u00a0octobre\u00a0un an apr\u00e8s sa grave blessure au genou, ne figurera donc pas dans le groupe du Br\u00e9sil, annonc\u00e9 vendredi prochain, pour les matches contre le Venezuela et l&rsquo;Uruguay.<\/p>\n\n\n\n<p>Afin d&rsquo;\u00e9viter une reprise trop pr\u00e9coce et atteindre la meilleure forme physique, les deux parties ont d\u00e9cid\u00e9 de laisser Neymar gagner des minutes de jeu avec son club saoudien pour revenir en s\u00e9lection en mars 2025 lors des rencontres face \u00e0 l&rsquo;Argentine et la Colombie.<\/p>\n\n\n\n<p>SOURCE L&rsquo;EQUIPE<\/p>\n","protected":false},"excerpt":{"rendered":"<p>De retour sur les terrains avec Al-Hilal depuis le 21\u00a0octobre, en accord avec la s\u00e9lection br\u00e9silienne, Neymar ne fera pas<\/p>\n","protected":false},"author":1,"featured_media":44845,"comment_status":"open","ping_status":"open","sticky":false,"template":"","format":"standard","meta":{"footnotes":""},"categories":[9],"tags":[],"class_list":["post-45423","post","type-post","status-publish","format-standard","has-post-thumbnail","hentry","category-sports"],"_links":{"self":[{"href":"https:\/\/dekkbi.com\/index.php?rest_route=\/wp\/v2\/posts\/45423","targetHints":{"allow":["GET"]}}],"collection":[{"href":"https:\/\/dekkbi.com\/index.php?rest_route=\/wp\/v2\/posts"}],"about":[{"href":"https:\/\/dekkbi.com\/index.php?rest_route=\/wp\/v2\/types\/post"}],"author":[{"embeddable":true,"href":"https:\/\/dekkbi.com\/index.php?rest_route=\/wp\/v2\/users\/1"}],"replies":[{"embeddable":true,"href":"https:\/\/dekkbi.com\/index.php?rest_route=%2Fwp%2Fv2%2Fcomments&post=45423"}],"version-history":[{"count":1,"href":"https:\/\/dekkbi.com\/index.php?rest_route=\/wp\/v2\/posts\/45423\/revisions"}],"predecessor-version":[{"id":45424,"href":"https:\/\/dekkbi.com\/index.php?rest_route=\/wp\/v2\/posts\/45423\/revisions\/45424"}],"wp:featuredmedia":[{"embeddable":true,"href":"https:\/\/dekkbi.com\/index.php?rest_route=\/wp\/v2\/media\/44845"}],"wp:attachment":[{"href":"https:\/\/dekkbi.com\/index.php?rest_route=%2Fwp%2Fv2%2Fmedia&parent=45423"}],"wp:term":[{"taxonomy":"category","embeddable":true,"href":"https:\/\/dekkbi.com\/index.php?rest_route=%2Fwp%2Fv2%2Fcategories&post=45423"},{"taxonomy":"post_tag","embeddable":true,"href":"https:\/\/dekkbi.com\/index.php?rest_route=%2Fwp%2Fv2%2Ftags&post=45423"}],"curies":[{"name":"wp","href":"https:\/\/api.w.org\/{rel}","templated":true}]}}