{"id":45402,"date":"2024-10-30T10:02:04","date_gmt":"2024-10-30T10:02:04","guid":{"rendered":"https:\/\/dekkbi.com\/?p=45402"},"modified":"2024-10-30T10:02:05","modified_gmt":"2024-10-30T10:02:05","slug":"festival-face-aux-crises-qui-affectent-le-continent-africain-cinefemfest-prepare-une-reponse-feministe","status":"publish","type":"post","link":"https:\/\/dekkbi.com\/?p=45402","title":{"rendered":"Festival \u2013 Face aux crises qui affectent le continent africain : Cinefemfest pr\u00e9pare une r\u00e9ponse \u00abf\u00e9ministe\u00bb"},"content":{"rendered":"\n<p><strong>\u00abSolidarit\u00e9 transnationale et panafricaine, et cultures de non-violence\u00bb est le th\u00e8me retenu pour la deuxi\u00e8me \u00e9dition du Festival africain du film et de la recherche f\u00e9ministe, le Cinefemfest, qui se pr\u00e9pare activement. Pr\u00e9vu du 31 octobre au 3 novembre 2024 \u00e0 Toubab Dialaw, le festival aspire \u00e0 r\u00e9unir des militantes f\u00e9ministes du cin\u00e9ma, de la litt\u00e9rature, et des acteurs culturels pour pr\u00e9parer une r\u00e9ponse \u00abf\u00e9ministe\u00bb aux crises qui affectent le continent africain.&nbsp;<\/strong><strong>Par Ousmane SOW \u2013<\/strong><\/p>\n\n\n\n<p>Toubab Dialaw se pr\u00e9pare \u00e0 accueillir la deuxi\u00e8me \u00e9dition du festival Cinefemfest qui se d\u00e9roulera du 31 octobre au 3 novembre 2024. Plac\u00e9 sous le th\u00e8me&nbsp;: \u00abSolidarit\u00e9 transnationale et panafricaine, et cultures de non-violence\u00bb, cette ann\u00e9e, le festival mettra l\u2019accent sur la r\u00e9gion du Sahel, o\u00f9 les f\u00e9ministes affrontent des d\u00e9fis multidimensionnels, notamment des crises politiques, environnementales, s\u00e9curitaires et \u00e9conomiques, qui impactent profond\u00e9ment les secteurs de la recherche et de la culture. \u00abC\u2019est pourquoi le Cinefemfest 2024 aspire \u00e0 r\u00e9unir des militantes f\u00e9ministes et des acteurs culturels afin de redynamiser ces secteurs. Le festival se veut un lieu de rencontre et de collaboration pour pr\u00e9parer une r\u00e9ponse f\u00e9ministe aux crises qui affectent le continent\u00bb, ont annonc\u00e9 les organisateurs, dans un communiqu\u00e9 de presse. Initiative de Njegemaar Associates, le Cinefemfest se veut aussi un lieu d\u2019\u00e9ducation populaire, utilisant le cin\u00e9ma et les arts comme outils de sensibilisation et d\u2019apprentissage. \u00abL\u2019objectif principal du festival est de centrer le th\u00e8me de la solidarit\u00e9 f\u00e9ministe panafricaine transnationale\u00bb, pr\u00e9cise le document. En offrant une plateforme pour aborder des dynamiques de pouvoir li\u00e9es \u00e0 l\u2019ethnicit\u00e9, au genre, \u00e0 la race et \u00e0 la g\u00e9ographie, indique le document, \u00able Cinefemfest se propose de favoriser un sentiment d\u2019appartenance\u00bb au sein des communaut\u00e9s.<\/p>\n\n\n\n<p>La premi\u00e8re \u00e9dition avait \u00e9t\u00e9 un v\u00e9ritable succ\u00e8s, avec des figures qui \u00e9taient \u00e0 l\u2019honneur telles que Safi Faye, Khady Sylla, Fatou Kand\u00e9 Senghor, Johanna Makabi, Rama Thiaw, Mamyto Nakamura et Khardiata Pouye, offrant des moments d\u2019\u00e9changes enrichissants. Pour cette deuxi\u00e8me \u00e9dition, rappelle le communiqu\u00e9, des personnalit\u00e9s de renom seront \u00e0 l\u2019honneur, notamment l\u2019\u00e9crivaine Ken Bugul, la journaliste et documentariste Mame Woury Thioubou, la sociologue f\u00e9ministe professeure Fatou Sow, la r\u00e9alisatrice et sc\u00e9nariste Kalista Sy, ainsi que la journaliste et chercheuse Codou Bop. Des films de r\u00e9alisatrices s\u00e9n\u00e9galaises et d\u2019autres cin\u00e9astes africaines et fran\u00e7aises dont Ang\u00e8le Diabang, Fatou Warkha Samb, Katy L\u00e9na Ndiaye, Laure Mal\u00e9cot, la Malienne Rokia Konat\u00e9, la Gambienne Jama Jack, la Burkinab\u00e8 Leslie T\u00f4, les Sud-africaines Lindiqe Dovey et Sandulwla Asanda, et les Fran\u00e7aises Ramata-Toulaye Sy et Pascale Obolo seront \u00e9galement projet\u00e9es. \u00abLes films f\u00e9ministes de Dame Gu\u00e8ye (L\u2019homme Vierge) et de Moussa S\u00e8ne Absa (Xal\u00e9) seront aussi projet\u00e9s. Durant le festival, des sessions priv\u00e9es auront lieu en journ\u00e9e et les projections publiques le soir\u00bb, lit-on dans le document.<\/p>\n\n\n\n<p>En plus des projections, un atelier d\u2019\u00e9criture et de cr\u00e9ation, intitul\u00e9 \u00abIntersections : genre(s), art et action-recherche\u00bb, se d\u00e9roulera durant le festival. Destin\u00e9 aux enseignant.e.s, chercheur.e.s, activistes f\u00e9ministes et artistes, cet atelier d\u2019une semaine, pr\u00e9cise le document, a pour but de produire une \u0153uvre collective. \u00abLes participants travailleront ensemble pour produire des \u0153uvres artistiques et acad\u00e9miques, bas\u00e9es sur des donn\u00e9es empiriques et des cr\u00e9ations artistiques. Les th\u00e8mes abord\u00e9s incluront la th\u00e9orie et la recherche-action en sciences sociales, les f\u00e9minismes et l\u2019activisme en Afrique, ainsi que les dynamiques de race, classe et genre au sein du cin\u00e9ma et de la litt\u00e9rature\u00bb, pr\u00e9cise le document, ajoutant que Ken Bugul, r\u00e9cipiendaire du Prix Caine de la litt\u00e9rature africaine 2023, Mame Bougouma Di\u00e8ne et la chercheuse et enseignante s\u00e9n\u00e9galaise Dr Rama Salla Dieng, par ailleurs directrice du festival, faciliteront les sessions de l\u2019atelier.<\/p>\n\n\n\n<p>SOURCE LEQUOTIDIEN<\/p>\n","protected":false},"excerpt":{"rendered":"<p>\u00abSolidarit\u00e9 transnationale et panafricaine, et cultures de non-violence\u00bb est le th\u00e8me retenu pour la deuxi\u00e8me \u00e9dition du Festival africain du<\/p>\n","protected":false},"author":1,"featured_media":45403,"comment_status":"open","ping_status":"open","sticky":false,"template":"","format":"standard","meta":{"footnotes":""},"categories":[3],"tags":[],"class_list":["post-45402","post","type-post","status-publish","format-standard","has-post-thumbnail","hentry","category-event-more-news"],"_links":{"self":[{"href":"https:\/\/dekkbi.com\/index.php?rest_route=\/wp\/v2\/posts\/45402","targetHints":{"allow":["GET"]}}],"collection":[{"href":"https:\/\/dekkbi.com\/index.php?rest_route=\/wp\/v2\/posts"}],"about":[{"href":"https:\/\/dekkbi.com\/index.php?rest_route=\/wp\/v2\/types\/post"}],"author":[{"embeddable":true,"href":"https:\/\/dekkbi.com\/index.php?rest_route=\/wp\/v2\/users\/1"}],"replies":[{"embeddable":true,"href":"https:\/\/dekkbi.com\/index.php?rest_route=%2Fwp%2Fv2%2Fcomments&post=45402"}],"version-history":[{"count":1,"href":"https:\/\/dekkbi.com\/index.php?rest_route=\/wp\/v2\/posts\/45402\/revisions"}],"predecessor-version":[{"id":45404,"href":"https:\/\/dekkbi.com\/index.php?rest_route=\/wp\/v2\/posts\/45402\/revisions\/45404"}],"wp:featuredmedia":[{"embeddable":true,"href":"https:\/\/dekkbi.com\/index.php?rest_route=\/wp\/v2\/media\/45403"}],"wp:attachment":[{"href":"https:\/\/dekkbi.com\/index.php?rest_route=%2Fwp%2Fv2%2Fmedia&parent=45402"}],"wp:term":[{"taxonomy":"category","embeddable":true,"href":"https:\/\/dekkbi.com\/index.php?rest_route=%2Fwp%2Fv2%2Fcategories&post=45402"},{"taxonomy":"post_tag","embeddable":true,"href":"https:\/\/dekkbi.com\/index.php?rest_route=%2Fwp%2Fv2%2Ftags&post=45402"}],"curies":[{"name":"wp","href":"https:\/\/api.w.org\/{rel}","templated":true}]}}