{"id":45386,"date":"2024-10-30T09:40:56","date_gmt":"2024-10-30T09:40:56","guid":{"rendered":"https:\/\/dekkbi.com\/?p=45386"},"modified":"2024-10-30T09:40:57","modified_gmt":"2024-10-30T09:40:57","slug":"transhumance-pastef-amadou-ba-degage-ses-responsabilites-et-balance-sonko","status":"publish","type":"post","link":"https:\/\/dekkbi.com\/?p=45386","title":{"rendered":"TRANSHUMANCE PASTEF &#8211; Amadou Ba d\u00e9gage ses responsabilit\u00e9s et balance Sonko\u00a0"},"content":{"rendered":"\n<p><em><strong>Avec le ralliement massif de certains maires issus de l\u2019ancienne majorit\u00e9, la base de Pastef ne cesse d\u2019exprimer sa col\u00e8re. Accus\u00e9 par certains responsables, la t\u00eate de liste d\u00e9partementale dans la r\u00e9gion de Thi\u00e8s, Amadou Ba, balance Sonko.<\/strong><\/em><\/p>\n\n\n\n<p>\u00c7a ne bruit plus que de \u00e7a au niveau des instances du parti Pastef \u00e0 Thi\u00e8s. Depuis le meeting d\u2019ouverture de la campagne \u00e9lectorale, les militants sont dans tous leurs \u00e9tats. \u00c0 l\u2019origine de cette col\u00e8re noire, il y a surtout l\u2019accueil r\u00e9serv\u00e9 aux maires transhumants de la r\u00e9gion, c\u2019est-\u00e0-dire ces \u00e9lus de l\u2019ancien r\u00e9gime qui ont d\u00e9cid\u00e9 de voter Pastef aux L\u00e9gislatives. D\u00e9sign\u00e9 comme un des chefs d\u2019orchestre de ces ralliements tous azimuts, Amadou Ba est mont\u00e9 au cr\u00e9neau pour d\u00e9gager toute responsabilit\u00e9 dans la venue de ces maires. Dans un audio qu\u2019il a partag\u00e9 dans un groupe WhatsApp des responsables du parti dans le d\u00e9partement, il explique : \u2018\u2019Cet audio a \u00e9t\u00e9 fait pour apporter quelques pr\u00e9cisions aux militants. Et chacun pourra se faire sa propre religion. Je vous raconterai comment \u00e7a s&rsquo;est pass\u00e9.\u2019\u2019<\/p>\n\n\n\n<p>Apr\u00e8s cette br\u00e8ve introduction, le candidat \u00e0 la d\u00e9putation a inform\u00e9 que tout entre dans le cadre d\u2019une strat\u00e9gie mise en place par Ousmane Sonko. Lui n\u2019est qu\u2019un ex\u00e9cutant. \u2018\u2019Comme \u00e0 la veille de chaque \u00e9lection, c&rsquo;est le pr\u00e9sident Ousmane Sonko qui d\u00e9finit les strat\u00e9gies. Il l&rsquo;a toujours fait et \u00e7a a toujours \u00e9t\u00e9 payant\u2019\u2019, justifie M. Ba qui a d\u00e9voil\u00e9 quelques pans de la strat\u00e9gie pour les pr\u00e9sentes \u00e9lections. Selon lui, au niveau d\u00e9partemental, Pastef s\u2019est engag\u00e9 \u00e0 ne mettre que des responsables du parti. Pour la liste nationale, en revanche, c\u2019est Sonko qui a jug\u00e9 que des alli\u00e9s doivent y \u00eatre investis.<\/p>\n\n\n\n<p>Revenant sur la transhumance des maires qui constitue la principale pomme de discorde, le candidat a estim\u00e9 que l\u2019ordre de les accueillir venait directement de Sonko. \u2018\u2019Dans cette strat\u00e9gie, il a aussi demand\u00e9 d&rsquo;accueillir tout maire qui vient pour nous soutenir dans ces \u00e9lections. Je dis bien de les accueillir, pas autre chose. Il nous a fait savoir que c&rsquo;est un homme bien averti, qui conna\u00eet bien l&rsquo;\u00c9tat et qui conna\u00eet le syst\u00e8me. Il a dit qu&rsquo;il ne peut tout d\u00e9voiler. Comme vous l&rsquo;avez toujours fait, il faut continuer \u00e0 suivre les instructions, a-t-il recommand\u00e9. Ce que je vous dis, ce sont ses propres instructions. Nous ne sommes que des ex\u00e9cutants\u2019\u2019.<\/p>\n\n\n\n<p>Aux militants en col\u00e8re qui l\u2019ont accus\u00e9 d\u2019\u00eatre parmi les instigateurs, Amadou Ba a tenu \u00e0 pr\u00e9ciser : \u2018\u2019Je n&rsquo;ai rencontr\u00e9 personne dans un cadre officiel. Sauf certains dans des discussions pr\u00e9alables. Si on prend l&rsquo;exemple du maire de Khombole, c&rsquo;est lors du meeting que je l&rsquo;ai vu pour la premi\u00e8re fois. C&rsquo;est Ousmane Sonko qui a demand\u00e9 d\u2019inviter les maires pour le meeting. Et il a pr\u00e9cis\u00e9 que dans chaque d\u00e9partement il va rencontrer les maires qui nous soutiennent. Parce qu\u2019aussi, quand vous dites \u00e0 quelqu\u2019un qui frappe \u00e0 votre porte d\u2019entrer, la moindre des choses est de lui donner une chaise pour s&rsquo;asseoir.\u2019\u2019<\/p>\n\n\n\n<p>Ousmane Sonko ne s\u2019est pas limit\u00e9 \u00e0 donner des instructions pour les accueillir et les inviter au meeting, il a aussi autoris\u00e9 la prise de parole de leurs repr\u00e9sentants lors du meeting. Et il \u00e9tait m\u00eame convenu que Sonko devait se lever lors de sa prise de parole pour calmer les militants. Ce qui ne s\u2019est pas fait finalement. Cela a en tout cas exacerb\u00e9 la frustration. Ba en \u00e9tait bien conscient et avait inform\u00e9 le Pros. Il lui disait : \u2018\u2019La famille est secou\u00e9e avec cette affaire des maires. Les gens sont tr\u00e8s f\u00e2ch\u00e9s et je sais qu\u2019on pourrait me traiter de tous les noms d&rsquo;oiseaux. Alors qu&rsquo;on a fait qu\u2019ex\u00e9cuter des ordres. Il faut donc parler aux responsables des coordinations directement si possible. Malheureusement, cela n&rsquo;a pu se faire \u00e0 cause des conditions dans lesquelles le meeting a \u00e9t\u00e9 organis\u00e9.\u2019\u2019<\/p>\n\n\n\n<p>Cela dit, la t\u00eate de liste d\u00e9partementale a tenu \u00e0 affirmer que contrairement \u00e0 certaines all\u00e9gations, il n\u2019a jamais \u00e9t\u00e9 question de corrompre qui que ce soit. \u2018\u2019Comme je l\u2019ai d\u00e9j\u00e0 dit, ass\u00e8ne-t-il, je d\u00e9fie les gens qui tiennent ces propos. Si on apporte une seule preuve de ces all\u00e9gations, je d\u00e9missionne de Pastef\u2019\u2019.<\/p>\n\n\n\n<p>Dans le m\u00eame sillage, le responsable politique affirme qu\u2019il n\u2019y aura pas de transhumance, c&rsquo;est-\u00e0-dire, selon sa d\u00e9finition, prendre quelqu&rsquo;un et le mettre dans leur parti. \u2018\u2019On ne garantit non plus \u00e0 personne une nomination. On ne garantit \u00e0 personne l&rsquo;impunit\u00e9. On ne garantit \u00e0 personne la r\u00e9\u00e9lection au poste de maire. Je pense que j&rsquo;ai \u00e9t\u00e9 clair. Et tout ce que j&rsquo;ai dit, c&rsquo;est sur instruction. Je ne parle jamais des affaires du parti sans instruction\u2019\u2019 a soutenu le candidat qui dit comprendre la col\u00e8re des militants, tout en les invitant \u00e0 l\u2019exprimer dans l\u2019\u00e9l\u00e9gance et le respect<\/p>\n\n\n\n<p>SOURCE ENQUETEPLUS<\/p>\n","protected":false},"excerpt":{"rendered":"<p>Avec le ralliement massif de certains maires issus de l\u2019ancienne majorit\u00e9, la base de Pastef ne cesse d\u2019exprimer sa col\u00e8re.<\/p>\n","protected":false},"author":1,"featured_media":45387,"comment_status":"open","ping_status":"open","sticky":false,"template":"","format":"standard","meta":{"footnotes":""},"categories":[21],"tags":[],"class_list":["post-45386","post","type-post","status-publish","format-standard","has-post-thumbnail","hentry","category-societe"],"_links":{"self":[{"href":"https:\/\/dekkbi.com\/index.php?rest_route=\/wp\/v2\/posts\/45386","targetHints":{"allow":["GET"]}}],"collection":[{"href":"https:\/\/dekkbi.com\/index.php?rest_route=\/wp\/v2\/posts"}],"about":[{"href":"https:\/\/dekkbi.com\/index.php?rest_route=\/wp\/v2\/types\/post"}],"author":[{"embeddable":true,"href":"https:\/\/dekkbi.com\/index.php?rest_route=\/wp\/v2\/users\/1"}],"replies":[{"embeddable":true,"href":"https:\/\/dekkbi.com\/index.php?rest_route=%2Fwp%2Fv2%2Fcomments&post=45386"}],"version-history":[{"count":1,"href":"https:\/\/dekkbi.com\/index.php?rest_route=\/wp\/v2\/posts\/45386\/revisions"}],"predecessor-version":[{"id":45388,"href":"https:\/\/dekkbi.com\/index.php?rest_route=\/wp\/v2\/posts\/45386\/revisions\/45388"}],"wp:featuredmedia":[{"embeddable":true,"href":"https:\/\/dekkbi.com\/index.php?rest_route=\/wp\/v2\/media\/45387"}],"wp:attachment":[{"href":"https:\/\/dekkbi.com\/index.php?rest_route=%2Fwp%2Fv2%2Fmedia&parent=45386"}],"wp:term":[{"taxonomy":"category","embeddable":true,"href":"https:\/\/dekkbi.com\/index.php?rest_route=%2Fwp%2Fv2%2Fcategories&post=45386"},{"taxonomy":"post_tag","embeddable":true,"href":"https:\/\/dekkbi.com\/index.php?rest_route=%2Fwp%2Fv2%2Ftags&post=45386"}],"curies":[{"name":"wp","href":"https:\/\/api.w.org\/{rel}","templated":true}]}}