{"id":45368,"date":"2024-10-30T09:16:26","date_gmt":"2024-10-30T09:16:26","guid":{"rendered":"https:\/\/dekkbi.com\/?p=45368"},"modified":"2024-10-30T09:21:20","modified_gmt":"2024-10-30T09:21:20","slug":"accusation-de-sonko-la-replique-damadou-ba","status":"publish","type":"post","link":"https:\/\/dekkbi.com\/?p=45368","title":{"rendered":"ACCUSATION DE SONKO, LA REPLIQUE D&rsquo;AMADOU BA"},"content":{"rendered":"\n<p>Amadou Ba, le chef de file de la coalition \u00ab\u00a0Diam ak njeri\u00f1\u00a0\u00bb, qui a \u00e9t\u00e9 lourdement charg\u00e9 par le premier ministre Ousmane Sonko lundi \u00e0 Thi\u00e8s, a r\u00e9pliqu\u00e9 ce mardi. \u00c0 Ngoundiane, il a dress\u00e9 un tableau peu \u00e9logieux de la situation dans laquelle, dit-il, le r\u00e9gime en place a plong\u00e9 le pays.<\/p>\n\n\n\n<figure class=\"wp-block-embed is-type-rich is-provider-prise-en-charge-des-contenus-embarqu-s wp-block-embed-prise-en-charge-des-contenus-embarqu-s wp-embed-aspect-16-9 wp-has-aspect-ratio\"><div class=\"wp-block-embed__wrapper\">\n<iframe loading=\"lazy\" title=\"Attaques de Sonko : la R\u00e9plique foudroyante de Amadou B\u00e2\" width=\"800\" height=\"450\" src=\"https:\/\/www.youtube.com\/embed\/elRw5Q-TxiI?feature=oembed\" frameborder=\"0\" allow=\"accelerometer; autoplay; clipboard-write; encrypted-media; gyroscope; picture-in-picture; web-share\" referrerpolicy=\"strict-origin-when-cross-origin\" allowfullscreen><\/iframe>\n<\/div><\/figure>\n\n\n\n<p>SOURCE IGFM<\/p>\n","protected":false},"excerpt":{"rendered":"<p>Amadou Ba, le chef de file de la coalition \u00ab\u00a0Diam ak njeri\u00f1\u00a0\u00bb, qui a \u00e9t\u00e9 lourdement charg\u00e9 par le premier<\/p>\n","protected":false},"author":1,"featured_media":45196,"comment_status":"open","ping_status":"open","sticky":false,"template":"","format":"standard","meta":{"footnotes":""},"categories":[6],"tags":[],"class_list":["post-45368","post","type-post","status-publish","format-standard","has-post-thumbnail","hentry","category-politics"],"_links":{"self":[{"href":"https:\/\/dekkbi.com\/index.php?rest_route=\/wp\/v2\/posts\/45368","targetHints":{"allow":["GET"]}}],"collection":[{"href":"https:\/\/dekkbi.com\/index.php?rest_route=\/wp\/v2\/posts"}],"about":[{"href":"https:\/\/dekkbi.com\/index.php?rest_route=\/wp\/v2\/types\/post"}],"author":[{"embeddable":true,"href":"https:\/\/dekkbi.com\/index.php?rest_route=\/wp\/v2\/users\/1"}],"replies":[{"embeddable":true,"href":"https:\/\/dekkbi.com\/index.php?rest_route=%2Fwp%2Fv2%2Fcomments&post=45368"}],"version-history":[{"count":2,"href":"https:\/\/dekkbi.com\/index.php?rest_route=\/wp\/v2\/posts\/45368\/revisions"}],"predecessor-version":[{"id":45372,"href":"https:\/\/dekkbi.com\/index.php?rest_route=\/wp\/v2\/posts\/45368\/revisions\/45372"}],"wp:featuredmedia":[{"embeddable":true,"href":"https:\/\/dekkbi.com\/index.php?rest_route=\/wp\/v2\/media\/45196"}],"wp:attachment":[{"href":"https:\/\/dekkbi.com\/index.php?rest_route=%2Fwp%2Fv2%2Fmedia&parent=45368"}],"wp:term":[{"taxonomy":"category","embeddable":true,"href":"https:\/\/dekkbi.com\/index.php?rest_route=%2Fwp%2Fv2%2Fcategories&post=45368"},{"taxonomy":"post_tag","embeddable":true,"href":"https:\/\/dekkbi.com\/index.php?rest_route=%2Fwp%2Fv2%2Ftags&post=45368"}],"curies":[{"name":"wp","href":"https:\/\/api.w.org\/{rel}","templated":true}]}}