{"id":45366,"date":"2024-10-30T09:07:07","date_gmt":"2024-10-30T09:07:07","guid":{"rendered":"https:\/\/dekkbi.com\/?p=45366"},"modified":"2024-10-30T09:07:07","modified_gmt":"2024-10-30T09:07:07","slug":"nomination-du-recteur-de-lucad-lappel-a-candidatures-est-lance","status":"publish","type":"post","link":"https:\/\/dekkbi.com\/?p=45366","title":{"rendered":"Nomination du recteur de l\u2019Ucad : l\u2019appel \u00e0 candidatures est lanc\u00e9"},"content":{"rendered":"\n<p>L\u2019appel \u00e0 candidatures pour le poste de Recteur de l\u2019Universit\u00e9 Cheikh Anta\u00a0 Diop de Dakar (UCAD) est lanc\u00e9. L\u2019annonce est du minist\u00e8re de l\u2019Enseignement sup\u00e9rieur, de la Recherche et de l\u2019Innovation. <\/p>\n\n\n\n<p>\u00ab\u00a0En application des d\u00e9crets n\u00b02021-846 du 24 juin 2021 relatif aux modalit\u00e9s de nomination du Recteur dans les universit\u00e9s publiques et n\u00b02021-1500 du 16 novembre 2021 fixant les r\u00e8gles d\u2019organisation et de fonctionnement de l\u2019Universit\u00e9 Cheikh Anta DIOP de Dakar, il est lanc\u00e9 un appel \u00e0 candidatures en vue de la nomination du Recteur de l\u2019UCAD\u00a0\u00bb, informe un communiqu\u00e9 dont nous avons re\u00e7u copie hier, mardi 29 octobre. <\/p>\n\n\n\n<p>Selon le document, la date limite de d\u00e9p\u00f4ts des dossiers de candidatures est fix\u00e9e au vendredi 29 novembre 2024 \u00e0 17 heures. \u00ab\u00a0Le candidat au poste de Recteur doit \u00eatre de \u00a0nationalit\u00e9 s\u00e9n\u00e9galaise; un professeur titulaire des Universit\u00e9s, inscrit sur la liste d\u2019aptitude aux fonctions de professeur titulaire du CAMES; dot\u00e9 de capacit\u00e9s manag\u00e9riales et avoir une exp\u00e9rience de gestion et d\u2019administration d\u2019\u00e9tablissements de formation\u00a0\u00bb, pr\u00e9cise le communiqu\u00e9. Pour rappel, Aminata Niang Di\u00e8ne, professeur titulaire et vice-recteur de l\u2019UCAD, a \u00e9t\u00e9 nomm\u00e9e Recteur par int\u00e9rim\u00a0 le 10 septembre dernier, en Conseil des ministres. <\/p>\n\n\n\n<p>Cette d\u00e9cision fait suite aux revendications du Syndicat unitaire et d\u00e9mocratique de enseignants du S\u00e9n\u00e9gal \/ Enseignement sup\u00e9rieur et recherche (SUDES\/ESR), qui avait d\u00e9nonc\u00e9 la prolongation jug\u00e9e \u00ab\u00a0ill\u00e9gale\u00a0\u00bb du mandat de l\u2019ancien Recteur Pr Ahmadou Aly Mbaye, depuis le 22 juillet 2024.<\/p>\n\n\n\n<p> Le SUDES\/ESR ne cessait d\u2019appeler \u00e0 la nomination d\u2019un nouveau Recteur conform\u00e9ment aux textes en vigueur.<\/p>\n\n\n\n<p><strong>M DJIGO<\/strong><br>SUDQUOTIDIEN<\/p>\n","protected":false},"excerpt":{"rendered":"<p>L\u2019appel \u00e0 candidatures pour le poste de Recteur de l\u2019Universit\u00e9 Cheikh Anta\u00a0 Diop de Dakar (UCAD) est lanc\u00e9. L\u2019annonce est<\/p>\n","protected":false},"author":1,"featured_media":24136,"comment_status":"open","ping_status":"open","sticky":false,"template":"","format":"standard","meta":{"footnotes":""},"categories":[21],"tags":[],"class_list":["post-45366","post","type-post","status-publish","format-standard","has-post-thumbnail","hentry","category-societe"],"_links":{"self":[{"href":"https:\/\/dekkbi.com\/index.php?rest_route=\/wp\/v2\/posts\/45366","targetHints":{"allow":["GET"]}}],"collection":[{"href":"https:\/\/dekkbi.com\/index.php?rest_route=\/wp\/v2\/posts"}],"about":[{"href":"https:\/\/dekkbi.com\/index.php?rest_route=\/wp\/v2\/types\/post"}],"author":[{"embeddable":true,"href":"https:\/\/dekkbi.com\/index.php?rest_route=\/wp\/v2\/users\/1"}],"replies":[{"embeddable":true,"href":"https:\/\/dekkbi.com\/index.php?rest_route=%2Fwp%2Fv2%2Fcomments&post=45366"}],"version-history":[{"count":1,"href":"https:\/\/dekkbi.com\/index.php?rest_route=\/wp\/v2\/posts\/45366\/revisions"}],"predecessor-version":[{"id":45367,"href":"https:\/\/dekkbi.com\/index.php?rest_route=\/wp\/v2\/posts\/45366\/revisions\/45367"}],"wp:featuredmedia":[{"embeddable":true,"href":"https:\/\/dekkbi.com\/index.php?rest_route=\/wp\/v2\/media\/24136"}],"wp:attachment":[{"href":"https:\/\/dekkbi.com\/index.php?rest_route=%2Fwp%2Fv2%2Fmedia&parent=45366"}],"wp:term":[{"taxonomy":"category","embeddable":true,"href":"https:\/\/dekkbi.com\/index.php?rest_route=%2Fwp%2Fv2%2Fcategories&post=45366"},{"taxonomy":"post_tag","embeddable":true,"href":"https:\/\/dekkbi.com\/index.php?rest_route=%2Fwp%2Fv2%2Ftags&post=45366"}],"curies":[{"name":"wp","href":"https:\/\/api.w.org\/{rel}","templated":true}]}}