{"id":45364,"date":"2024-10-30T09:05:06","date_gmt":"2024-10-30T09:05:06","guid":{"rendered":"https:\/\/dekkbi.com\/?p=45364"},"modified":"2024-10-30T10:10:24","modified_gmt":"2024-10-30T10:10:24","slug":"tambacounda-bougane-gueye-juge-en-flagrant-delit-pour-refus-dobtemperer-rebellion-et-outrage-a-agent-jour-de-verite","status":"publish","type":"post","link":"https:\/\/dekkbi.com\/?p=45364","title":{"rendered":"TAMBACOUNDA : jour de v\u00e9rit\u00e9 pour Bougane Gueye"},"content":{"rendered":"\n<p><strong>Le leader du mouvement Gueum Sa Bopp, Bougane Gu\u00e8ye Dany, par ailleurs membre de la coalition \u00ab&nbsp;Samm Sa Kaddu&nbsp;\u00bb va \u00eatre fix\u00e9 sur son sort ce jour, mercredi 30 octobre. Plac\u00e9&nbsp;<\/strong><strong>sous mandat de d\u00e9p\u00f4t pour \u00ab refus d\u2019obtemp\u00e9rer, r\u00e9bellion et outrage \u00e0 agent dans l\u2019exercice de ses fonctions&nbsp;\u00bb, il est jug\u00e9 en flagrant d\u00e9lit&nbsp;<\/strong><strong>au Palais de Justice de Tambacounda. Un tribunal mis sous haute surveillance des Forces de l\u2019ordre depuis hier, mardi, veille du proc\u00e8s.<\/strong><\/p>\n\n\n\n<p><strong>Jour de v\u00e9rit\u00e9 pour le leader du mouvement Gueum Sa Bopp, Bougane Gu\u00e8ye Dany, par ailleurs membre de la coalition \u00ab Samm Sa Kaddu \u00bb. D\u00e9f\u00e9r\u00e9, lundi 21 octobre, \u00bb devant le procureur de la R\u00e9publique pr\u00e8s le tribunal de Tambacounda, dans le cadre de la proc\u00e9dure initi\u00e9e contre lui par la Brigade de la Gendarmerie nationale de Bakel pour \u00ab refus d\u2019obtemp\u00e9rer et r\u00e9bellion \u00bb,&nbsp; Bougane Gu\u00e8ye avait \u00e9t\u00e9 plac\u00e9 sous mandat de d\u00e9p\u00f4t et envoy\u00e9 en prison. Il va \u00eatre jug\u00e9 en flagrant d\u00e9lit sous trois chefs d\u2019inculpation, \u00e0 savoir&nbsp;<\/strong><strong>\u00abrefus d\u2019obtemp\u00e9rer, r\u00e9bellion et outrage \u00e0 agent dans l\u2019exercice de ses fonctions&nbsp;\u00bb<\/strong><strong>. Le proc\u00e8s pr\u00e9vu ce jour, mercredi 30 octobre, sauf renvoi, va \u00e9difier le leader du mouvement Gueum Sa Bopp<\/strong>&nbsp;<strong>sur le prolongement ou non de son<\/strong>&nbsp;s\u00e9jour \u00e0 la Maison d\u2019arr\u00eat et de correction de&nbsp;Tambacounda.<\/p>\n\n\n\n<p>Investi \u00e0 la onzi\u00e8me position sur la liste nationale de la coalition \u00ab&nbsp;Samm Sa Kaddu&nbsp;\u00bb, le patron du groupe D-m\u00e9dia a \u00e9t\u00e9 arr\u00eat\u00e9 par les Gendarmes, le samedi 19 octobre, \u00e0 quelques kilom\u00e8tres de l\u2019entr\u00e9e de Bakel alors qu\u2019il \u00e9tait en partance avec ses camarades de la coalition \u00ab&nbsp;Samm Sa Kaddu&nbsp;\u00bb \u00e0 la rencontre des populations de cette localit\u00e9 affect\u00e9es par la crue du fleuve S\u00e9n\u00e9gal. Dans un communiqu\u00e9 rendu public, la Division de la communication et relations publiques avait expliqu\u00e9 que \u00ab&nbsp;la Brigade de Gendarmerie territoriale de Bakel a proc\u00e9d\u00e9 \u00e0 l\u2019interpellation de Bougane Gu\u00e8ye Dany, pour refus d\u2019obtemp\u00e9rer&nbsp;\u00bb. Et d\u2019apporter des pr\u00e9cisions sur les circonstances de cette arrestation&nbsp;: \u00ab&nbsp;Ce samedi 19 octobre 2024, vers 13 heures 40 minutes, la Brigade de Gendarmerie territoriale de Bakel a proc\u00e9d\u00e9 \u00e0 l\u2019interpellation de Monsieur Bougane Gu\u00e8ye Dany, pour refus d\u2019obtemp\u00e9rer.&nbsp;L\u2019int\u00e9ress\u00e9, en provenance de Semm\u00e9, se rendait \u00e0 Bakel. Arriv\u00e9 au niveau du poste de Gendarmerie de Bondji, son cort\u00e8ge compos\u00e9 de 13 v\u00e9hicules a \u00e9t\u00e9 arr\u00eat\u00e9 par les gendarmes.&nbsp;Ils lui ont notifi\u00e9 qu\u2019il devait marquer un arr\u00eat momentan\u00e9, pour des raisons de s\u00e9curit\u00e9, afin de laisser passer le convoi de son Excellence Monsieur le Pr\u00e9sident de la R\u00e9publique. Ensuite, il pourrait continuer sa route apr\u00e8s le d\u00e9part de l\u2019autorit\u00e9 \u00bb, renseigne ce document de la Gendarmerie nationale avant de faire remarquer que \u00ab&nbsp;Bougane Gu\u00e8ye Dany a cat\u00e9goriquement refus\u00e9 de se conformer aux instructions des Gendarmes. Il a d\u00e9cid\u00e9 de passer le barrage en force, en invitant le reste du cort\u00e8ge \u00e0 le suivre&nbsp;\u00bb.<\/p>\n\n\n\n<p>S\u2019exprimant devant les journalistes apr\u00e8s le face-\u00e0-face de son client avec le maitre des poursuites, Me El Hadj Diouf avait annonc\u00e9 que le Procureur de la R\u00e9publique a cors\u00e9 le dossier en visant le d\u00e9lit d\u2019outrage \u00e0 agent dans l\u2019exercice de ses fonctions. Poursuivant sa d\u00e9claration, il avait annonc\u00e9 que son dossier serait pr\u00e9sent\u00e9 au juge des flagrants d\u00e9lits lors de l\u2019audience du 30 octobre prochain. Reste maintenant \u00e0 savoir si la justice sera assez cl\u00e9mente pour donner droit \u00e0 l\u2019apaisement, comme le souhaitent beaucoup d\u2019organisations de la soci\u00e9t\u00e9 civile, et permettre au patron du mouvement Gueum Sa Bopp de participer \u00e0 la campagne \u00e9lectorale pour les l\u00e9gislatives anticip\u00e9es. Aux derni\u00e8res nouvelles, la ville de Tamba \u00e9tait barricad\u00e9e par la gendarmerie et les art\u00e8res qui m\u00e8nent au tribunal quadrill\u00e9es par la police pour filtrer les d\u00e9placements des populations. Le commissariat central, renforc\u00e9 par le Groupement mobile d\u2019intervention (GMI), filtrait les va-et-vient aux alentours du &nbsp;palais de Justice. De son c\u00f4t\u00e9, la gendarmerie veillait au grain au niveau de son secteur de comp\u00e9tence.<\/p>\n\n\n\n<p>M D<br>SUDQUOTIDIEN<\/p>\n","protected":false},"excerpt":{"rendered":"<p>Le leader du mouvement Gueum Sa Bopp, Bougane Gu\u00e8ye Dany, par ailleurs membre de la coalition \u00ab&nbsp;Samm Sa Kaddu&nbsp;\u00bb va<\/p>\n","protected":false},"author":1,"featured_media":45009,"comment_status":"open","ping_status":"open","sticky":false,"template":"","format":"standard","meta":{"footnotes":""},"categories":[26],"tags":[],"class_list":["post-45364","post","type-post","status-publish","format-standard","has-post-thumbnail","hentry","category-fait-divers"],"_links":{"self":[{"href":"https:\/\/dekkbi.com\/index.php?rest_route=\/wp\/v2\/posts\/45364","targetHints":{"allow":["GET"]}}],"collection":[{"href":"https:\/\/dekkbi.com\/index.php?rest_route=\/wp\/v2\/posts"}],"about":[{"href":"https:\/\/dekkbi.com\/index.php?rest_route=\/wp\/v2\/types\/post"}],"author":[{"embeddable":true,"href":"https:\/\/dekkbi.com\/index.php?rest_route=\/wp\/v2\/users\/1"}],"replies":[{"embeddable":true,"href":"https:\/\/dekkbi.com\/index.php?rest_route=%2Fwp%2Fv2%2Fcomments&post=45364"}],"version-history":[{"count":2,"href":"https:\/\/dekkbi.com\/index.php?rest_route=\/wp\/v2\/posts\/45364\/revisions"}],"predecessor-version":[{"id":45408,"href":"https:\/\/dekkbi.com\/index.php?rest_route=\/wp\/v2\/posts\/45364\/revisions\/45408"}],"wp:featuredmedia":[{"embeddable":true,"href":"https:\/\/dekkbi.com\/index.php?rest_route=\/wp\/v2\/media\/45009"}],"wp:attachment":[{"href":"https:\/\/dekkbi.com\/index.php?rest_route=%2Fwp%2Fv2%2Fmedia&parent=45364"}],"wp:term":[{"taxonomy":"category","embeddable":true,"href":"https:\/\/dekkbi.com\/index.php?rest_route=%2Fwp%2Fv2%2Fcategories&post=45364"},{"taxonomy":"post_tag","embeddable":true,"href":"https:\/\/dekkbi.com\/index.php?rest_route=%2Fwp%2Fv2%2Ftags&post=45364"}],"curies":[{"name":"wp","href":"https:\/\/api.w.org\/{rel}","templated":true}]}}