{"id":45326,"date":"2024-10-29T12:03:37","date_gmt":"2024-10-29T12:03:37","guid":{"rendered":"https:\/\/dekkbi.com\/?p=45326"},"modified":"2024-10-29T12:04:36","modified_gmt":"2024-10-29T12:04:36","slug":"liban-naim-qassem-succede-a-hassan-nasrallah-a-la-tete-du-hezbollah","status":"publish","type":"post","link":"https:\/\/dekkbi.com\/?p=45326","title":{"rendered":"Liban &#8211; Hezbollah: Na\u00efm Qassem succ\u00e8de \u00e0 Hassan Nasrallah"},"content":{"rendered":"\n<p>Un mois apr\u00e8s la mort de Hassan Nasrallah, tu\u00e9 le 27 septembre dans un raid a\u00e9rien isra\u00e9lien, le Hezbollah s\u2019est choisi un nouveau secr\u00e9taire g\u00e9n\u00e9ral. Cheikh Na\u00efm Qassem a \u00e9t\u00e9 \u00e9lu par le Conseil de la Shoura, la plus haute instance dirigeante du parti chiite.<\/p>\n\n\n\n<p><strong><em>Avec Paul Khalifeh correspondant \u00e0 RFI \u00e0 Beyrouth,<\/em>\u00a0<\/strong><\/p>\n\n\n\n<p>Secr\u00e9taire g\u00e9n\u00e9ral adjoint du Hezbollah depuis 1991, Cheikh Na\u00efm Qassem, aujourd\u2019hui \u00e2g\u00e9 de 71 ans, n\u2019a pas le charisme de\u00a0<strong>Hassan Nasrallah<\/strong>. Cet ancien professeur de chimie est l\u2019un des fondateurs du Hezbollah. Il a une solide formation religieuse, acquise aupr\u00e8s de l\u2019un des plus \u00e9minents imams chiites, Mohammad Hussein Fadlallah.<\/p>\n\n\n\n<p>Auteur de nombreux ouvrages, dont certains traduits en anglais et en fran\u00e7ais, Na\u00efm Qassem est consid\u00e9r\u00e9 comme l\u2019historien et l\u2019id\u00e9ologue du Hezbollah. Ses opinions religieuses et politiques, jug\u00e9es parfois radicales, ont \u00e0 plusieurs reprises provoqu\u00e9 des controverses au Liban.<\/p>\n\n\n\n<p>Secr\u00e9taire g\u00e9n\u00e9ral adjoint pendant trente-trois ans, Na\u00efm Qassem n\u2019\u00e9tait toutefois pas tr\u00e8s impliqu\u00e9 dans les questions militaires. Celles-ci \u00e9taient du ressort de Hassan Nasrallah et de son successeur pressenti\u00a0<strong>Hachem Safieddine<\/strong>, tu\u00e9 dans un raid isra\u00e9lien le 4 octobre.<\/p>\n\n\n\n<p>Il compense son \u00e9loignement de l\u2019appareil militaire, qui constitue la colonne vert\u00e9brale du Hezbollah, par une l\u00e9gitimit\u00e9 historique et politique.<\/p>\n\n\n\n<p>En prenant le commandement du Hezbollah, Na\u00efm Qassem assume une lourde responsabilit\u00e9 \u00e0 un moment crucial de l\u2019histoire du parti, marqu\u00e9 par une guerre sans merci avec Isra\u00ebl. Ce n\u2019est pas seulement le sort du Hezbollah qui est en jeu, mais aussi le r\u00f4le de la communaut\u00e9 chiite et, peut-\u00eatre, l\u2019avenir m\u00eame du Liban.<\/p>\n","protected":false},"excerpt":{"rendered":"<p>Un mois apr\u00e8s la mort de Hassan Nasrallah, tu\u00e9 le 27 septembre dans un raid a\u00e9rien isra\u00e9lien, le Hezbollah s\u2019est<\/p>\n","protected":false},"author":1,"featured_media":45327,"comment_status":"open","ping_status":"open","sticky":false,"template":"","format":"standard","meta":{"footnotes":""},"categories":[51],"tags":[],"class_list":["post-45326","post","type-post","status-publish","format-standard","has-post-thumbnail","hentry","category-general"],"_links":{"self":[{"href":"https:\/\/dekkbi.com\/index.php?rest_route=\/wp\/v2\/posts\/45326","targetHints":{"allow":["GET"]}}],"collection":[{"href":"https:\/\/dekkbi.com\/index.php?rest_route=\/wp\/v2\/posts"}],"about":[{"href":"https:\/\/dekkbi.com\/index.php?rest_route=\/wp\/v2\/types\/post"}],"author":[{"embeddable":true,"href":"https:\/\/dekkbi.com\/index.php?rest_route=\/wp\/v2\/users\/1"}],"replies":[{"embeddable":true,"href":"https:\/\/dekkbi.com\/index.php?rest_route=%2Fwp%2Fv2%2Fcomments&post=45326"}],"version-history":[{"count":3,"href":"https:\/\/dekkbi.com\/index.php?rest_route=\/wp\/v2\/posts\/45326\/revisions"}],"predecessor-version":[{"id":45330,"href":"https:\/\/dekkbi.com\/index.php?rest_route=\/wp\/v2\/posts\/45326\/revisions\/45330"}],"wp:featuredmedia":[{"embeddable":true,"href":"https:\/\/dekkbi.com\/index.php?rest_route=\/wp\/v2\/media\/45327"}],"wp:attachment":[{"href":"https:\/\/dekkbi.com\/index.php?rest_route=%2Fwp%2Fv2%2Fmedia&parent=45326"}],"wp:term":[{"taxonomy":"category","embeddable":true,"href":"https:\/\/dekkbi.com\/index.php?rest_route=%2Fwp%2Fv2%2Fcategories&post=45326"},{"taxonomy":"post_tag","embeddable":true,"href":"https:\/\/dekkbi.com\/index.php?rest_route=%2Fwp%2Fv2%2Ftags&post=45326"}],"curies":[{"name":"wp","href":"https:\/\/api.w.org\/{rel}","templated":true}]}}