{"id":45257,"date":"2024-10-29T10:29:58","date_gmt":"2024-10-29T10:29:58","guid":{"rendered":"https:\/\/dekkbi.com\/?p=45257"},"modified":"2024-10-29T10:29:59","modified_gmt":"2024-10-29T10:29:59","slug":"convocation-a-la-sr-abass-fall-esquive-la-justice-apres-ses-propos-controverses-mea-culpa-ou-strategie-politique","status":"publish","type":"post","link":"https:\/\/dekkbi.com\/?p=45257","title":{"rendered":"Convocation \u00e0 la SR \/ Abass Fall esquive la justice apr\u00e8s ses propos controvers\u00e9s: Mea culpa ou strat\u00e9gie politique ?"},"content":{"rendered":"\n<p>Abass Fall, t\u00eate de liste d\u00e9partementale de Pastef \u00e0 Dakar, fait les gros titres pour ses paroles incendiaires, mais ce lundi, c\u2019est son absence qui a retenu l\u2019attention \u00e0 la Section de Recherches (SR) de Colobane. D\u2019apr\u00e8s L\u2019Observateur, l\u2019homme politique, convoqu\u00e9 par les enqu\u00eateurs apr\u00e8s avoir tenu des propos jug\u00e9s alarmants, ne s\u2019est finalement pas pr\u00e9sent\u00e9.Les faits remontent \u00e0 la veille, dimanche 27 octobre 2024, lors d\u2019une caravane de Pastef dans le quartier dakarois de Baobab. Face \u00e0 ses militants, Abass Fall avait prononc\u00e9 des mots qui n\u2019ont laiss\u00e9 personne indiff\u00e9rent. Il avait, en effet, appel\u00e9 ses partisans \u00e0 \u201cs\u2019armer de couteaux et de machettes\u201d pour se d\u00e9fendre, promettant de \u201cs\u00e9curiser nos caravanes\u201d \u2013 une d\u00e9claration qui a provoqu\u00e9 un toll\u00e9 dans la sph\u00e8re politique. Comme le rappelle L\u2019Observateur, ces propos entrent en totale contradiction avec les r\u00e9centes mises en garde du ministre de l\u2019Int\u00e9rieur, qui a strictement interdit le port d\u2019armes, y compris les armes blanches et les explosifs, dans le cadre de la campagne.<\/p>\n\n\n\n<p>Les r\u00e9actions n\u2019ont pas tard\u00e9 : indignations et condamnations ont fus\u00e9, d\u00e9non\u00e7ant une sortie per\u00e7ue comme inappropri\u00e9e dans un contexte \u00e9lectoral d\u00e9j\u00e0 marqu\u00e9 par des tensions. L\u2019indignation \u00e9tait telle que l\u2019affaire s\u2019est rapidement retrouv\u00e9e entre les mains des autorit\u00e9s judiciaires, et c\u2019est ainsi que la SR de Colobane a convoqu\u00e9 Abass Fall pour \u00e9claircir ses intentions.<\/p>\n\n\n\n<p>Cependant, plut\u00f4t que de se pr\u00e9senter devant les enqu\u00eateurs, le leader de Pastef a finalement fait amende honorable. Dans un mea culpa relay\u00e9 par L\u2019Observateur, il a d\u00e9clar\u00e9 : \u201cCeux qui me connaissent savent que je ne suis pas un homme violent. C\u2019est le c\u0153ur qui a parl\u00e9. Je regrette ces propos pour mes sympathisants, pour ceux qui m\u2019aiment et m\u2019adorent.\u201d Et d\u2019ajouter qu\u2019il reconnaissait l\u2019autorit\u00e9 du minist\u00e8re de l\u2019Int\u00e9rieur et son r\u00f4le dans la s\u00e9curit\u00e9 publique, esp\u00e9rant ainsi clore cet \u00e9pisode.<\/p>\n\n\n\n<p>Les excuses d\u2019Abass Fall suffiront-elles \u00e0 apaiser les esprits et \u00e0 tourner la page ? La r\u00e9ponse reste en suspens, mais une chose est s\u00fbre : cet incident jette une ombre sur une campagne qui s\u2019annon\u00e7ait d\u00e9j\u00e0 \u00e9lectrique.<\/p>\n","protected":false},"excerpt":{"rendered":"<p>Abass Fall, t\u00eate de liste d\u00e9partementale de Pastef \u00e0 Dakar, fait les gros titres pour ses paroles incendiaires, mais ce<\/p>\n","protected":false},"author":1,"featured_media":45258,"comment_status":"open","ping_status":"open","sticky":false,"template":"","format":"standard","meta":{"footnotes":""},"categories":[21],"tags":[],"class_list":["post-45257","post","type-post","status-publish","format-standard","has-post-thumbnail","hentry","category-societe"],"_links":{"self":[{"href":"https:\/\/dekkbi.com\/index.php?rest_route=\/wp\/v2\/posts\/45257","targetHints":{"allow":["GET"]}}],"collection":[{"href":"https:\/\/dekkbi.com\/index.php?rest_route=\/wp\/v2\/posts"}],"about":[{"href":"https:\/\/dekkbi.com\/index.php?rest_route=\/wp\/v2\/types\/post"}],"author":[{"embeddable":true,"href":"https:\/\/dekkbi.com\/index.php?rest_route=\/wp\/v2\/users\/1"}],"replies":[{"embeddable":true,"href":"https:\/\/dekkbi.com\/index.php?rest_route=%2Fwp%2Fv2%2Fcomments&post=45257"}],"version-history":[{"count":1,"href":"https:\/\/dekkbi.com\/index.php?rest_route=\/wp\/v2\/posts\/45257\/revisions"}],"predecessor-version":[{"id":45259,"href":"https:\/\/dekkbi.com\/index.php?rest_route=\/wp\/v2\/posts\/45257\/revisions\/45259"}],"wp:featuredmedia":[{"embeddable":true,"href":"https:\/\/dekkbi.com\/index.php?rest_route=\/wp\/v2\/media\/45258"}],"wp:attachment":[{"href":"https:\/\/dekkbi.com\/index.php?rest_route=%2Fwp%2Fv2%2Fmedia&parent=45257"}],"wp:term":[{"taxonomy":"category","embeddable":true,"href":"https:\/\/dekkbi.com\/index.php?rest_route=%2Fwp%2Fv2%2Fcategories&post=45257"},{"taxonomy":"post_tag","embeddable":true,"href":"https:\/\/dekkbi.com\/index.php?rest_route=%2Fwp%2Fv2%2Ftags&post=45257"}],"curies":[{"name":"wp","href":"https:\/\/api.w.org\/{rel}","templated":true}]}}