{"id":45252,"date":"2024-10-29T10:19:18","date_gmt":"2024-10-29T10:19:18","guid":{"rendered":"https:\/\/dekkbi.com\/?p=45252"},"modified":"2024-10-29T10:19:18","modified_gmt":"2024-10-29T10:19:18","slug":"le-ministere-de-la-justice-annonce-des-enquetes-concernant-des-agissements-susceptibles-de-revetir-une-qualification-penale","status":"publish","type":"post","link":"https:\/\/dekkbi.com\/?p=45252","title":{"rendered":"Le minist\u00e8re de la Justice annonce des enqu\u00eates concernant des agissements\u00a0\u2018\u2019susceptibles de rev\u00eatir une qualification p\u00e9nale\u2019\u2019"},"content":{"rendered":"\n<p>Dakar, (APS) \u2013 Le minist\u00e8re de la Justice a annonc\u00e9, lundi, que des enqu\u00eates seront diligent\u00e9es suite \u00e0 des agissements et propos \u2018\u2019susceptibles de rev\u00eatir une qualification p\u00e9nale\u2019\u2019, et not\u00e9s \u00e0 Dakar, dans le cadre de la campagne pour les \u00e9lections l\u00e9gislatives anticip\u00e9es du 17 novembre prochain, a-t-on appris de source officielle.<\/p>\n\n\n\n<p>\u2018\u2019Dans le cadre de la campagne pour les \u00e9lections l\u00e9gislatives anticip\u00e9es du 17 Novembre 2024, il a \u00e9t\u00e9 constat\u00e9 des agissements et propos susceptibles de rev\u00eatir une qualification p\u00e9nale pouvant exposer leurs auteurs \u00e0 des poursuites\u2019\u2019, a indiqu\u00e9 la Chancellerie dans un communiqu\u00e9 parvenu \u00e0 l\u2019APS.<\/p>\n\n\n\n<p>Selon la m\u00eame source, \u2018\u2019des enqu\u00eates sont diligent\u00e9es pour situer les responsabilit\u00e9s sur les faits survenus en ce d\u00e9but de campagne dans le d\u00e9partement de Dakar.\u2019\u2019<\/p>\n\n\n\n<p>La campagne pour les \u00e9lections l\u00e9gislatives anticip\u00e9es du 17 novembre prochain, ouverte dimanche et qui se termine le 15 novembre, est d\u00e9j\u00e0 \u00e9maill\u00e9e par des accrochages entre partis rivaux dans la capitale s\u00e9n\u00e9galaise.<\/p>\n\n\n\n<p>Dans son communiqu\u00e9, le minist\u00e8re de la Justice \u2018\u2019appelle \u00e0 un respect strict des lois et r\u00e8glements en vigueur et invite les acteurs de tous bords \u00e0 s\u2019abstenir de tous actes ou d\u00e9clarations de nature \u00e0 troubler l\u2019ordre public\u2019\u2019\u2019.<\/p>\n\n\n\n<p>ABB<\/p>\n","protected":false},"excerpt":{"rendered":"<p>Dakar, (APS) \u2013 Le minist\u00e8re de la Justice a annonc\u00e9, lundi, que des enqu\u00eates seront diligent\u00e9es suite \u00e0 des agissements<\/p>\n","protected":false},"author":1,"featured_media":36831,"comment_status":"open","ping_status":"open","sticky":false,"template":"","format":"standard","meta":{"footnotes":""},"categories":[26],"tags":[],"class_list":["post-45252","post","type-post","status-publish","format-standard","has-post-thumbnail","hentry","category-fait-divers"],"_links":{"self":[{"href":"https:\/\/dekkbi.com\/index.php?rest_route=\/wp\/v2\/posts\/45252","targetHints":{"allow":["GET"]}}],"collection":[{"href":"https:\/\/dekkbi.com\/index.php?rest_route=\/wp\/v2\/posts"}],"about":[{"href":"https:\/\/dekkbi.com\/index.php?rest_route=\/wp\/v2\/types\/post"}],"author":[{"embeddable":true,"href":"https:\/\/dekkbi.com\/index.php?rest_route=\/wp\/v2\/users\/1"}],"replies":[{"embeddable":true,"href":"https:\/\/dekkbi.com\/index.php?rest_route=%2Fwp%2Fv2%2Fcomments&post=45252"}],"version-history":[{"count":1,"href":"https:\/\/dekkbi.com\/index.php?rest_route=\/wp\/v2\/posts\/45252\/revisions"}],"predecessor-version":[{"id":45253,"href":"https:\/\/dekkbi.com\/index.php?rest_route=\/wp\/v2\/posts\/45252\/revisions\/45253"}],"wp:featuredmedia":[{"embeddable":true,"href":"https:\/\/dekkbi.com\/index.php?rest_route=\/wp\/v2\/media\/36831"}],"wp:attachment":[{"href":"https:\/\/dekkbi.com\/index.php?rest_route=%2Fwp%2Fv2%2Fmedia&parent=45252"}],"wp:term":[{"taxonomy":"category","embeddable":true,"href":"https:\/\/dekkbi.com\/index.php?rest_route=%2Fwp%2Fv2%2Fcategories&post=45252"},{"taxonomy":"post_tag","embeddable":true,"href":"https:\/\/dekkbi.com\/index.php?rest_route=%2Fwp%2Fv2%2Ftags&post=45252"}],"curies":[{"name":"wp","href":"https:\/\/api.w.org\/{rel}","templated":true}]}}