{"id":45242,"date":"2024-10-29T10:10:22","date_gmt":"2024-10-29T10:10:22","guid":{"rendered":"https:\/\/dekkbi.com\/?p=45242"},"modified":"2024-10-29T10:10:23","modified_gmt":"2024-10-29T10:10:23","slug":"le-ministere-de-linterieur-invite-les-leaders-politiques-a-la-responsabilite-et-a-la-retenue","status":"publish","type":"post","link":"https:\/\/dekkbi.com\/?p=45242","title":{"rendered":"Le minist\u00e8re de l\u2019Int\u00e9rieur invite les leaders politiques \u00e0 la \u2019\u2019responsabilit\u00e9\u201d et \u00e0 la \u2019\u2019retenue\u201d"},"content":{"rendered":"\n<p>Dakar,  (APS) &#8211; Le minist\u00e8re de l\u2019Int\u00e9rieur et de la S\u00e9curit\u00e9 publique a appel\u00e9, lundi, les leaders des partis politiques et coalitions de partis \u00e0 la \u2019\u2019responsabilit\u00e9 et \u00e0 la \u2019\u2019retenue\u2019\u2019, tout en r\u00e9affirmant son engagement \u00e0 veiller \u00e0 la s\u00e9curit\u00e9 publique\u00a0\u00a0dans le cadre de la campagne pour les \u00e9lections l\u00e9gislatives anticip\u00e9es du 17 novembre prochain.<\/p>\n\n\n\n<p>\u2018\u2019Dans le cadre de la campagne pour les \u00e9lections l\u00e9gislatives du 17 novembre 2024, le minist\u00e8re de l\u2019Int\u00e9rieur et de la S\u00e9curit\u00e9 publique appelle l\u2019ensemble des leaders de partis politiques et coalitions de partis \u00e0 faire preuve de calme, de responsabilit\u00e9 et de retenue\u2019\u2019, indique-t-il dans un communiqu\u00e9 transmis \u00e0 l\u2019APS.<\/p>\n\n\n\n<p>Le minist\u00e8re de l\u2019Int\u00e9rieur exhorte ainsi toutes les parties prenantes \u00e0 adopter \u201dun discours apais\u00e9 et constructif pour contribuer \u00e0 une campagne digne et exemplaire, gage de notre engagement commun envers une d\u00e9mocratie stable et respect\u00e9e\u2019.<\/p>\n\n\n\n<p>La campagne pour ces \u00e9lections l\u00e9gislatives, ouverte dimanche et qui se poursuit jusqu\u2019au 15 novembre prochain, est d\u00e9j\u00e0 entach\u00e9e par des accrochages entre partis politiques rivaux.<\/p>\n\n\n\n<p>Dans son communiqu\u00e9 le minist\u00e8re de l\u2019Int\u00e9rieur en charge de l\u2019organisation des \u00e9lections, \u2018\u2019r\u00e9affirme son engagement \u00e0 veiller \u00e0 la s\u00e9curit\u00e9 de chaque citoyen tout au long de cette p\u00e9riode\u2019\u2019 \u00e9lectorale, rappelant dans le m\u00eame temps, son r\u00f4le de \u2018\u2019garant de la s\u00e9curit\u00e9 publique\u2019\u2019.<\/p>\n\n\n\n<p>Il assure que des \u201ddispositifs adapt\u00e9s sont mis en place pour assurer la tranquillit\u00e9 et la s\u00e9r\u00e9nit\u00e9 de tous les S\u00e9n\u00e9galais, permettant ainsi \u00e0 chacun d\u2019exprimer librement ses opinions dans un climat pacifique\u201d.<\/p>\n\n\n\n<p>\u2018\u2019Le respect des valeurs d\u00e9mocratiques et du vivre-ensemble est essentiel pour garantir un processus \u00e9lectoral pacifique et respectueux des droits de tout un chacun\u2019\u2019, souligne le communiqu\u00e9.<\/p>\n\n\n\n<p>Le minist\u00e8re de l\u2019Int\u00e9rieur et de la S\u00e9curit\u00e9 publique ajoute \u201dqu\u2019il reste mobilis\u00e9 pour garantir que cette campagne se d\u00e9roule dans les meilleures conditions de s\u00e9curit\u00e9 pour l\u2019ensemble de la population\u201d.<\/p>\n\n\n\n<p>ABB\/SBS<\/p>\n","protected":false},"excerpt":{"rendered":"<p>Dakar, (APS) &#8211; Le minist\u00e8re de l\u2019Int\u00e9rieur et de la S\u00e9curit\u00e9 publique a appel\u00e9, lundi, les leaders des partis politiques<\/p>\n","protected":false},"author":1,"featured_media":40823,"comment_status":"open","ping_status":"open","sticky":false,"template":"","format":"standard","meta":{"footnotes":""},"categories":[6],"tags":[],"class_list":["post-45242","post","type-post","status-publish","format-standard","has-post-thumbnail","hentry","category-politics"],"_links":{"self":[{"href":"https:\/\/dekkbi.com\/index.php?rest_route=\/wp\/v2\/posts\/45242","targetHints":{"allow":["GET"]}}],"collection":[{"href":"https:\/\/dekkbi.com\/index.php?rest_route=\/wp\/v2\/posts"}],"about":[{"href":"https:\/\/dekkbi.com\/index.php?rest_route=\/wp\/v2\/types\/post"}],"author":[{"embeddable":true,"href":"https:\/\/dekkbi.com\/index.php?rest_route=\/wp\/v2\/users\/1"}],"replies":[{"embeddable":true,"href":"https:\/\/dekkbi.com\/index.php?rest_route=%2Fwp%2Fv2%2Fcomments&post=45242"}],"version-history":[{"count":1,"href":"https:\/\/dekkbi.com\/index.php?rest_route=\/wp\/v2\/posts\/45242\/revisions"}],"predecessor-version":[{"id":45243,"href":"https:\/\/dekkbi.com\/index.php?rest_route=\/wp\/v2\/posts\/45242\/revisions\/45243"}],"wp:featuredmedia":[{"embeddable":true,"href":"https:\/\/dekkbi.com\/index.php?rest_route=\/wp\/v2\/media\/40823"}],"wp:attachment":[{"href":"https:\/\/dekkbi.com\/index.php?rest_route=%2Fwp%2Fv2%2Fmedia&parent=45242"}],"wp:term":[{"taxonomy":"category","embeddable":true,"href":"https:\/\/dekkbi.com\/index.php?rest_route=%2Fwp%2Fv2%2Fcategories&post=45242"},{"taxonomy":"post_tag","embeddable":true,"href":"https:\/\/dekkbi.com\/index.php?rest_route=%2Fwp%2Fv2%2Ftags&post=45242"}],"curies":[{"name":"wp","href":"https:\/\/api.w.org\/{rel}","templated":true}]}}