{"id":45232,"date":"2024-10-28T14:24:01","date_gmt":"2024-10-28T14:24:01","guid":{"rendered":"https:\/\/dekkbi.com\/?p=45232"},"modified":"2024-10-28T14:24:38","modified_gmt":"2024-10-28T14:24:38","slug":"assemblees-annuelles-du-fmi-et-de-la-banque-mondiale-2024-le-senegal-renforce-la-confiance-de-ses-partenaires-et-presente-son-nouveau-referentiel-de-politiques-publiques","status":"publish","type":"post","link":"https:\/\/dekkbi.com\/?p=45232","title":{"rendered":"Assembl\u00e9es annuelles du FMI et de la Banque mondiale 2024"},"content":{"rendered":"\n<p><strong> Le S\u00e9n\u00e9gal renforce la confiance de ses partenaires et pr\u00e9sente son nouveau r\u00e9f\u00e9rentiel de politiques publiques. <\/strong><\/p>\n\n\n\n<p>Le S\u00e9n\u00e9gal a particip\u00e9 aux Assembl\u00e9es annuelles 2024 du Fonds mon\u00e9taire international (FMI) et de la Banque mondiale, qui se sont d\u00e9roul\u00e9es dans la p\u00e9riode du 21 au 26 octobre 2024. Lors de ces Assembl\u00e9es annuelles, le S\u00e9n\u00e9gal a entretenu une communication responsable vis-\u00e0-vis des partenaires, investisseurs et institutionnels, pour informer juste sur le processus de transparence engag\u00e9 par le Gouvernement, afin de pr\u00e9server la confiance dont notre pays jouit au sein de la communaut\u00e9 des partenaires. Ces Assembl\u00e9es annuelles furent des moments intenses d\u2019\u00e9changes profonds et de dialogue constructif sur l\u2019engagement du S\u00e9n\u00e9gal, pour la transparence et la red\u00e9finition de ses engagements en mati\u00e8re de bonne gouvernance.<\/p>\n\n\n\n<p>1. Une d\u00e9l\u00e9gation conduite par le Ministre des Finances et du Budget, M. Cheikh Diba, et comprenant le Ministre de l\u2019\u00c9conomie, du Plan et de la Coop\u00e9ration, le Ministre du Commerce et de l\u2019Industrie, le Ministre de l\u2019\u00c9nergie, du P\u00e9trole et des Mines, le Ministre, Secr\u00e9taire G\u00e9n\u00e9ral du Gouvernement et le Directeur national de la BCEAO pour le S\u00e9n\u00e9gal, avec la pr\u00e9sence du Ministre-Conseiller \u00e0 l\u2019Ambassade du S\u00e9n\u00e9gal \u00e0 Washington, a repr\u00e9sent\u00e9 le S\u00e9n\u00e9gal aux Assembl\u00e9es annuelles du Fonds mon\u00e9taire international (FMI) et de la Banque mondiale \u00e0 Washington, qui se sont d\u00e9roul\u00e9es dans la p\u00e9riode du 21 au 26 octobre 2024.<\/p>\n\n\n\n<p>2. Ces rencontres annuelles qui regroupent l\u2019ensemble des d\u00e9cideurs mondiaux, ont servi de cadre au gouvernement s\u00e9n\u00e9galais pour rencontrer les partenaires au d\u00e9veloppement, les investisseurs et les agences de notation, afin de renforcer les relations avec la communaut\u00e9 des investisseurs et consolider les partenariats existants. Dans le contexte actuel, elles ont aussi permis de r\u00e9affirmer l\u2019engagement du S\u00e9n\u00e9gal \u00e0 instaurer une gouvernance fond\u00e9e sur la transparence dans la gestion des ressources publiques.<\/p>\n\n\n\n<p>3. Bref rappel du contexte : Le contexte de ces assembl\u00e9es est d\u2019abord la publication des r\u00e9sultats provisoires de l\u2019audit des finances publiques. Cet audit a \u00e9t\u00e9 salu\u00e9 par la communaut\u00e9 des partenaires, qui s\u2019est tout de m\u00eame interrog\u00e9e sur la capacit\u00e9 du S\u00e9n\u00e9gal \u00e0 r\u00e9tablir la situation. C\u2019\u00e9tait l\u2019occasion pour la d\u00e9l\u00e9gation s\u00e9n\u00e9galaise de rassurer sur les mesures de corrections cr\u00e9dibles et r\u00e9alistes envisag\u00e9es. Ce message et la pertinence de la trajectoire de consolidation budg\u00e9taire, ont rassur\u00e9 les partenaires et pr\u00e9serv\u00e9 la confiance surtout par rapport \u00e0 la volont\u00e9 de transformation affich\u00e9e, tout en r\u00e9affirmant les bases solides du pays. L\u2019objectif de cette transparence : partir d\u2019une situation de<br>r\u00e9f\u00e9rence fiable, pour instaurer une gestion saine des finances publiques, en accord avec les promesses de bonne gouvernance faites aux citoyens et impulser une dynamique de d\u00e9veloppement durable.<\/p>\n\n\n\n<p>4. Les Assembl\u00e9es annuelles ont offert une tribune pr\u00e9cieuse pour expliquer cette d\u00e9marche audacieuse aux partenaires et investisseurs, en clarifiant les raisons l\u00e9gales et r\u00e9glementaires qui ont conduit \u00e0 cette d\u00e9cision d\u2019audit et de transparence. Le S\u00e9n\u00e9gal, fort de ses fondements robustes, continuera ainsi \u00e0 honorer ses engagements.<\/p>\n\n\n\n<p>5. Le contexte des Assembl\u00e9es annuelles est \u00e9galement marqu\u00e9 par l\u2019adoption d\u2019un nouveau r\u00e9f\u00e9rentiel de politiques publiques qui d\u00e9gage une \u00ab Vision 2050 \u00bb pour un S\u00e9n\u00e9gal souverain, juste et prosp\u00e8re. Cette vision qui a des d\u00e9clinaisons d\u00e9cennale et quinquennale, mise sur des moteurs de croissance vari\u00e9s et le d\u00e9veloppement de fili\u00e8res au niveau des p\u00f4les territoires \u00e0 mettre en place. Cette vision est ax\u00e9e sur quatre (04) piliers avec, comme objectif global : la promotion d\u2019un d\u00e9veloppement endog\u00e8ne et durable, port\u00e9 par des territoires responsabilis\u00e9s.<\/p>\n\n\n\n<p>6. Les partenaires ont unanimement salu\u00e9 l\u2019adoption d\u2019un nouveau r\u00e9f\u00e9rentiel, reconnu sa pertinence et exprim\u00e9 leur disponibilit\u00e9 \u00e0 accompagner sa mise en \u0153uvre.<\/p>\n\n\n\n<p>7. Globalement, des messages clairs centr\u00e9s sur les d\u00e9veloppements r\u00e9cents, ont \u00e9t\u00e9 formul\u00e9s, notamment: i) l\u2019engagement des nouvelles autorit\u00e9s \u00e0 une plus grande transparence \u00e0 travers la publication des r\u00e9sultats du rapport provisoire sur la situation des finances publiques, en application des dispositions l\u00e9gales et r\u00e9glementaires et ii) la pr\u00e9sentation du nouveau r\u00e9f\u00e9rentiel de politiques publiques \u00ab Vision S\u00e9n\u00e9gal 2050 \u00bb coh\u00e9rent, viable et comp\u00e9titif et jetant les bases de la souverainet\u00e9 \u00e9conomique.<\/p>\n\n\n\n<p>8. D\u2019importantes et strat\u00e9giques rencontres se sont tenues, notamment avec les autorit\u00e9s am\u00e9ricaines telles que le d\u00e9partement du Tr\u00e9sor public am\u00e9ricain, le D\u00e9partement d\u2019Etat et la US-DFC ; le Tr\u00e9sor Fran\u00e7ais, la Banque mondiale, le FMI, les filiales du Groupe de la BID Afreximbank et d\u2019autres partenaires techniques et financiers, les investisseurs internationaux et les agences de notation, notamment Moody\u2019s.<\/p>\n\n\n\n<p>9. Les discussions avec la Banque mondiale ont permis d\u2019aborder les priorit\u00e9s de d\u00e9veloppement du S\u00e9n\u00e9gal, avec un accent sur les r\u00e9formes \u00e9conomiques, la digitalisation et l\u2019am\u00e9lioration de la comp\u00e9titivit\u00e9 \u00e9conomique. Le S\u00e9n\u00e9gal a \u00e9galement pris part \u00e0 la r\u00e9union du Caucus Africain, o\u00f9 les priorit\u00e9s africaines telles que l\u2019acc\u00e8s \u00e0 l\u2019\u00e9nergie et le financement du commerce intra-africain, ont \u00e9t\u00e9 discut\u00e9es.<\/p>\n\n\n\n<p>10. Les \u00e9changes avec le FMI ont port\u00e9 sur l\u2019audit des finances publiques, un exercice volontaire de transparence men\u00e9 par le S\u00e9n\u00e9gal pour poser les bases d\u2019une gouvernance saine. Les \u00e9changes ont \u00e9galement port\u00e9 sur la mise \u00e0 jour du cadrage macro\u00e9conomique, les lignes directrices des mesures correctrices envisag\u00e9es.<\/p>\n\n\n\n<p>11. Les rencontres avec la communaut\u00e9 des investisseurs internationaux, notamment la Development Finance Corporation (DFC) et d\u2019autres partenaires, pour explorer les opportunit\u00e9s d\u2019investissement dans les secteurs prioritaires du nouveau r\u00e9f\u00e9rentiel de politique \u00e9conomique, notamment la technologie, l\u2019agriculture, l\u2019industrialisation ainsi que le p\u00e9trole et le gaz. Ces rencontres ont permis de solliciter un renforcement des partenariats pour soutenir les PME et banques s\u00e9n\u00e9galaises et d\u2019attirer des financements pour les projets prioritaires de la Vision S\u00e9n\u00e9gal 2050.<\/p>\n\n\n\n<p>12. \u00c0 l\u2019issue de ces assembl\u00e9es, le gouvernement s\u00e9n\u00e9galais r\u00e9affirme son engagement \u00e0 collaborer \u00e9troitement avec ses partenaires, pour mettre en \u0153uvre la Vision S\u00e9n\u00e9gal 2050, \u00e0 travers des projets cl\u00e9s et le d\u00e9veloppement du secteur priv\u00e9. Ces Assembl\u00e9es annuelles ont donc marqu\u00e9 un pas d\u00e9cisif dans la consolidation des relations internationales du S\u00e9n\u00e9gal.<\/p>\n\n\n\n<p>13. Dans un contexte de relance de l\u2019activit\u00e9 \u00e9conomique, le S\u00e9n\u00e9gal est conscient de la n\u00e9cessit\u00e9 de r\u00e9formes profondes et d\u2019une am\u00e9lioration durable de sa gouvernance. Les \u00e9changes ont permis \u00e0 la d\u00e9l\u00e9gation s\u00e9n\u00e9galaise de rassurer la communaut\u00e9 internationale, quant \u00e0 l\u2019engagement du S\u00e9n\u00e9gal \u00e0 mettre en \u0153uvre les r\u00e9formes n\u00e9cessaires. Cet effort de transparence, reconnu et salu\u00e9 comme un acte de courage, a renforc\u00e9 le soutien des partenaires, qui encouragent d\u00e9sormais le S\u00e9n\u00e9gal \u00e0 identifier et \u00e0 mettre en \u0153uvre des r\u00e9formes concr\u00e8tes et cr\u00e9dibles. Ces actions assureront que le S\u00e9n\u00e9gal continue de b\u00e9n\u00e9ficier de la confiance et de l\u2019accompagnement des partenaires.<\/p>\n\n\n\n<p>14. Les autorit\u00e9s am\u00e9ricaines ont salu\u00e9 la d\u00e9marche de transparence du S\u00e9n\u00e9gal, offrant leur soutien pour accompagner cette transition \u00e9conomique, en collaboration avec la Banque mondiale et le FMI, avec un focus sur les secteurs des infrastructures, la s\u00e9curit\u00e9 alimentaire, le tourisme et la digitalisation. Elles ont \u00e9galement recommand\u00e9 des am\u00e9liorations de l\u2019environnement des affaires pour attirer les investissements \u00e9trangers et renforcer le r\u00f4le du secteur priv\u00e9 dans le d\u00e9veloppement \u00e9conomique du pays. Du c\u00f4t\u00e9 des march\u00e9s financiers, les institutions financi\u00e8res ont exprim\u00e9 leur soutien envers le S\u00e9n\u00e9gal, pour ses efforts de transparence dans la gestion des finances publiques et ont renouvel\u00e9 leur int\u00e9r\u00eat pour mobiliser des ressources en 2024-2025.<\/p>\n","protected":false},"excerpt":{"rendered":"<p>Le S\u00e9n\u00e9gal renforce la confiance de ses partenaires et pr\u00e9sente son nouveau r\u00e9f\u00e9rentiel de politiques publiques. Le S\u00e9n\u00e9gal a particip\u00e9<\/p>\n","protected":false},"author":1,"featured_media":45233,"comment_status":"open","ping_status":"open","sticky":false,"template":"","format":"standard","meta":{"footnotes":""},"categories":[3],"tags":[],"class_list":["post-45232","post","type-post","status-publish","format-standard","has-post-thumbnail","hentry","category-event-more-news"],"_links":{"self":[{"href":"https:\/\/dekkbi.com\/index.php?rest_route=\/wp\/v2\/posts\/45232","targetHints":{"allow":["GET"]}}],"collection":[{"href":"https:\/\/dekkbi.com\/index.php?rest_route=\/wp\/v2\/posts"}],"about":[{"href":"https:\/\/dekkbi.com\/index.php?rest_route=\/wp\/v2\/types\/post"}],"author":[{"embeddable":true,"href":"https:\/\/dekkbi.com\/index.php?rest_route=\/wp\/v2\/users\/1"}],"replies":[{"embeddable":true,"href":"https:\/\/dekkbi.com\/index.php?rest_route=%2Fwp%2Fv2%2Fcomments&post=45232"}],"version-history":[{"count":2,"href":"https:\/\/dekkbi.com\/index.php?rest_route=\/wp\/v2\/posts\/45232\/revisions"}],"predecessor-version":[{"id":45235,"href":"https:\/\/dekkbi.com\/index.php?rest_route=\/wp\/v2\/posts\/45232\/revisions\/45235"}],"wp:featuredmedia":[{"embeddable":true,"href":"https:\/\/dekkbi.com\/index.php?rest_route=\/wp\/v2\/media\/45233"}],"wp:attachment":[{"href":"https:\/\/dekkbi.com\/index.php?rest_route=%2Fwp%2Fv2%2Fmedia&parent=45232"}],"wp:term":[{"taxonomy":"category","embeddable":true,"href":"https:\/\/dekkbi.com\/index.php?rest_route=%2Fwp%2Fv2%2Fcategories&post=45232"},{"taxonomy":"post_tag","embeddable":true,"href":"https:\/\/dekkbi.com\/index.php?rest_route=%2Fwp%2Fv2%2Ftags&post=45232"}],"curies":[{"name":"wp","href":"https:\/\/api.w.org\/{rel}","templated":true}]}}