{"id":45221,"date":"2024-10-28T13:42:02","date_gmt":"2024-10-28T13:42:02","guid":{"rendered":"https:\/\/dekkbi.com\/?p=45221"},"modified":"2024-10-28T13:42:02","modified_gmt":"2024-10-28T13:42:02","slug":"alarmant-ridicule-pas-au-niveau-un-premier-clasico-a-oublier-pour-mbappe","status":"publish","type":"post","link":"https:\/\/dekkbi.com\/?p=45221","title":{"rendered":"\u201cAlarmant\u201d, \u201cridicule\u201d, \u201cpas au niveau\u201d: un premier Clasico \u00e0 oublier pour Mbapp\u00e9"},"content":{"rendered":"\n<p>Du r\u00eave au cauchemar: l\u2019attaquant star du Real Madrid Kylian Mbapp\u00e9 a connu un premier Clasico extr\u00eamement frustrant samedi, qui l\u2019a vu passer de h\u00e9ros potentiel \u00e0 symbole de la faillite collective madril\u00e8ne face \u00e0 son grand rival du FC Barcelone (4-0).<\/p>\n\n\n\n<p><strong>Source:<\/strong>\u00a0AFP<\/p>\n\n\n\n<p>Ce devait \u00eatre sa premi\u00e8re grande soir\u00e9e, celle qui lancerait, pour de bon, son aventure avec \u201cle club de ses r\u00eaves\u201d et le ferait rentrer dans le coeur de ses supporters.<\/p>\n\n\n\n<p>Ce fut au final une nuit \u00e0 oublier pour l\u2019attaquant fran\u00e7ais, pris au pi\u00e8ge du hors-jeu \u00e0 huit reprises par une d\u00e9fense barcelonaise audacieuse, plac\u00e9e tr\u00e8s haut sur le terrain, puis maladroit devant le but lorsqu\u2019il a eu l\u2019occasion de briller.<\/p>\n\n\n\n<p>\u201cMbapp\u00e9 a grinc\u00e9 des dents, pris dans la toile d\u2019araign\u00e9e des hors-jeux de Flick et pas r\u00e9aliste sur les bonnes opportunit\u00e9s que lui ont offert ce choc\u201d, r\u00e9sume le quotidien AS, alors que le N.9 merengue a rat\u00e9 deux face-\u00e0-face avec le gardien catalan Inaki Pena en seconde p\u00e9riode.<\/p>\n\n\n\n<p>Cela s\u2019est souvent jou\u00e9 \u00e0 quelques centim\u00e8tres, comme \u00e0 la trenti\u00e8me minute de jeu, o\u00f9, lanc\u00e9 dans la profondeur par Lucas Vazquez, il a fait exploser le Santiago Bernabeu d\u2019un subtil ballon piqu\u00e9 pour ouvrir le score\u2026 avant de voir son but refus\u00e9 pour hors-jeu. Le sixi\u00e8me de la partie, d\u00e9j\u00e0.<\/p>\n\n\n\n<p>Il en subira deux autres en deuxi\u00e8me mi-temps, alors que le Real tentait de revenir au score, \u00e0 nouveau pris \u00e0 d\u00e9faut par le jeune Pau Cubarsi, 17 ans, et l\u2019exp\u00e9riment\u00e9 Inigo Martinez, toujours bien align\u00e9s.<\/p>\n\n\n\n<p>\u201cOn savait qu\u2019ils jouaient avec ce bloc tr\u00e8s haut, donc on voulait essayer d\u2019en profiter. Il a eu des occasions de marquer, c\u2019est vrai qu\u2019il a \u00e9t\u00e9 pris plusieurs fois hors-jeu, mais c\u2019est normal avec une ligne d\u00e9fensive aussi haute. Ensuite, il aurait pu marquer \u00e0 plusieurs reprises, mais il lui a manqu\u00e9 un peu d\u2019efficacit\u00e9\u201d, a d\u00e9clar\u00e9 l\u2019entra\u00eeneur madril\u00e8ne Carlo Ancelotti apr\u00e8s la rencontre.<\/p>\n\n\n\n<h2 class=\"wp-block-heading\">\u201cMbapp\u00e9 alarmant\u201d<\/h2>\n\n\n\n<p>\u201cAlarmant\u201d, \u201cridicule\u201d, \u201cpas au niveau que l\u2019on attend de lui\u201d&#8230; Mbapp\u00e9 a \u00e9t\u00e9 largement point\u00e9 du doigt par la presse espagnole, qui estimait pourtant que le capitaine de l\u2019\u00e9quipe de France semblait revenir \u00e0 son meilleur niveau en d\u00e9pit de ses affaires extrasportives (accusations de viol port\u00e9es par la presse su\u00e9doise, litige financier avec le PSG\u2026) et de ses p\u00e9pins physiques.<\/p>\n\n\n\n<p>\u201cUn match comme celui d\u2019hier soir semblait id\u00e9al pour qu\u2019il franchisse un cap, mais il faudra attendre. Contre le Bar\u00e7a, il a pu courir et, avec un peu de r\u00e9ussite, il aurait pu au moins marquer un but, mais au-del\u00e0 de cela, il n\u2019est pas aussi d\u00e9cisif et redoutable que les ann\u00e9es pr\u00e9c\u00e9dentes\u201d, souligne Marca dans ses pages dimanche.<\/p>\n\n\n\n<p>Pour le quotidien catalan Sport, pro-Bar\u00e7a, Kylian Mbapp\u00e9 \u201cest venu \u00e0 Madrid, suppos\u00e9ment, pour gagner des titres et \u00eatre d\u00e9cisif pour l\u2019\u00e9quipe. Mais depuis son arriv\u00e9e, l\u2019\u00e9quipe blanche ne carbure pas et le Fran\u00e7ais a \u00e9t\u00e9 d\u2019un ridicule historique pour son premier Clasico au Bernabeu\u201d.<\/p>\n\n\n\n<p>\u00c9galement point\u00e9 du doigt, Carlo Ancelotti reste, comme \u00e0 son habitude confiant et tranquille, en rappelant que \u201cla derni\u00e8re fois que le Real a perdu un Clasico 0-4 nous avons gagn\u00e9 la Liga et la Ligue des champions\u201d. Il faudra pour cela que sa recrue star de l\u2019\u00e9t\u00e9 se montre plus tueur. Car il est capable de l\u2019\u00eatre.<\/p>\n","protected":false},"excerpt":{"rendered":"<p>Du r\u00eave au cauchemar: l\u2019attaquant star du Real Madrid Kylian Mbapp\u00e9 a connu un premier Clasico extr\u00eamement frustrant samedi, qui<\/p>\n","protected":false},"author":1,"featured_media":45222,"comment_status":"open","ping_status":"open","sticky":false,"template":"","format":"standard","meta":{"footnotes":""},"categories":[9],"tags":[],"class_list":["post-45221","post","type-post","status-publish","format-standard","has-post-thumbnail","hentry","category-sports"],"_links":{"self":[{"href":"https:\/\/dekkbi.com\/index.php?rest_route=\/wp\/v2\/posts\/45221","targetHints":{"allow":["GET"]}}],"collection":[{"href":"https:\/\/dekkbi.com\/index.php?rest_route=\/wp\/v2\/posts"}],"about":[{"href":"https:\/\/dekkbi.com\/index.php?rest_route=\/wp\/v2\/types\/post"}],"author":[{"embeddable":true,"href":"https:\/\/dekkbi.com\/index.php?rest_route=\/wp\/v2\/users\/1"}],"replies":[{"embeddable":true,"href":"https:\/\/dekkbi.com\/index.php?rest_route=%2Fwp%2Fv2%2Fcomments&post=45221"}],"version-history":[{"count":1,"href":"https:\/\/dekkbi.com\/index.php?rest_route=\/wp\/v2\/posts\/45221\/revisions"}],"predecessor-version":[{"id":45223,"href":"https:\/\/dekkbi.com\/index.php?rest_route=\/wp\/v2\/posts\/45221\/revisions\/45223"}],"wp:featuredmedia":[{"embeddable":true,"href":"https:\/\/dekkbi.com\/index.php?rest_route=\/wp\/v2\/media\/45222"}],"wp:attachment":[{"href":"https:\/\/dekkbi.com\/index.php?rest_route=%2Fwp%2Fv2%2Fmedia&parent=45221"}],"wp:term":[{"taxonomy":"category","embeddable":true,"href":"https:\/\/dekkbi.com\/index.php?rest_route=%2Fwp%2Fv2%2Fcategories&post=45221"},{"taxonomy":"post_tag","embeddable":true,"href":"https:\/\/dekkbi.com\/index.php?rest_route=%2Fwp%2Fv2%2Ftags&post=45221"}],"curies":[{"name":"wp","href":"https:\/\/api.w.org\/{rel}","templated":true}]}}