{"id":45179,"date":"2024-10-28T11:15:19","date_gmt":"2024-10-28T11:15:19","guid":{"rendered":"https:\/\/dekkbi.com\/?p=45179"},"modified":"2024-10-28T13:26:52","modified_gmt":"2024-10-28T13:26:52","slug":"maroc-france-les-personnalites-membres-de-la-delegation-demmanuel-macron","status":"publish","type":"post","link":"https:\/\/dekkbi.com\/?p=45179","title":{"rendered":"Maroc \u2013 France: Les personnalit\u00e9s membres de la d\u00e9l\u00e9gation de Macron"},"content":{"rendered":"\n<p>Le pr\u00e9sident fran\u00e7ais Emmanuel Macron se rend au Maroc, du 28 au 30 octobre 2024. Dans le cadre sa premi\u00e8re visite d\u2019Etat apr\u00e8s sa r\u00e9\u00e9lection, il sera accompagn\u00e9 d\u2019une d\u00e9l\u00e9gation d\u2019officiels, mais aussi d\u2019acteurs de la vie politique et du monde culturel, dont de nombreux binationaux issus des deux pays.<\/p>\n\n\n\n<p>En visite d\u2019Etat au Maroc, \u00e0 partir de ce lundi 28 octobre 2024, le pr\u00e9sident fran\u00e7ais Emmanuel Macron sera accompagn\u00e9 d\u2019une d\u00e9l\u00e9gation de 122 personnes. Entre officiels, anciens ministres et \u00e9lus, parlementaires, administrateurs, acteurs \u00e9conomiques, industriel et institutionnels, repr\u00e9sentants du monde artistique, culturel, sportif, universitaire, scientifique et associatif, les noms incluent nombre de personnalit\u00e9s binationales.<\/p>\n\n\n\n<p>La d\u00e9l\u00e9gation officielle est compos\u00e9e neuf membre du gouvernement, \u00e0 commencer par le ministre de l\u2019Int\u00e9rieur, Bruno Retailleau, ainsi que celui de l\u2019Europe et des Affaires \u00e9trang\u00e8res, Jean-No\u00ebl Barrot. Figurent \u00e9galement Rachida Dati (Culture), Anne Genetet (Education nationale), S\u00e9bastien Lecornu (Arm\u00e9es et anciens combattants), Antoine Armand (Economie, finances et industrie), Annie Genevard (agriculture), Patrick Hetzel (Enseignement sup\u00e9rieur) et Olga Givernet, ministre d\u00e9l\u00e9gu\u00e9e aupr\u00e8s de la ministre de la Transition \u00e9cologique, de l\u2019\u00e9nergie, du climat et de la pr\u00e9vention des risques, charg\u00e9e de l\u2019\u00e9nergie.<\/p>\n\n\n\n<p>Parmi les parlementaires et \u00e9lus figurent Na\u00efma Moutchou (Horizons), d\u00e9put\u00e9e du Val-d\u2019Oise (4e circonscription) et vice-pr\u00e9sidente de l\u2019Assembl\u00e9e nationale, ou encore Karim Ben Cheikh, d\u00e9put\u00e9 de la 9e circonscription des Fran\u00e7ais \u00e9tablis hors de France, ancien pr\u00e9sident du Groupe d\u2019amiti\u00e9 France-Maroc de l\u2019Assembl\u00e9e nationale. Seront pr\u00e9sent en tant qu\u2019anciens ministres et \u00e9lus Fiona Lazaar, M\u2019jid El Guerrab, Yamina Benguigui et Sarah El Ha\u00efry, anciennes ministres d\u00e9l\u00e9gu\u00e9es, ou encore Hubert V\u00e9drine et Elisabeth Guigou, anciens ministres.<\/p>\n\n\n\n<p>Au sein des repr\u00e9sentants de l\u2019administration figurent Bariza Khiari, repr\u00e9sentante personnelle du pr\u00e9sident de la r\u00e9publique et pr\u00e9sidente de l\u2019Alliance internationale pour la protection du patrimoine dans les zones de conflit (ALIPH), Marie-Anne Barbat-Layani, pr\u00e9sidente de l\u2019Autorit\u00e9 des march\u00e9s financiers au minist\u00e8re de l\u2019Economie et des finances, Dora Cattuti, sous-directrice d\u2019Afrique du Nord au minist\u00e8re de l\u2019Europe et des Affaires \u00e9trang\u00e8res, ou encore Samira Djouadi, conseill\u00e8re au Conseil \u00e9conomique social et environnemental et fondatrice de l\u2019association Tous en stage.<\/p>\n\n\n\n<p>Parmi les parlementaires et \u00e9lus figurent Na\u00efma Moutchou (Horizons), d\u00e9put\u00e9e du Val-d\u2019Oise (4e circonscription) et vice-pr\u00e9sidente de l\u2019Assembl\u00e9e nationale, ou encore Karim Ben Cheikh, d\u00e9put\u00e9 de la 9e circonscription des Fran\u00e7ais \u00e9tablis hors de France, ancien pr\u00e9sident du Groupe d\u2019amiti\u00e9 France-Maroc de l\u2019Assembl\u00e9e nationale. Seront pr\u00e9sent en tant qu\u2019anciens ministres et \u00e9lus Fiona Lazaar, M\u2019jid El Guerrab, Yamina Benguigui et Sarah El Ha\u00efry, anciennes ministres d\u00e9l\u00e9gu\u00e9es, ou encore Hubert V\u00e9drine et Elisabeth Guigou, anciens ministres.<\/p>\n\n\n\n<p>Au sein des repr\u00e9sentants de l\u2019administration figurent Bariza Khiari, repr\u00e9sentante personnelle du pr\u00e9sident de la r\u00e9publique et pr\u00e9sidente de l\u2019Alliance internationale pour la protection du patrimoine dans les zones de conflit (ALIPH), Marie-Anne Barbat-Layani, pr\u00e9sidente de l\u2019Autorit\u00e9 des march\u00e9s financiers au minist\u00e8re de l\u2019Economie et des finances, Dora Cattuti, sous-directrice d\u2019Afrique du Nord au minist\u00e8re de l\u2019Europe et des Affaires \u00e9trang\u00e8res, ou encore Samira Djouadi, conseill\u00e8re au Conseil \u00e9conomique social et environnemental et fondatrice de l\u2019association Tous en stage.<\/p>\n\n\n\n<p>Parmi les repr\u00e9sentants du monde artistique, culturel, sportif, universitaire, scientifique et associatif figurent Karim Amellal, \u00e9crivain et enseignant \u00e0 Sciences Po, ambassadeur d\u00e9l\u00e9gu\u00e9 interminist\u00e9riel \u00e0 la M\u00e9diterran\u00e9e, Jacques Attali, \u00e9crivain, \u00e9conomiste et chef d\u2019orchestre, Edgar Morin, \u00e9crivain, sociologue et philosophe, Jack Lang, pr\u00e9sident de l\u2019Institut du monde arabe, Pierre-Olivier Costa, pr\u00e9sident du Mus\u00e9e des civilisations de l\u2019Europe et de la M\u00e9diterran\u00e9e (MuCEM), Rachid Yazami, physico-chimiste et inventeur, r\u00e9cipiendaire du prix Draper 2014 de l\u2019Acad\u00e9mie nationale am\u00e9ricaine d\u2019ing\u00e9nierie, Ali Baddou, animateur de radio et de t\u00e9l\u00e9vision, Nour Ayadi, pianiste.<\/p>\n\n\n\n<p>Cette d\u00e9l\u00e9gation inclut aussi Nabil Ayouch, r\u00e9alisateur, Tahar Benjelloun, \u00e9crivain et po\u00e8te, G\u00e9rard Darmon, acteur et chanteur, Jamel Debbouze, humoriste et acteur, Bernard-Henri L\u00e9vy Ecrivain, philosophe et r\u00e9alisateur, Arielle Dombasle, actrice, chanteuse, r\u00e9alisatrice et sc\u00e9nariste, Rajaa Moussadik, fondatrice du Salon du monde arabo-amazigh, Gilles P\u00e9cout, pr\u00e9sident de la Biblioth\u00e8que nationale de France, Le\u00efla Slimani, \u00e9crivaine et journaliste, Eric Toledano, r\u00e9alisateur et sc\u00e9nariste, Kim Younes, pr\u00e9sidente de TV5 Monde, Abdelaali El Badaoui, pr\u00e9sident et fondateur de l\u2019association Banlieues Sant\u00e9, ou encore Marc Eisenberg Pr\u00e9sident de l\u2019Alliance isra\u00e9lite universelle (AIU).<\/p>\n\n\n\n<p>Parmi les personnalit\u00e9s sportives figurent Abdelatif Benazzi, ancien joueur de rugby \u00e0 XV professionnel, pr\u00e9sident de l\u2019association Noor au Maroc et vice-pr\u00e9sident de la F\u00e9d\u00e9ration fran\u00e7aise de rugby (FFR), Sofiane Oumiha, boxeur professionnel, multiple vice-champion olympique et champion du monde, ainsi que Teddy Riner, judoka professionnel, multiple champion olympique, champion du monde et champion d\u2019Europe.<\/p>\n\n\n\n<p>Cette visite d\u2019Etat intervient dans un contexte de r\u00e9tablissement des relations diplomatiques entre le Maroc et la France, apr\u00e8s que Paris a officialis\u00e9 la reconnaissance de la souverainet\u00e9 du royaume sur le Sahara, \u00e0 l\u2019occasion du 25e anniversaire de la f\u00eate du Tr\u00f4ne. Accompagn\u00e9 de son \u00e9pouse Brigitte Macron, Emmanuel Macron effectue sa visite du 28 au 30 octobre. Apr\u00e8s l\u2019accueil officiel, le roi Mohammed VI et Emmanuel Macron auront des entretiens en t\u00eate-\u00e0-t\u00eate. Ils pr\u00e9sideront, ensuite, une c\u00e9r\u00e9monie de signatures d\u2019accords entre les deux pays.<\/p>\n","protected":false},"excerpt":{"rendered":"<p>Le pr\u00e9sident fran\u00e7ais Emmanuel Macron se rend au Maroc, du 28 au 30 octobre 2024. Dans le cadre sa premi\u00e8re<\/p>\n","protected":false},"author":1,"featured_media":45180,"comment_status":"open","ping_status":"open","sticky":false,"template":"","format":"standard","meta":{"footnotes":""},"categories":[51],"tags":[],"class_list":["post-45179","post","type-post","status-publish","format-standard","has-post-thumbnail","hentry","category-general"],"_links":{"self":[{"href":"https:\/\/dekkbi.com\/index.php?rest_route=\/wp\/v2\/posts\/45179","targetHints":{"allow":["GET"]}}],"collection":[{"href":"https:\/\/dekkbi.com\/index.php?rest_route=\/wp\/v2\/posts"}],"about":[{"href":"https:\/\/dekkbi.com\/index.php?rest_route=\/wp\/v2\/types\/post"}],"author":[{"embeddable":true,"href":"https:\/\/dekkbi.com\/index.php?rest_route=\/wp\/v2\/users\/1"}],"replies":[{"embeddable":true,"href":"https:\/\/dekkbi.com\/index.php?rest_route=%2Fwp%2Fv2%2Fcomments&post=45179"}],"version-history":[{"count":2,"href":"https:\/\/dekkbi.com\/index.php?rest_route=\/wp\/v2\/posts\/45179\/revisions"}],"predecessor-version":[{"id":45216,"href":"https:\/\/dekkbi.com\/index.php?rest_route=\/wp\/v2\/posts\/45179\/revisions\/45216"}],"wp:featuredmedia":[{"embeddable":true,"href":"https:\/\/dekkbi.com\/index.php?rest_route=\/wp\/v2\/media\/45180"}],"wp:attachment":[{"href":"https:\/\/dekkbi.com\/index.php?rest_route=%2Fwp%2Fv2%2Fmedia&parent=45179"}],"wp:term":[{"taxonomy":"category","embeddable":true,"href":"https:\/\/dekkbi.com\/index.php?rest_route=%2Fwp%2Fv2%2Fcategories&post=45179"},{"taxonomy":"post_tag","embeddable":true,"href":"https:\/\/dekkbi.com\/index.php?rest_route=%2Fwp%2Fv2%2Ftags&post=45179"}],"curies":[{"name":"wp","href":"https:\/\/api.w.org\/{rel}","templated":true}]}}