{"id":45154,"date":"2024-10-28T10:38:55","date_gmt":"2024-10-28T10:38:55","guid":{"rendered":"https:\/\/dekkbi.com\/?p=45154"},"modified":"2024-10-28T10:50:49","modified_gmt":"2024-10-28T10:50:49","slug":"enseignement-apprentissage-200-formateurs-vacataires-recrutes","status":"publish","type":"post","link":"https:\/\/dekkbi.com\/?p=45154","title":{"rendered":"Enseignement\/apprentissage: 200 formateurs vacataires recrut\u00e9s"},"content":{"rendered":"\n<p><strong>Le ministre de la Formation professionnelle, Amadou Moustapha Njekk SARRE, a pr\u00e9sid\u00e9, le vendredi 25 octobre 2024, au Centre de Formation Professionnelle et Technique\/S\u00e9n\u00e9gal-Japon (CFPT\/SJ), la c\u00e9r\u00e9monie de remise des ordres de service \u00e0 200 formateurs vacataires nouvellement recrut\u00e9s par son d\u00e9partement.<\/strong><\/p>\n\n\n\n<p>Lanc\u00e9 le 31 janvier 2024 par le minist\u00e8re de la Formation Professionnelle, de l\u2019Apprentissage et de l\u2019Insertion, le programme de recrutement de 200 formateurs vacataires a \u00e9t\u00e9 cl\u00f4tur\u00e9 le vendredi 25 octobre 2024, lors d\u2019une c\u00e9r\u00e9monie de remise des ordres de service aux b\u00e9n\u00e9ficiaires. Les formateurs recrut\u00e9s sont ainsi affect\u00e9s dans les centres de formation \u00e0 travers le territoire national, afin de transmettre leur savoir-faire et de former les jeunes pour qu\u2019ils deviennent des techniciens sup\u00e9rieurs capables de r\u00e9pondre aux exigences du march\u00e9 en termes de main-d\u2019\u0153uvre qualifi\u00e9e, contribuant ainsi au nouveau r\u00e9f\u00e9rentiel par l\u2019insertion professionnelle et la cr\u00e9ation de richesse.<\/p>\n\n\n\n<p>Aux nouvelles recrues, pr\u00eates \u00e0 jouer leur r\u00f4le dans les politiques de d\u00e9veloppement durable, en vue de b\u00e2tir ensemble un avenir o\u00f9 l\u2019\u00e9ducation et la formation seront les moteurs du progr\u00e8s social et \u00e9conomique, le ministre Amadou Moustapha Njekk SARRE a demand\u00e9 d\u2019\u00eatre de v\u00e9ritables ambassadeurs du pays. S\u2019adressant aux recrues, il les a exhort\u00e9es en ces termes : \u00ab Sur plus de 6 500 candidatures, seules 200 ont \u00e9t\u00e9 retenues pour participer \u00e0 ce programme. Cette formation s\u2019est d\u00e9roul\u00e9e avec succ\u00e8s et a r\u00e9v\u00e9l\u00e9 une comp\u00e9tence av\u00e9r\u00e9e pour r\u00e9pondre aux attentes. Cela prouve que vous \u00eates m\u00e9ritants. Il est donc essentiel de porter haut le flambeau afin, en retour, de former les jeunes en qu\u00eate de qualification. \u00bb Ce programme s\u2019inscrit parfaitement dans les orientations et objectifs du Pr\u00e9sident de la R\u00e9publique, qui ne cesse de \u00ab nous soutenir et de nous encourager dans cette voie \u00bb, a-t-il ajout\u00e9.<\/p>\n\n\n\n<p>Il a, par la m\u00eame occasion, exprim\u00e9 sa gratitude envers la direction des ressources humaines du minist\u00e8re de la Formation professionnelle et technique, l\u2019inspecteur d\u2019acad\u00e9mie, le Centre de formation CFPT, ainsi que les enseignants, entre autres.<\/p>\n\n\n\n<p><strong>JEAN-PIERRE MALOU<\/strong><br>SUDQUOTIDIEN<\/p>\n","protected":false},"excerpt":{"rendered":"<p>Le ministre de la Formation professionnelle, Amadou Moustapha Njekk SARRE, a pr\u00e9sid\u00e9, le vendredi 25 octobre 2024, au Centre de<\/p>\n","protected":false},"author":1,"featured_media":45155,"comment_status":"open","ping_status":"open","sticky":false,"template":"","format":"standard","meta":{"footnotes":""},"categories":[26],"tags":[],"class_list":["post-45154","post","type-post","status-publish","format-standard","has-post-thumbnail","hentry","category-fait-divers"],"_links":{"self":[{"href":"https:\/\/dekkbi.com\/index.php?rest_route=\/wp\/v2\/posts\/45154","targetHints":{"allow":["GET"]}}],"collection":[{"href":"https:\/\/dekkbi.com\/index.php?rest_route=\/wp\/v2\/posts"}],"about":[{"href":"https:\/\/dekkbi.com\/index.php?rest_route=\/wp\/v2\/types\/post"}],"author":[{"embeddable":true,"href":"https:\/\/dekkbi.com\/index.php?rest_route=\/wp\/v2\/users\/1"}],"replies":[{"embeddable":true,"href":"https:\/\/dekkbi.com\/index.php?rest_route=%2Fwp%2Fv2%2Fcomments&post=45154"}],"version-history":[{"count":1,"href":"https:\/\/dekkbi.com\/index.php?rest_route=\/wp\/v2\/posts\/45154\/revisions"}],"predecessor-version":[{"id":45156,"href":"https:\/\/dekkbi.com\/index.php?rest_route=\/wp\/v2\/posts\/45154\/revisions\/45156"}],"wp:featuredmedia":[{"embeddable":true,"href":"https:\/\/dekkbi.com\/index.php?rest_route=\/wp\/v2\/media\/45155"}],"wp:attachment":[{"href":"https:\/\/dekkbi.com\/index.php?rest_route=%2Fwp%2Fv2%2Fmedia&parent=45154"}],"wp:term":[{"taxonomy":"category","embeddable":true,"href":"https:\/\/dekkbi.com\/index.php?rest_route=%2Fwp%2Fv2%2Fcategories&post=45154"},{"taxonomy":"post_tag","embeddable":true,"href":"https:\/\/dekkbi.com\/index.php?rest_route=%2Fwp%2Fv2%2Ftags&post=45154"}],"curies":[{"name":"wp","href":"https:\/\/api.w.org\/{rel}","templated":true}]}}