{"id":45143,"date":"2024-10-28T09:25:46","date_gmt":"2024-10-28T09:25:46","guid":{"rendered":"https:\/\/dekkbi.com\/?p=45143"},"modified":"2024-10-28T09:25:46","modified_gmt":"2024-10-28T09:25:46","slug":"coalition-jamm-ak-njarin-amadou-ba-brocarde-le-projet-au-meeting-de-guediawaye-si-ce-rythme-actuel-continue-la-premiere-pierre-du-fameux-projet-ne-sera-posee-quen-2028","status":"publish","type":"post","link":"https:\/\/dekkbi.com\/?p=45143","title":{"rendered":"Coalition Jamm Ak Njarin &#8211; Amadou Ba brocarde le \u00abprojet\u00bb au meeting de Gu\u00e9diawaye : \u00ab Si ce rythme actuel continue, la premi\u00e8re pierre du fameux Projet ne sera pos\u00e9e qu\u2019en 2028\u00bb"},"content":{"rendered":"\n<p>Lors d\u2019un meeting \u00e0 Gu\u00e9diawaye d\u2019ouverture de campagne, Amadou Ba, t\u00eate de liste de la coalition Jamm ak Njarin a lanc\u00e9 un vibrant appel \u00e0 l\u2019unit\u00e9 et \u00e0 l\u2019action pour am\u00e9liorer les conditions de vie dans la banlieue. Insistant sur l\u2019importance strat\u00e9gique de Gu\u00e9diawaye dans la banlieue, l\u2019ancien PM qui a constat\u00e9 l\u2019absence de t\u00e9nors de l\u2019APR du d\u00e9partement a appel\u00e9 les leaders locaux de l\u2019APR \u00e0 rejoindre la coalition, notamment N\u00e9n\u00e9 Fatoutama Tall, Racine Talla et Khaffor Tour\u00e9 qui n\u2019ont pas rejoint Aliou Sall, pour unir leurs efforts dans la lutte pour le d\u00e9veloppement de la localit\u00e9 : \u00ab&nbsp;<em>J\u2019invite les responsables qui sont \u00e0 l\u2019APR de rejoindre les autres, s\u2019ils sont vraiment anim\u00e9s par la volont\u00e9 de r\u00e9\u00e9quilibrer les pouvoirs.<\/em>&nbsp;D<em>onc,<\/em>&nbsp;<em>leur place c\u2019est ici<\/em>\u00bb, a laiss\u00e9 entendre la t\u00eate de liste de la coalition.<\/p>\n\n\n\n<p>Face \u00e0 la forte mobilisation des militants de Lat Diop emprisonn\u00e9 avec des pancartes o\u00f9 on pouvait lire&nbsp;: \u00ab&nbsp;Lib\u00e9rez Lat Diop&nbsp;\u00bb, Amadou Ba a manifest\u00e9 son soutien \u00e0 ce dernier qu\u2019il consid\u00e8re \u00ab&nbsp;comme un fr\u00e8re, un fonctionnaire qui a servi le S\u00e9n\u00e9gal et dont la place n\u2019est pas en prison&nbsp;\u00bb. Il a appel\u00e9 \u00e0 sa lib\u00e9ration, exprimant en m\u00eame temps sa solidarit\u00e9 envers d\u2019autres d\u00e9tenus, comme Bougane Gu\u00e8ye, en affirmant :&nbsp;<em>\u00ab Le S\u00e9n\u00e9gal doit \u00eatre un havre de paix, un pays o\u00f9 la justice est renforc\u00e9e avec plus d\u2019ind\u00e9pendance, mais aussi des moyens d\u2019acc\u00e9l\u00e9rer les proc\u00e9dures<\/em>&nbsp;\u00bb.<\/p>\n\n\n\n<p>Amadou Ba a d\u00e9nonc\u00e9 l\u2019absence d\u2019un budget sp\u00e9cifique pour les besoins de la banlieue dans le projet de r\u00e9f\u00e9rence gouvernemental propos\u00e9 et pr\u00e9sent\u00e9 par l\u2019actuel r\u00e9gime: \u00ab&nbsp;<em>La question de l\u2019urbanisme, de l\u2019assainissement est une grande priorit\u00e9 ici \u00e0 Gu\u00e9diawaye et dans la banlieue. Cela doit \u00eatre r\u00e9gl\u00e9 le plus rapidement possible.<\/em>&nbsp;\u00bb Il a \u00e9galement plaid\u00e9 pour l\u2019autonomisation des femmes en expliquant que&nbsp; le budget national pourrait bien le supporter. S\u2019adressant aux jeunes, l\u2019ancien Premier Ministre et t\u00eate de liste de la coalition Jamm ak Njarin a d\u00e9plor\u00e9 les d\u00e9c\u00e8s en mer li\u00e9s \u00e0 la migration clandestine et a exhort\u00e9 le gouvernement actuel \u00e0 mettre en place des solutions pour freiner ce fl\u00e9au, rappelant qu\u2019il avait, lorsqu\u2019il \u00e9tait Premier ministre, laiss\u00e9 une strat\u00e9gie pour r\u00e9gler cette situation. \u00ab&nbsp;<em>Au moment de quitter la Primature, une strat\u00e9gie pour r\u00e9gler cette situation avait \u00e9t\u00e9 laiss\u00e9e sur place. Si, en sept mois, ils n\u2019ont ni l\u2019expertise ni le savoir-faire pour r\u00e9soudre ce probl\u00e8me, je leur demande de bien vouloir appliquer cette strat\u00e9gie existante. Bien qu\u2019ils semblent refuser la notion de continuit\u00e9, ils s\u2019y retrouvent tout de m\u00eame, mais avec une lenteur qui p\u00e9nalise les populations<\/em>\u00bb, a dit Amadou Ba en \u00e9gratignant les tenants du pouvoir<\/p>\n\n\n\n<p>Critiquant par ailleurs le gouvernement pour le manque de r\u00e9sultats tangibles, il a qualifi\u00e9 le Projet de \u00ab simple continuit\u00e9 \u00bb du Plan S\u00e9n\u00e9gal \u00c9mergent (PSE) mis en place en 2014. Il a conclu en d\u00e9clarant que les S\u00e9n\u00e9galais peuvent se \u00ab ressaisir \u00bb dans leur choix \u00e9lectoral et a invit\u00e9 les populations \u00e0 donner la majorit\u00e9 \u00e0 Jamm ak Njarin aux prochaines \u00e9lections pour permettre une \u00ab mise en \u0153uvre rapide des projets bloqu\u00e9s \u00bb et une baisse des co\u00fbts de l\u2019\u00e9lectricit\u00e9 et de l\u2019eau :&nbsp;<em>\u00ab Je vous assure qu\u2019une fois majoritaires, tous les chantiers \u00e0 l\u2019arr\u00eat d\u00e9marreront en moins de quatre mois.<\/em>&nbsp;\u00bb a rassur\u00e9 la t\u00eate de liste de Jamm ak Njarin.<\/p>\n\n\n\n<p><strong>MOUSSA THIAM<\/strong><br>SUDQUOTIDIEN<\/p>\n","protected":false},"excerpt":{"rendered":"<p>Lors d\u2019un meeting \u00e0 Gu\u00e9diawaye d\u2019ouverture de campagne, Amadou Ba, t\u00eate de liste de la coalition Jamm ak Njarin a<\/p>\n","protected":false},"author":1,"featured_media":45144,"comment_status":"open","ping_status":"open","sticky":false,"template":"","format":"standard","meta":{"footnotes":""},"categories":[6],"tags":[],"class_list":["post-45143","post","type-post","status-publish","format-standard","has-post-thumbnail","hentry","category-politics"],"_links":{"self":[{"href":"https:\/\/dekkbi.com\/index.php?rest_route=\/wp\/v2\/posts\/45143","targetHints":{"allow":["GET"]}}],"collection":[{"href":"https:\/\/dekkbi.com\/index.php?rest_route=\/wp\/v2\/posts"}],"about":[{"href":"https:\/\/dekkbi.com\/index.php?rest_route=\/wp\/v2\/types\/post"}],"author":[{"embeddable":true,"href":"https:\/\/dekkbi.com\/index.php?rest_route=\/wp\/v2\/users\/1"}],"replies":[{"embeddable":true,"href":"https:\/\/dekkbi.com\/index.php?rest_route=%2Fwp%2Fv2%2Fcomments&post=45143"}],"version-history":[{"count":1,"href":"https:\/\/dekkbi.com\/index.php?rest_route=\/wp\/v2\/posts\/45143\/revisions"}],"predecessor-version":[{"id":45145,"href":"https:\/\/dekkbi.com\/index.php?rest_route=\/wp\/v2\/posts\/45143\/revisions\/45145"}],"wp:featuredmedia":[{"embeddable":true,"href":"https:\/\/dekkbi.com\/index.php?rest_route=\/wp\/v2\/media\/45144"}],"wp:attachment":[{"href":"https:\/\/dekkbi.com\/index.php?rest_route=%2Fwp%2Fv2%2Fmedia&parent=45143"}],"wp:term":[{"taxonomy":"category","embeddable":true,"href":"https:\/\/dekkbi.com\/index.php?rest_route=%2Fwp%2Fv2%2Fcategories&post=45143"},{"taxonomy":"post_tag","embeddable":true,"href":"https:\/\/dekkbi.com\/index.php?rest_route=%2Fwp%2Fv2%2Ftags&post=45143"}],"curies":[{"name":"wp","href":"https:\/\/api.w.org\/{rel}","templated":true}]}}