{"id":45103,"date":"2024-10-25T09:59:32","date_gmt":"2024-10-25T09:59:32","guid":{"rendered":"https:\/\/dekkbi.com\/?p=45103"},"modified":"2024-10-25T09:59:32","modified_gmt":"2024-10-25T09:59:32","slug":"liban-a-baalbek-malgre-lafflux-de-blesses-a-lhopital-la-resistance-contre-israel-ne-faiblit-pas","status":"publish","type":"post","link":"https:\/\/dekkbi.com\/?p=45103","title":{"rendered":"Liban: \u00e0 Baalbek, malgr\u00e9 l&rsquo;afflux de bless\u00e9s \u00e0 l&rsquo;h\u00f4pital, la r\u00e9sistance contre Isra\u00ebl ne faiblit pas"},"content":{"rendered":"\n<p>Apr\u00e8s la conf\u00e9rence de Paris ce 24 octobre, pas de cessez-le-feu en vue entre Isra\u00ebl et le Hezbollah. Au Liban, les bombardements isra\u00e9liens continuent notamment dans la banlieue sud de Beyrouth. Chaque jour, dans les h\u00f4pitaux libanais, des centaines de bless\u00e9s sont pris en charge. \u00c0 Baalbek, l&rsquo;un des fiefs du Hezbollah intens\u00e9ment bombard\u00e9, malgr\u00e9 la douleur et les blessures, poursuivre la lutte contre Isra\u00ebl est prioritaire.<\/p>\n\n\n\n<p><strong>Par :Pierre Olivier|Jad El Khoury &#8211; <em>envoy\u00e9s sp\u00e9ciaux RFI  \u00e0 Baalbek,<\/em><\/strong><\/p>\n\n\n\n<p>\u00ab&nbsp;<em>\u00c9cartez-vous, \u00e9cartez-vous<\/em>&nbsp;<em>!<\/em>&nbsp;\u00bb Des bless\u00e9s en urgence absolue arrivent&nbsp;\u00e0 l&rsquo;h\u00f4pital Dar al-Amal. Une frappe isra\u00e9lienne vient de toucher un immeuble voisin.<\/p>\n\n\n\n<p>Mohamed Kassem est m\u00e9decin urgentiste&nbsp;: \u00ab&nbsp;<em>Il y a des bless\u00e9s graves. Il y a des gens br\u00fbl\u00e9s. Certains sont morts en martyrs. Ce sont surtout les jambes qui sont touch\u00e9es, alors il faut agir avant que les blessures s&rsquo;infectent. On les prend en charge le plus rapidement possible pour \u00e9viter les h\u00e9morragies. Mais c&rsquo;est s\u00fbr que certains vont garder des s\u00e9quelles.<\/em>&nbsp;\u00bb<\/p>\n\n\n\n<p>Cette commer\u00e7ante de Bodai est bless\u00e9e au bras. Elle a perdu ses deux fils lors d&rsquo;un bombardement&nbsp;: \u00ab&nbsp;<em>Ils \u00e9taient en train de fermer le magasin et montaient \u00e0 la maison quand l&rsquo;avion a frapp\u00e9. Le grand avait 20 ans, \u00e9tait \u00e0 l&rsquo;universit\u00e9, le petit \u00e9tait en premi\u00e8re.<\/em>&nbsp;\u00bb<\/p>\n\n\n\n<h2 class=\"wp-block-heading\">\u00ab&nbsp;<em>On ne partira pas m\u00eame si on doit y laisser la vie<\/em>&nbsp;\u00bb<\/h2>\n\n\n\n<p>Dans ce bastion du&nbsp;<strong><a href=\"https:\/\/www.rfi.fr\/fr\/tag\/hezbollah\/\">Hezbollah<\/a><\/strong>, malgr\u00e9 la souffrance, cette m\u00e8re voit la mort de ses enfants comme un acte de r\u00e9sistance&nbsp;: \u00ab&nbsp;<em>Il faut faire des sacrifices, mais la victoire va venir. Dieu est avec nous, personne ne pourra jamais nous vaincre. Et ne pensez pas qu&rsquo;on va abandonner la r\u00e9sistance ! On continuera jusqu&rsquo;\u00e0 la mort. Nous sommes forts, si Dieu le veut !<\/em>&nbsp;\u00bb<\/p>\n\n\n\n<p>Les larmes aux yeux, elle exhorte pourtant les jeunes \u00e0 poursuivre la lutte contre&nbsp;<a href=\"https:\/\/www.rfi.fr\/fr\/tag\/israel\/\"><strong>Isra\u00ebl<\/strong><\/a>&nbsp;: \u00ab&nbsp;<em>N&rsquo;abandonnez pas votre terre. D\u00e9fendez vos droits. Continuez de vous battre. Ce sont eux les occupants, pas nous. Qu&rsquo;ils repartent de l\u00e0 o\u00f9 ils sont venus.&nbsp;Leurs avions n&rsquo;\u00e9pargnent rien, ni les maisons, ni les enfants, ni les arbres, ni le peuple. Ce sont les l\u00e2ches qui font \u00e7a. On est chez nous ! On ne partira pas m\u00eame si on doit y laisser la vie. En nous tuant, ils nous donnent encore plus de force<\/em>.&nbsp;\u00bb&nbsp;<\/p>\n\n\n\n<p>Dans la chambre d&rsquo;h\u00f4pital, deux patients acquiescent&nbsp;en entendant le discours de cette femme.<\/p>\n\n\n\n<p>\u00c0 lire aussi<a href=\"https:\/\/www.rfi.fr\/fr\/podcasts\/le-grand-invit%C3%A9-international\/20241024-j%C3%A9r%C3%B4me-bertrand-au-liban-on-veut-un-cessez-le-feu-pour-acc%C3%A9der-aux-populations-qui-sont-dans-le-besoin\">J\u00e9r\u00f4me Bertrand: au Liban, \u00abon veut un cessez-le-feu pour acc\u00e9der aux populations qui sont dans le besoin\u00bb<\/a><\/p>\n\n\n\n<p>Partager :<\/p>\n\n\n\n<p><a href=\"https:\/\/www.facebook.com\/dialog\/share?app_id=113191652055439&amp;href=https%3A%2F%2Frfi.my%2FB4VH.F&amp;redirect_uri=https%3A%2F%2Fwww.rfi.fr%2Ffr%2Fmoyen-orient%2F20241025-liban-%25C3%25A0-baalbek-malgr%25C3%25A9-l-afflux-de-bless%25C3%25A9s-%25C3%25A0-l-h%25C3%25B4pital-la-r%25C3%25A9sistance-contre-isra%25C3%25ABl-ne-faiblit-pas&amp;locale=fr_FR\" target=\"_blank\" rel=\"noreferrer noopener\"><\/a><a href=\"https:\/\/x.com\/intent\/tweet?url=https%3A%2F%2Frfi.my%2FB4VH.X&amp;via=RFI&amp;related=pierreolivier89&amp;text=Liban%3A%20%C3%A0%20Baalbek%2C%20malgr%C3%A9%20l%27afflux%20de%20bless%C3%A9s%20%C3%A0%20l%27h%C3%B4pital%2C%20la%20r%C3%A9sistance%20contre%20Isra%C3%ABl%20ne%20faiblit%20pas&amp;lang=fr\" target=\"_blank\" rel=\"noreferrer noopener\"><\/a><a href=\"https:\/\/web.whatsapp.com\/send?text=Liban%3A%20%C3%A0%20Baalbek%2C%20malgr%C3%A9%20l%27afflux%20de%20bless%C3%A9s%20%C3%A0%20l%27h%C3%B4pital%2C%20la%20r%C3%A9sistance%20contre%20Isra%C3%ABl%20ne%20faiblit%20pas%20-%20https%3A%2F%2Frfi.my%2FB4VH.W\" target=\"_blank\" rel=\"noreferrer noopener\"><\/a><\/p>\n\n\n\n<p>Poursuivez votre lecture sur les m\u00eames th\u00e8mes :<\/p>\n\n\n\n<ul class=\"wp-block-list\">\n<li><a href=\"https:\/\/www.rfi.fr\/fr\/tag\/liban\/\">Liban<\/a><\/li>\n\n\n\n<li><a href=\"https:\/\/www.rfi.fr\/fr\/tag\/isra%C3%ABl\/\">Isra\u00ebl<\/a><\/li>\n\n\n\n<li><a href=\"https:\/\/www.rfi.fr\/fr\/tag\/hezbollah\/\">Hezbollah<\/a><\/li>\n<\/ul>\n\n\n\n<p>Sur le m\u00eame sujet<\/p>\n","protected":false},"excerpt":{"rendered":"<p>Apr\u00e8s la conf\u00e9rence de Paris ce 24 octobre, pas de cessez-le-feu en vue entre Isra\u00ebl et le Hezbollah. Au Liban,<\/p>\n","protected":false},"author":1,"featured_media":45104,"comment_status":"open","ping_status":"open","sticky":false,"template":"","format":"standard","meta":{"footnotes":""},"categories":[51],"tags":[],"class_list":["post-45103","post","type-post","status-publish","format-standard","has-post-thumbnail","hentry","category-general"],"_links":{"self":[{"href":"https:\/\/dekkbi.com\/index.php?rest_route=\/wp\/v2\/posts\/45103","targetHints":{"allow":["GET"]}}],"collection":[{"href":"https:\/\/dekkbi.com\/index.php?rest_route=\/wp\/v2\/posts"}],"about":[{"href":"https:\/\/dekkbi.com\/index.php?rest_route=\/wp\/v2\/types\/post"}],"author":[{"embeddable":true,"href":"https:\/\/dekkbi.com\/index.php?rest_route=\/wp\/v2\/users\/1"}],"replies":[{"embeddable":true,"href":"https:\/\/dekkbi.com\/index.php?rest_route=%2Fwp%2Fv2%2Fcomments&post=45103"}],"version-history":[{"count":1,"href":"https:\/\/dekkbi.com\/index.php?rest_route=\/wp\/v2\/posts\/45103\/revisions"}],"predecessor-version":[{"id":45105,"href":"https:\/\/dekkbi.com\/index.php?rest_route=\/wp\/v2\/posts\/45103\/revisions\/45105"}],"wp:featuredmedia":[{"embeddable":true,"href":"https:\/\/dekkbi.com\/index.php?rest_route=\/wp\/v2\/media\/45104"}],"wp:attachment":[{"href":"https:\/\/dekkbi.com\/index.php?rest_route=%2Fwp%2Fv2%2Fmedia&parent=45103"}],"wp:term":[{"taxonomy":"category","embeddable":true,"href":"https:\/\/dekkbi.com\/index.php?rest_route=%2Fwp%2Fv2%2Fcategories&post=45103"},{"taxonomy":"post_tag","embeddable":true,"href":"https:\/\/dekkbi.com\/index.php?rest_route=%2Fwp%2Fv2%2Ftags&post=45103"}],"curies":[{"name":"wp","href":"https:\/\/api.w.org\/{rel}","templated":true}]}}