{"id":45062,"date":"2024-10-25T09:09:48","date_gmt":"2024-10-25T09:09:48","guid":{"rendered":"https:\/\/dekkbi.com\/?p=45062"},"modified":"2024-10-25T09:09:48","modified_gmt":"2024-10-25T09:09:48","slug":"transparence-aminata-toure-en-phase-avec-le-gouvernement","status":"publish","type":"post","link":"https:\/\/dekkbi.com\/?p=45062","title":{"rendered":"\u00a0Transparence: Aminata Tour\u00e9 en phase avec le gouvernement"},"content":{"rendered":"\n<p>Dakar, (APS) \u2013 Le Haut repr\u00e9sentant du pr\u00e9sident de la R\u00e9publique, Aminata Tour\u00e9, a salu\u00e9 la volont\u00e9 du gouvernement d\u2019inscrire son action dans la transparence et la bonne gouvernance.\u00a0<\/p>\n\n\n\n<p>\u201dCe gouvernement a d\u00e9cid\u00e9 de privil\u00e9gier la transparence et la r\u00e9alit\u00e9 telle qu\u2019elle existe et je crois que c\u2019est un grand pas en avant parce qu\u2019il ne sert \u00e0 rien de se leurrer, de maquiller les chiffres, de les rendre attrayants parce que la r\u00e9alit\u00e9 nous poursuit toujours\u2019\u2019, a-t-elle d\u00e9clar\u00e9.<\/p>\n\n\n\n<p>Aminata Tour\u00e9 r\u00e9pondait, jeudi, \u00e0 une question sur le PSE et la Vision 2050, le nouvel r\u00e9f\u00e9rentiel des politiques publiques, lors du lancement du concept \u2018\u2019Invit\u00e9 d\u2019honneur\u2019\u2019, une initiative de la Maison de la Presse Babacar Tour\u00e9.<\/p>\n\n\n\n<p>\u201dQuand vous d\u00e9clarez des taux de croissance qui n\u2019ont rien \u00e0 avoir avec la r\u00e9alit\u00e9 \u00e9conomique, il ne faut pas s\u2019\u00e9tonner de voir les populations se plaindre et de ne pas remarquer surtout une am\u00e9lioration de leur condition de vie concr\u00e8te\u2019\u2019, a fait remarquer Mme Tour\u00e9, invit\u00e9e de la Maison de la Presse.<\/p>\n\n\n\n<p>Elle estime que \u201dles s\u00e9n\u00e9galais sont raisonnables, ils peuvent comprendre lorsque le discours lui-m\u00eame est raisonnable et lorsque surtout ceux qui les dirigent font preuve de transparence et d\u2019honn\u00eatet\u00e9 face \u00e0 une situation dont ils ont h\u00e9rit\u00e9\u201d.<\/p>\n\n\n\n<p>Pour Aminata Tour\u00e9 \u2019il est important que \u2018\u2019la v\u00e9rit\u00e9 des chiffres soit mise \u00e0 la disposition de tous les acteurs\u2019\u2019, une allusion aux accusations du gouvernement selon lesquelles le r\u00e9gime pr\u00e9c\u00e9dent aurait fait publier des donn\u00e9es erron\u00e9es, concernant les comptes publics du S\u00e9n\u00e9gal.<\/p>\n\n\n\n<p>Elle a salu\u00e9 la volont\u00e9 du gouvernement de travailler dans le respect des r\u00e8gles de la bonne gouvernance.&nbsp;<\/p>\n\n\n\n<p>\u201dTr\u00e8s clairement dans le document S\u00e9n\u00e9gal2050, il est dit que la r\u00e9f\u00e9rence c\u2019est d\u2019abord la bonne gouvernance, c\u2019est de s\u2019assurer qu\u2019il y a des m\u00e9canismes qui sont mis en place et c\u2019\u00e9tait la super priorit\u00e9\u2019\u2019, a-t-elle indiqu\u00e9.<\/p>\n\n\n\n<p>Le gouvernement place la souverainet\u00e9 au centre de ses priorit\u00e9s durant cette p\u00e9riode en mobilisant les ressources financi\u00e8res pour financer son d\u00e9veloppement, a t-il soulign\u00e9.<\/p>\n\n\n\n<p>\u201dCela a \u00e9t\u00e9 clairement indiqu\u00e9 qu\u2019il va falloir \u00e9largir les possibilit\u00e9s de mobilisation des ressources internes. La souverainet\u00e9 commence par trouver de mani\u00e8re interne des possibilit\u00e9s pour financer son programme de d\u00e9veloppement\u2019\u2019, a t-elle dit.&nbsp;<\/p>\n","protected":false},"excerpt":{"rendered":"<p>Dakar, (APS) \u2013 Le Haut repr\u00e9sentant du pr\u00e9sident de la R\u00e9publique, Aminata Tour\u00e9, a salu\u00e9 la volont\u00e9 du gouvernement d\u2019inscrire<\/p>\n","protected":false},"author":1,"featured_media":45063,"comment_status":"open","ping_status":"open","sticky":false,"template":"","format":"standard","meta":{"footnotes":""},"categories":[6],"tags":[],"class_list":["post-45062","post","type-post","status-publish","format-standard","has-post-thumbnail","hentry","category-politics"],"_links":{"self":[{"href":"https:\/\/dekkbi.com\/index.php?rest_route=\/wp\/v2\/posts\/45062","targetHints":{"allow":["GET"]}}],"collection":[{"href":"https:\/\/dekkbi.com\/index.php?rest_route=\/wp\/v2\/posts"}],"about":[{"href":"https:\/\/dekkbi.com\/index.php?rest_route=\/wp\/v2\/types\/post"}],"author":[{"embeddable":true,"href":"https:\/\/dekkbi.com\/index.php?rest_route=\/wp\/v2\/users\/1"}],"replies":[{"embeddable":true,"href":"https:\/\/dekkbi.com\/index.php?rest_route=%2Fwp%2Fv2%2Fcomments&post=45062"}],"version-history":[{"count":1,"href":"https:\/\/dekkbi.com\/index.php?rest_route=\/wp\/v2\/posts\/45062\/revisions"}],"predecessor-version":[{"id":45064,"href":"https:\/\/dekkbi.com\/index.php?rest_route=\/wp\/v2\/posts\/45062\/revisions\/45064"}],"wp:featuredmedia":[{"embeddable":true,"href":"https:\/\/dekkbi.com\/index.php?rest_route=\/wp\/v2\/media\/45063"}],"wp:attachment":[{"href":"https:\/\/dekkbi.com\/index.php?rest_route=%2Fwp%2Fv2%2Fmedia&parent=45062"}],"wp:term":[{"taxonomy":"category","embeddable":true,"href":"https:\/\/dekkbi.com\/index.php?rest_route=%2Fwp%2Fv2%2Fcategories&post=45062"},{"taxonomy":"post_tag","embeddable":true,"href":"https:\/\/dekkbi.com\/index.php?rest_route=%2Fwp%2Fv2%2Ftags&post=45062"}],"curies":[{"name":"wp","href":"https:\/\/api.w.org\/{rel}","templated":true}]}}