{"id":4506,"date":"2022-12-07T14:26:11","date_gmt":"2022-12-07T14:26:11","guid":{"rendered":"https:\/\/dekkbi.com\/?p=4506"},"modified":"2022-12-07T14:26:12","modified_gmt":"2022-12-07T14:26:12","slug":"etats-unis-un-nouveau-siege-au-senat-pour-les-democrates-avec-la-victoire-de-warnock-en-georgie","status":"publish","type":"post","link":"https:\/\/dekkbi.com\/?p=4506","title":{"rendered":"\u00c9tats-Unis: un nouveau si\u00e8ge au S\u00e9nat pour les d\u00e9mocrates avec la victoire de Warnock en G\u00e9orgie"},"content":{"rendered":"\n<p><a rel=\"noreferrer noopener\" href=\"https:\/\/www.facebook.com\/dialog\/share?app_id=113191652055439&amp;href=https%3A%2F%2Frfi.my%2F8y4g.F&amp;redirect_uri=https%3A%2F%2Fwww.rfi.fr%2Ffr%2Fam%25C3%25A9riques%2F20221207-%25C3%25A9tats-unis-un-nouveau-si%25C3%25A8ge-au-s%25C3%25A9nat-pour-les-d%25C3%25A9mocrates-avec-la-victoire-de-warnock-en-g%25C3%25A9orgie&amp;locale=fr_FR\" target=\"_blank\"><\/a><a rel=\"noreferrer noopener\" href=\"https:\/\/twitter.com\/intent\/tweet?url=https%3A%2F%2Frfi.my%2F8y4g.T&amp;via=RFI&amp;related=rfi&amp;text=%C3%89tats-Unis%3A%20un%20nouveau%20si%C3%A8ge%20au%20S%C3%A9nat%20pour%20les%20d%C3%A9mocrates%20avec%20la%20victoire%20de%20Warnock%20en%20G%C3%A9orgie&amp;lang=fr\" target=\"_blank\"><\/a><a rel=\"noreferrer noopener\" href=\"https:\/\/web.whatsapp.com\/send?text=%C3%89tats-Unis%3A%20un%20nouveau%20si%C3%A8ge%20au%20S%C3%A9nat%20pour%20les%20d%C3%A9mocrates%20avec%20la%20victoire%20de%20Warnock%20en%20G%C3%A9orgie%20-%20https%3A%2F%2Frfi.my%2F8y4g.W\" target=\"_blank\"><\/a>C\u2019est l\u2019\u00e9pilogue des \u00e9lections de mi-mandat aux \u00c9tats-Unis o\u00f9 un ultime si\u00e8ge de s\u00e9nateur \u00e9tait en jeu dans l\u2019\u00c9tat de G\u00e9orgie. Il est remport\u00e9 par le sortant d\u00e9mocrate Rapha\u00ebl Warnock. Le parti du pr\u00e9sident Joe Biden conforte sa majorit\u00e9.<\/p>\n\n\n\n<p>PUBLICIT\u00c9<\/p>\n\n\n\n<p><em>Avec notre correspondant \u00e0 Washington,<\/em>&nbsp;<strong>Guillaume Naudin<\/strong><\/p>\n\n\n\n<p>Cette fois, le suspense n\u2019aura pas dur\u00e9 plusieurs jours. M\u00eame si la victoire de&nbsp;<a href=\"https:\/\/www.rfi.fr\/fr\/am%C3%A9riques\/20210107-raphael-warnock-et-jon-ossoff-ces-d%C3%A9mocrates-qui-font-basculer-le-s%C3%A9nat-du-c%C3%B4t%C3%A9-de-biden\"><strong>Rapha\u00ebl Warnock<\/strong><\/a>&nbsp;est courte, elle est arriv\u00e9e au soir de&nbsp;<a href=\"https:\/\/www.rfi.fr\/fr\/am%C3%A9riques\/20221206-%C3%A9tats-unis-les-%C3%A9lecteurs-de-g%C3%A9orgie-aux-urnes-pour-d%C3%A9signer-leur-repr%C3%A9sentant-au-s%C3%A9nat-f%C3%A9d%C3%A9ral\"><strong>ce deuxi\u00e8me tour<\/strong><\/a>&nbsp;entre les deux candidats afro-am\u00e9ricains. Comme souvent, c\u2019est le d\u00e9mocrate qui a commenc\u00e9 par prendre la t\u00eate \u00e0 la faveur des votes anticip\u00e9s avant que tout cela s\u2019\u00e9quilibre. Le r\u00e9publicain&nbsp;<a href=\"https:\/\/www.rfi.fr\/fr\/am%C3%A9riques\/20221004-%C3%A9tats-unis-en-g%C3%A9orgie-la-campagne-d-un-candidat-anti-avortement-mise-%C3%A0-mal\"><strong>Herschel Walker<\/strong><\/a>&nbsp;est m\u00eame parfois pass\u00e9 devant au fil du d\u00e9compte, mais les comt\u00e9s urbains \u00e0 Atlanta et aux alentours, massivement d\u00e9mocrates, ont fini par faire la diff\u00e9rence.<\/p>\n\n\n\n<p>Surtout, l\u2019ancienne star du football am\u00e9ricain n\u2019a pas r\u00e9ussi \u00e0 convaincre les \u00e9lecteurs noirs. Malgr\u00e9 le&nbsp;<a href=\"https:\/\/www.rfi.fr\/fr\/am%C3%A9riques\/20221110-%C3%A9tats-unis-quelques-enseignements-suite-aux-%C3%A9lections-de-mi-mandat\"><strong>soutien de Donald Trump<\/strong><\/a>, il n\u2019obtient pas non plus les scores attendus dans les bastions r\u00e9publicains traditionnels.<\/p>\n\n\n\n<p><strong>\u25ba \u00c0 \u00e9couter aussi :&nbsp;<\/strong>aux<strong>&nbsp;<\/strong><a href=\"https:\/\/www.rfi.fr\/fr\/podcasts\/journal-d-ha%C3%AFti-et-des-am%C3%A9riques\/20221206-usa-s%C3%A9natoriale-en-georgie-l-enjeu-est-gros-pour-les-deux-partis\">S\u00e9natoriale en Georgie, \u00abl\u2019enjeu est gros pour les deux partis\u00bb<\/a><\/p>\n\n\n\n<h2 class=\"wp-block-heading\">Un encouragement pour Biden<\/h2>\n\n\n\n<p>Rapha\u00ebl Warnock sera donc le s\u00e9nateur de la G\u00e9orgie pour les six prochaines ann\u00e9es. Et ce n\u2019est pas rien dans un \u00c9tat aussi disput\u00e9. Cela va permettre aux d\u00e9mocrates d\u2019\u00eatre un peu plus \u00e0 l\u2019aise pour faire pr\u00e9valoir leurs vues sans d\u00e9pendre du bon vouloir de l\u2019un des leurs.<\/p>\n\n\n\n<p>\u25ba&nbsp;<strong>\u00c0 lire aussi<\/strong>&nbsp;: aux \u00c9t<a href=\"https:\/\/www.rfi.fr\/fr\/am%C3%A9riques\/20221110-%C3%A9tats-unis-quelques-enseignements-suite-aux-%C3%A9lections-de-mi-mandat\">ats-Unis: les premiers enseignements des \u00e9lections de mi-mandat<\/a><\/p>\n\n\n\n<p>M\u00eame s\u2019ils ont perdu la majorit\u00e9 \u00e0 la Chambre des repr\u00e9sentants justesse, c\u2019est la premi\u00e8re fois depuis 1962 que le parti pr\u00e9sidentiel \u00e9largit sa majorit\u00e9 au S\u00e9nat lors des \u00e9lections de mi-mandat. Joe Biden, qui envisage une nouvelle candidature, le prendra comme un encouragement. En revanche, les R\u00e9publicains ont fait beaucoup moins bien que pr\u00e9vu. Et ils n\u2019ont sans doute pas fini de r\u00e9gler leurs comptes.<\/p>\n\n\n\n<p>\u25ba&nbsp;<strong>\u00c0 \u00e9couter aussi :&nbsp;<\/strong><a href=\"https:\/\/www.rfi.fr\/fr\/podcasts\/d%C3%A9cryptage\/20221109-%C3%A9lections-de-mi-mandat-aux-%C3%A9tats-unis-les-d%C3%A9mocrates-limitent-la-casse\">les d\u00e9mocrates limitent la casse aux \u00e9lections de mi-mandat aux \u00c9tats-Unis<\/a><\/p>\n\n\n\n<ul class=\"wp-block-list\">\n<li><a href=\"https:\/\/www.rfi.fr\/fr\/tag\/%C3%A9tats-unis\/\">\u00c9TATS-UNIS<\/a><\/li>\n\n\n\n<li><a href=\"https:\/\/www.rfi.fr\/fr\/tag\/joe-biden\/\">JOE BIDEN<\/a><\/li>\n<\/ul>\n\n\n\n<p>CONTENUS SPONSORIS\u00c9S<\/p>\n\n\n\n<p><a href=\"https:\/\/www.outbrain.com\/what-is\/default\/fr\"><\/a><\/p>\n\n\n\n<ul class=\"wp-block-list\">\n<li><a href=\"https:\/\/www.canadaims.org\/landing\/register?lang=fr&amp;utm_source=outbrain&amp;utm_campaign=FR-lang_DSK_V1_CPA&amp;utm_lp_name=V1&amp;utm_publisher=$publisher_name$&amp;utm_section=$section_name$&amp;utm_campaign_id=0094b12469e0df66b4da0d8e87dcb864a5&amp;utm_ad_id=000161fdf613ea3fa53e37d434d5c0b945&amp;utm_doc_id=00f3313c9c24efd4f83e0b671edb501ae1&amp;utm_text=V%C3%A9rifiez+si+vous+%C3%AAtes+admissible+%C3%A0+pr%C3%A9senter+une+demande+de+citoyennet&amp;utm_clkid=$ob_click_id$&amp;utm_ban=caconv-FR&amp;obOrigUrl=true\" target=\"_blank\" rel=\"noreferrer noopener\"><strong>V\u00e9rifiez si vous \u00eates admissible \u00e0 pr\u00e9senter une demande de\u2026<\/strong>canadaims.org<\/a><\/li>\n\n\n\n<li><a href=\"https:\/\/news.sport.gentside.com\/football\/on-a-besoin-dune-ldc-cousin-jamel-debbouze-semporte-contre-kylian-mbappe-en-direct_art69049.html?utm_source=outbrain&amp;utm_medium=cpc&amp;utm_campaign=pmo_gts_article_desktop_desktop_debouzzembappe&amp;obOrigUrl=true\" target=\"_blank\" rel=\"noreferrer noopener\"><strong>Jamel Debbouze : il s&#8217;emporte contre le footballeur Mbapp\u00e9 et ne m\u00e2che pas\u2026<\/strong>News Sport<\/a><\/li>\n\n\n\n<li><a href=\"https:\/\/rfvtgb.articlestone.com\/worldwide\/kate-ob-fr?utm_source=outbrainjk&amp;utm_campaign=as-kate-des-4w-ct-25112d&amp;utm_term=$section_name$&amp;utm_medium=$section_id$&amp;utm_bid=$cpc$&amp;obOrigUrl=true\" target=\"_blank\" rel=\"noreferrer noopener\"><strong>[Galerie] Ces photos de Kate Middleton prouvant une fois de plus quel style\u2026<\/strong>Articlestone<\/a><\/li>\n<\/ul>\n\n\n\n<ul class=\"wp-block-list\">\n<li><a href=\"https:\/\/www.france24.com\/fr\/info-en-continu\/20221206-mondial-une-vid%C3%A9o-de-samuel-eto-o-frappant-un-youtubeur-devient-virale?obOrigUrl=true\"><strong>Mondial: une vid\u00e9o de Samuel Eto&rsquo;o frappant un youtubeur devient virale<\/strong><\/a><\/li>\n\n\n\n<li><a href=\"https:\/\/www.rfi.fr\/fr\/am%C3%A9riques\/20221207-meurtre-de-khashoggi-une-plainte-contre-le-prince-h%C3%A9ritier-saoudien-class%C3%A9e-sans-suite-par-un-juge-am%C3%A9ricain?obOrigUrl=true\"><strong>Meurtre de Khashoggi: une plainte contre le prince h\u00e9ritier saoudien\u2026<\/strong><\/a><\/li>\n\n\n\n<li><a href=\"https:\/\/www.france24.com\/fr\/europe\/20221206-ukraine-ces-drones-militaires-longue-distance-qui-se-rapprochent-de-moscou?obOrigUrl=true\"><strong>Ukraine : ces drones militaires longue distance qui se rapprochent de Moscou<\/strong><\/a><\/li>\n<\/ul>\n\n\n\n<ul class=\"wp-block-list\">\n<li><a href=\"https:\/\/rfvtgb.articlestone.com\/worldwide\/firstl-ob-fr?utm_source=outbrainjk&amp;utm_campaign=as-firstl-bc2-des-4w-rl-26112d&amp;utm_term=$section_name$&amp;utm_medium=$section_id$&amp;utm_bid=$cpc$&amp;obOrigUrl=true\" target=\"_blank\" rel=\"noreferrer noopener\"><strong>[Photos] Quelle premi\u00e8re dame portait une robe \u00e0 46 000 $ ?<\/strong>Articlestone<\/a><\/li>\n\n\n\n<li><a href=\"https:\/\/powerredirect.com\/?mk=hZTIZEIj9i&amp;ci=00a8b99ef10e777a5e3805c431ad48009c&amp;ad_id=00523d51cc3a3e84865e60e39db6f95e44&amp;site_id=$publisher_id$&amp;section_id=$section_id$&amp;adtitle=Villas+de+luxe+%C3%A0+Duba%C3%AF+%3A+les+prix+peuvent+vous+surprendre+%21&amp;timestamp=$time_stamp$&amp;source=4&amp;ct=Dubai+Villas&amp;mp=FR&amp;ln=FR&amp;click_id=$ob_click_id$&amp;pixel_id=003283da9024a5f9111441853af324f119&amp;publisher_name=$publisher_name$&amp;section_name=$section_name$&amp;click_event=452Pixel&amp;obOrigUrl=true\" target=\"_blank\" rel=\"noreferrer noopener\"><strong>Villas de luxe \u00e0 Duba\u00ef : les prix peuvent vous surprendre !<\/strong>Villas \u00e0 vendre \u00e0 Duba\u00ef | Liens de recherche<\/a><\/li>\n<\/ul>\n\n\n\n<ul class=\"wp-block-list\">\n<li><a href=\"http:\/\/dailyredirect.com\/?mk=r8066LHO7Y&amp;ci=002dbf949ee2aee739773711495f41cc99&amp;ad_id=007921916acdd8171fb4e6445d733c0c2a&amp;site_id=$publisher_id$&amp;section_id=$section_id$&amp;adtitle=Turquie%C2%A0%3A+les+prix+de+la+chirurgie+de+rhinoplastie+en+2022+pourraient+&amp;timestamp=$time_stamp$&amp;source=4&amp;ct=Rhinoplasty+In+Turkey&amp;mp=SEDO&amp;ln=EN&amp;click_id=$ob_click_id$&amp;pixel_id=003283da9024a5f9111441853af324f119&amp;publisher_name=$publisher_name$&amp;section_name=$section_name$&amp;click_event=452Pixel&amp;obOrigUrl=true\" target=\"_blank\" rel=\"noreferrer noopener\"><strong>Turquie : les prix de la chirurgie de rhinoplastie en 2022 pourraient vous \u00e9tonner<\/strong>Rhinoplastie En Turquie | Liens sponsoris\u00e9s<\/a><\/li>\n\n\n\n<li><a href=\"https:\/\/www.parents.fr\/videos\/enfant\/bebes-enfants-ados-comment-faire-baisser-la-pression-quand-les-emotions-debordent-946171?obOrigUrl=true\" target=\"_blank\" rel=\"noreferrer noopener\"><strong>2 m\u00e9thodes de r\u00e9gulation des \u00e9motions<\/strong>Parents<\/a><\/li>\n\n\n\n<li><a href=\"https:\/\/rfvtgb.doithouses.com\/worldwide\/otrend-ob-fr?utm_source=outbrainjk&amp;utm_campaign=dh-otrend-des-4w-mm-16082d&amp;utm_term=$section_name$&amp;utm_medium=$section_id$&amp;utm_bid=$cpc$&amp;obOrigUrl=true\" target=\"_blank\" rel=\"noreferrer noopener\"><strong>[Photos] Les tendances modes qui sont obsol\u00e8tes mais que les personnes \u00e2g\u00e9es continuent de suivre<\/strong>Doithouses<\/a><\/li>\n<\/ul>\n\n\n\n<ul class=\"wp-block-list\">\n<li><a href=\"https:\/\/www.rfi.fr\/fr\/podcasts\/chronique-de-mamane\/20221207-foot-et-ge%CC%81opolitique?obOrigUrl=true\" target=\"_blank\" rel=\"noreferrer noopener\"><strong>Chronique de Mamane &#8211; Foot et g\u00e9opolitique<\/strong><\/a><\/li>\n\n\n\n<li><a href=\"https:\/\/www.rfi.fr\/fr\/podcasts\/chronique-de-mamane\/20221206-le-quotidien-routier-du-gondwanais-lambda?obOrigUrl=true\" target=\"_blank\" rel=\"noreferrer noopener\"><strong>Chronique de Mamane &#8211; Le quotidien routier du Gondwanais lambda<\/strong><\/a><\/li>\n\n\n\n<li><a href=\"https:\/\/www.france24.com\/fr\/info-en-continu\/20221205-affaires-des-%C3%A9coutes-nicolas-sarkozy-de-retour-%C3%A0-la-barre?obOrigUrl=true\" target=\"_blank\" rel=\"noreferrer noopener\"><strong>Affaires des \u00ab\u00a0\u00e9coutes\u00a0\u00bb: Nicolas Sarkozy de retour \u00e0 la barre<\/strong><\/a><\/li>\n<\/ul>\n\n\n\n<p>\u00c9GALEMENT SUR RFI<\/p>\n\n\n\n<p><a href=\"https:\/\/www.rfi.fr\/fr\/am%C3%A9riques\/20221207-meurtre-de-khashoggi-une-plainte-contre-le-prince-h%C3%A9ritier-saoudien-class%C3%A9e-sans-suite-par-un-juge-am%C3%A9ricain\"><\/a><\/p>\n\n\n\n<figure class=\"wp-block-image size-full\"><img decoding=\"async\" src=\"https:\/\/dekkbi.com\/wp-content\/uploads\/2022\/12\/image-17.gif\" alt=\"\" class=\"wp-image-4511\"\/><\/figure>\n\n\n\n<p><a href=\"https:\/\/www.rfi.fr\/fr\/am%C3%A9riques\/20221207-meurtre-de-khashoggi-une-plainte-contre-le-prince-h%C3%A9ritier-saoudien-class%C3%A9e-sans-suite-par-un-juge-am%C3%A9ricain\"><\/a><\/p>\n\n\n\n<p><a href=\"https:\/\/www.rfi.fr\/fr\/am%C3%A9riques\/20221207-meurtre-de-khashoggi-une-plainte-contre-le-prince-h%C3%A9ritier-saoudien-class%C3%A9e-sans-suite-par-un-juge-am%C3%A9ricain\">07\/12\/2022<\/a><\/p>\n\n\n\n<p><a href=\"https:\/\/www.rfi.fr\/fr\/am%C3%A9riques\/20221207-meurtre-de-khashoggi-une-plainte-contre-le-prince-h%C3%A9ritier-saoudien-class%C3%A9e-sans-suite-par-un-juge-am%C3%A9ricain\">Meurtre de Khashoggi: une plainte contre le prince h\u00e9ritier saoudien class\u00e9e sans suite par un juge am\u00e9ricain<\/a><\/p>\n\n\n\n<p><a href=\"https:\/\/www.rfi.fr\/fr\/am%C3%A9riques\/20221207-la-trump-organization-reconnue-coupable-de-fraude-fiscale\"><\/a><\/p>\n\n\n\n<figure class=\"wp-block-image size-full\"><img decoding=\"async\" src=\"https:\/\/dekkbi.com\/wp-content\/uploads\/2022\/12\/image-21.gif\" alt=\"\" class=\"wp-image-4516\"\/><\/figure>\n\n\n\n<p><a href=\"https:\/\/www.rfi.fr\/fr\/am%C3%A9riques\/20221207-la-trump-organization-reconnue-coupable-de-fraude-fiscale\"><\/a><\/p>\n\n\n\n<p><a href=\"https:\/\/www.rfi.fr\/fr\/am%C3%A9riques\/20221207-la-trump-organization-reconnue-coupable-de-fraude-fiscale\">07\/12\/2022<\/a><\/p>\n\n\n\n<p><a href=\"https:\/\/www.rfi.fr\/fr\/am%C3%A9riques\/20221207-la-trump-organization-reconnue-coupable-de-fraude-fiscale\">La Trump Organization reconnue coupable de fraude fiscale<\/a><\/p>\n\n\n\n<p><a href=\"https:\/\/www.rfi.fr\/fr\/am%C3%A9riques\/20221207-argentine-la-vice-pr%C3%A9sidente-cristina-kirchner-condamn%C3%A9e-%C3%A0-six-ans-de-prison-pour-corruption\"><\/a><\/p>\n\n\n\n<figure class=\"wp-block-image size-full\"><img decoding=\"async\" src=\"https:\/\/dekkbi.com\/wp-content\/uploads\/2022\/12\/image-14.gif\" alt=\"\" class=\"wp-image-4508\"\/><\/figure>\n\n\n\n<p><a href=\"https:\/\/www.rfi.fr\/fr\/am%C3%A9riques\/20221207-argentine-la-vice-pr%C3%A9sidente-cristina-kirchner-condamn%C3%A9e-%C3%A0-six-ans-de-prison-pour-corruption\"><\/a><\/p>\n\n\n\n<p><a href=\"https:\/\/www.rfi.fr\/fr\/am%C3%A9riques\/20221207-argentine-la-vice-pr%C3%A9sidente-cristina-kirchner-condamn%C3%A9e-%C3%A0-six-ans-de-prison-pour-corruption\">07\/12\/2022<\/a><\/p>\n\n\n\n<p><a href=\"https:\/\/www.rfi.fr\/fr\/am%C3%A9riques\/20221207-argentine-la-vice-pr%C3%A9sidente-cristina-kirchner-condamn%C3%A9e-%C3%A0-six-ans-de-prison-pour-corruption\">Argentine: la vice-pr\u00e9sidente Cristina Kirchner condamn\u00e9e \u00e0 six ans de prison pour corruption<\/a><\/p>\n\n\n\n<p><a href=\"https:\/\/www.rfi.fr\/fr\/am%C3%A9riques\/20221206-%C3%A9tats-unis-biden-en-arizona-pour-vanter-sa-politique-sur-les-semi-conducteurs\"><\/a><\/p>\n\n\n\n<figure class=\"wp-block-image size-full\"><img decoding=\"async\" src=\"https:\/\/dekkbi.com\/wp-content\/uploads\/2022\/12\/image-19.gif\" alt=\"\" class=\"wp-image-4513\"\/><\/figure>\n\n\n\n<p><a href=\"https:\/\/www.rfi.fr\/fr\/am%C3%A9riques\/20221206-%C3%A9tats-unis-biden-en-arizona-pour-vanter-sa-politique-sur-les-semi-conducteurs\"><\/a><\/p>\n\n\n\n<p><a href=\"https:\/\/www.rfi.fr\/fr\/am%C3%A9riques\/20221206-%C3%A9tats-unis-biden-en-arizona-pour-vanter-sa-politique-sur-les-semi-conducteurs\">07\/12\/2022<\/a><\/p>\n\n\n\n<p><a href=\"https:\/\/www.rfi.fr\/fr\/am%C3%A9riques\/20221206-%C3%A9tats-unis-biden-en-arizona-pour-vanter-sa-politique-sur-les-semi-conducteurs\">\u00c9tats-Unis: Biden en Arizona pour vanter sa politique sur les semi-conducteurs<\/a><\/p>\n\n\n\n<p><a href=\"https:\/\/www.rfi.fr\/fr\/am%C3%A9riques\/20221206-%C3%A0-la-une-le-canada-sanctionne-trois-hommes-d-affaires-ha%C3%AFtiens\"><\/a><\/p>\n\n\n\n<figure class=\"wp-block-image size-full\"><img decoding=\"async\" src=\"https:\/\/dekkbi.com\/wp-content\/uploads\/2022\/12\/image-16.gif\" alt=\"\" class=\"wp-image-4510\"\/><\/figure>\n\n\n\n<p><a href=\"https:\/\/www.rfi.fr\/fr\/am%C3%A9riques\/20221206-%C3%A0-la-une-le-canada-sanctionne-trois-hommes-d-affaires-ha%C3%AFtiens\"><\/a><\/p>\n\n\n\n<p><a href=\"https:\/\/www.rfi.fr\/fr\/am%C3%A9riques\/20221206-%C3%A0-la-une-le-canada-sanctionne-trois-hommes-d-affaires-ha%C3%AFtiens\">REVUE DE PRESSE DES AM\u00c9RIQUES<\/a><\/p>\n\n\n\n<p><a href=\"https:\/\/www.rfi.fr\/fr\/am%C3%A9riques\/20221206-%C3%A0-la-une-le-canada-sanctionne-trois-hommes-d-affaires-ha%C3%AFtiens\">06\/12\/2022<\/a><\/p>\n\n\n\n<p><a href=\"https:\/\/www.rfi.fr\/fr\/am%C3%A9riques\/20221206-%C3%A0-la-une-le-canada-sanctionne-trois-hommes-d-affaires-ha%C3%AFtiens\">\u00c0 la Une: le Canada sanctionne trois hommes d\u2019affaires ha\u00eftiens<\/a><\/p>\n\n\n\n<p><a href=\"https:\/\/www.rfi.fr\/fr\/am%C3%A9riques\/20221206-inondations-et-glissements-de-terrain-meurtri%C3%A8re-saison-des-pluies-en-colombie\"><\/a><\/p>\n\n\n\n<figure class=\"wp-block-image size-full\"><img decoding=\"async\" src=\"https:\/\/dekkbi.com\/wp-content\/uploads\/2022\/12\/image-18.gif\" alt=\"\" class=\"wp-image-4512\"\/><\/figure>\n\n\n\n<p><a href=\"https:\/\/www.rfi.fr\/fr\/am%C3%A9riques\/20221206-inondations-et-glissements-de-terrain-meurtri%C3%A8re-saison-des-pluies-en-colombie\"><\/a><\/p>\n\n\n\n<p><a href=\"https:\/\/www.rfi.fr\/fr\/am%C3%A9riques\/20221206-inondations-et-glissements-de-terrain-meurtri%C3%A8re-saison-des-pluies-en-colombie\">06\/12\/2022<\/a><\/p>\n\n\n\n<p><a href=\"https:\/\/www.rfi.fr\/fr\/am%C3%A9riques\/20221206-inondations-et-glissements-de-terrain-meurtri%C3%A8re-saison-des-pluies-en-colombie\">Inondations et glissements de terrain: meurtri\u00e8re saison des pluies en Colombie<\/a><\/p>\n\n\n\n<p><a href=\"https:\/\/www.rfi.fr\/fr\/am%C3%A9riques\/20221206-%C3%A9tats-unis-les-%C3%A9lecteurs-de-g%C3%A9orgie-aux-urnes-pour-d%C3%A9signer-leur-repr%C3%A9sentant-au-s%C3%A9nat-f%C3%A9d%C3%A9ral\"><\/a><\/p>\n\n\n\n<figure class=\"wp-block-image size-full\"><img decoding=\"async\" src=\"https:\/\/dekkbi.com\/wp-content\/uploads\/2022\/12\/image-20.gif\" alt=\"\" class=\"wp-image-4514\"\/><\/figure>\n\n\n\n<p><a href=\"https:\/\/www.rfi.fr\/fr\/am%C3%A9riques\/20221206-%C3%A9tats-unis-les-%C3%A9lecteurs-de-g%C3%A9orgie-aux-urnes-pour-d%C3%A9signer-leur-repr%C3%A9sentant-au-s%C3%A9nat-f%C3%A9d%C3%A9ral\"><\/a><\/p>\n\n\n\n<p><a href=\"https:\/\/www.rfi.fr\/fr\/am%C3%A9riques\/20221206-%C3%A9tats-unis-les-%C3%A9lecteurs-de-g%C3%A9orgie-aux-urnes-pour-d%C3%A9signer-leur-repr%C3%A9sentant-au-s%C3%A9nat-f%C3%A9d%C3%A9ral\">06\/12\/2022<\/a><\/p>\n\n\n\n<p><a href=\"https:\/\/www.rfi.fr\/fr\/am%C3%A9riques\/20221206-%C3%A9tats-unis-les-%C3%A9lecteurs-de-g%C3%A9orgie-aux-urnes-pour-d%C3%A9signer-leur-repr%C3%A9sentant-au-s%C3%A9nat-f%C3%A9d%C3%A9ral\">\u00c9tats-Unis: les \u00e9lecteurs de G\u00e9orgie aux urnes pour d\u00e9signer leur repr\u00e9sentant au S\u00e9nat f\u00e9d\u00e9ral<\/a><\/p>\n\n\n\n<p><a href=\"https:\/\/www.rfi.fr\/fr\/am%C3%A9riques\/20221206-nike-se-s%C3%A9pare-de-kyrie-irving-star-de-la-nba-apr%C3%A8s-des-posts-controvers%C3%A9s-sur-twitter\"><\/a><\/p>\n\n\n\n<figure class=\"wp-block-image size-full\"><img decoding=\"async\" src=\"https:\/\/dekkbi.com\/wp-content\/uploads\/2022\/12\/image-15.gif\" alt=\"\" class=\"wp-image-4509\"\/><\/figure>\n\n\n\n<p><a href=\"https:\/\/www.rfi.fr\/fr\/am%C3%A9riques\/20221206-nike-se-s%C3%A9pare-de-kyrie-irving-star-de-la-nba-apr%C3%A8s-des-posts-controvers%C3%A9s-sur-twitter\"><\/a><\/p>\n\n\n\n<p><a href=\"https:\/\/www.rfi.fr\/fr\/am%C3%A9riques\/20221206-nike-se-s%C3%A9pare-de-kyrie-irving-star-de-la-nba-apr%C3%A8s-des-posts-controvers%C3%A9s-sur-twitter\">06\/12\/2022<\/a><\/p>\n\n\n\n<p><a href=\"https:\/\/www.rfi.fr\/fr\/am%C3%A9riques\/20221206-nike-se-s%C3%A9pare-de-kyrie-irving-star-de-la-nba-apr%C3%A8s-des-posts-controvers%C3%A9s-sur-twitter\">Nike se s\u00e9pare de Kyrie Irving, star de la NBA, apr\u00e8s des posts controvers\u00e9s sur Twitter<\/a><\/p>\n\n\n\n<p><a href=\"https:\/\/www.rfi.fr\/fr\/am%C3%A9riques\/20221205-gangs-en-ha%C3%AFti-le-canada-%C3%A9tend-sa-liste-de-personnes-sanctionn%C3%A9es\"><\/a><\/p>\n\n\n\n<figure class=\"wp-block-image size-full\"><img decoding=\"async\" src=\"https:\/\/dekkbi.com\/wp-content\/uploads\/2022\/12\/image-21.gif\" alt=\"\" class=\"wp-image-4515\"\/><\/figure>\n\n\n\n<p><a href=\"https:\/\/www.rfi.fr\/fr\/am%C3%A9riques\/20221205-gangs-en-ha%C3%AFti-le-canada-%C3%A9tend-sa-liste-de-personnes-sanctionn%C3%A9es\"><\/a><\/p>\n\n\n\n<p><a href=\"https:\/\/www.rfi.fr\/fr\/am%C3%A9riques\/20221205-gangs-en-ha%C3%AFti-le-canada-%C3%A9tend-sa-liste-de-personnes-sanctionn%C3%A9es\">05\/12\/2022<\/a><\/p>\n\n\n\n<p><a href=\"https:\/\/www.rfi.fr\/fr\/am%C3%A9riques\/20221205-gangs-en-ha%C3%AFti-le-canada-%C3%A9tend-sa-liste-de-personnes-sanctionn%C3%A9es\">Gangs en Ha\u00efti: le Canada \u00e9tend sa liste de personnes sanctionn\u00e9es<\/a><\/p>\n\n\n\n<p><a href=\"https:\/\/www.rfi.fr\/fr\/am%C3%A9riques\/20221205-nicaragua-la-grande-figure-dora-mar%C3%ADa-t%C3%A9llez-docteur-honoris-causa-%C3%A0-paris\"><\/a><\/p>\n\n\n\n<figure class=\"wp-block-image size-full\"><img decoding=\"async\" src=\"https:\/\/dekkbi.com\/wp-content\/uploads\/2022\/12\/image-23.gif\" alt=\"\" class=\"wp-image-4518\"\/><\/figure>\n\n\n\n<p><a href=\"https:\/\/www.rfi.fr\/fr\/am%C3%A9riques\/20221205-nicaragua-la-grande-figure-dora-mar%C3%ADa-t%C3%A9llez-docteur-honoris-causa-%C3%A0-paris\"><\/a><\/p>\n\n\n\n<p><a href=\"https:\/\/www.rfi.fr\/fr\/am%C3%A9riques\/20221205-nicaragua-la-grande-figure-dora-mar%C3%ADa-t%C3%A9llez-docteur-honoris-causa-%C3%A0-paris\">T\u00c9MOIGNAGE<\/a><\/p>\n\n\n\n<p><a href=\"https:\/\/www.rfi.fr\/fr\/am%C3%A9riques\/20221205-nicaragua-la-grande-figure-dora-mar%C3%ADa-t%C3%A9llez-docteur-honoris-causa-%C3%A0-paris\">05\/12\/2022<\/a><\/p>\n\n\n\n<p><a href=\"https:\/\/www.rfi.fr\/fr\/am%C3%A9riques\/20221205-nicaragua-la-grande-figure-dora-mar%C3%ADa-t%C3%A9llez-docteur-honoris-causa-%C3%A0-paris\">Nicaragua: la grande figure Dora Mar\u00eda T\u00e9llez docteur honoris causa \u00e0 Paris<\/a><\/p>\n\n\n\n<p><a href=\"https:\/\/www.rfi.fr\/fr\/am%C3%A9riques\/20221205-%C3%A0-la-une-au-salvador-une-ville-assi%C3%A9g%C3%A9e-pour-traquer-les-gangs-criminels\"><\/a><\/p>\n\n\n\n<figure class=\"wp-block-image size-full\"><img decoding=\"async\" src=\"https:\/\/dekkbi.com\/wp-content\/uploads\/2022\/12\/image-22.gif\" alt=\"\" class=\"wp-image-4517\"\/><\/figure>\n\n\n\n<p><a href=\"https:\/\/www.rfi.fr\/fr\/am%C3%A9riques\/20221205-%C3%A0-la-une-au-salvador-une-ville-assi%C3%A9g%C3%A9e-pour-traquer-les-gangs-criminels\"><\/a><\/p>\n\n\n\n<p><a href=\"https:\/\/www.rfi.fr\/fr\/am%C3%A9riques\/20221205-%C3%A0-la-une-au-salvador-une-ville-assi%C3%A9g%C3%A9e-pour-traquer-les-gangs-criminels\">REVUE DE PRESSE DES AM\u00c9RIQUES<\/a><\/p>\n\n\n\n<p><a href=\"https:\/\/www.rfi.fr\/fr\/am%C3%A9riques\/20221205-%C3%A0-la-une-au-salvador-une-ville-assi%C3%A9g%C3%A9e-pour-traquer-les-gangs-criminels\">05\/12\/2022<\/a><\/p>\n\n\n\n<p><a href=\"https:\/\/www.rfi.fr\/fr\/am%C3%A9riques\/20221205-%C3%A0-la-une-au-salvador-une-ville-assi%C3%A9g%C3%A9e-pour-traquer-les-gangs-criminels\">\u00c0 la Une: au Salvador, une ville assi\u00e9g\u00e9e pour traquer les gangs criminels<\/a><\/p>\n\n\n\n<p><a href=\"https:\/\/www.rfi.fr\/fr\/am%C3%A9riques\/20221205-%C3%A9tats-unis-toll%C3%A9-politique-apr%C3%A8s-un-appel-de-donald-trump-%C3%A0-abandonner-la-constitution\"><\/a><\/p>\n\n\n\n<figure class=\"wp-block-image size-full\"><img decoding=\"async\" src=\"https:\/\/dekkbi.com\/wp-content\/uploads\/2022\/12\/image-24.gif\" alt=\"\" class=\"wp-image-4519\"\/><\/figure>\n\n\n\n<p><a href=\"https:\/\/www.rfi.fr\/fr\/am%C3%A9riques\/20221205-%C3%A9tats-unis-toll%C3%A9-politique-apr%C3%A8s-un-appel-de-donald-trump-%C3%A0-abandonner-la-constitution\"><\/a><\/p>\n\n\n\n<p><a href=\"https:\/\/www.rfi.fr\/fr\/am%C3%A9riques\/20221205-%C3%A9tats-unis-toll%C3%A9-politique-apr%C3%A8s-un-appel-de-donald-trump-%C3%A0-abandonner-la-constitution\">05\/12\/2022<\/a><\/p>\n\n\n\n<p><a href=\"https:\/\/www.rfi.fr\/fr\/am%C3%A9riques\/20221205-%C3%A9tats-unis-toll%C3%A9-politique-apr%C3%A8s-un-appel-de-donald-trump-%C3%A0-abandonner-la-constitution\">\u00c9tats-Unis: toll\u00e9 politique apr\u00e8s un appel de Donald Trump \u00e0 abandonner la Constitution<\/a><\/p>\n\n\n\n<p>Ma playlist<\/p>\n\n\n\n<p>Votre playlist est vide<\/p>\n\n\n\n<figure class=\"wp-block-image size-full\"><img decoding=\"async\" src=\"https:\/\/dekkbi.com\/wp-content\/uploads\/2022\/12\/image-25.gif\" alt=\"\" class=\"wp-image-4520\"\/><\/figure>\n\n\n\n<p><a href=\"https:\/\/www.rfi.fr\/fr\/\">A la une<\/a><\/p>\n\n\n\n<p><a href=\"https:\/\/www.rfi.fr\/fr\/podcasts\">Podcasts<\/a>DirectsPar r\u00e9gionMenu<\/p>\n","protected":false},"excerpt":{"rendered":"<p>C\u2019est l\u2019\u00e9pilogue des \u00e9lections de mi-mandat aux \u00c9tats-Unis o\u00f9 un ultime si\u00e8ge de s\u00e9nateur \u00e9tait en jeu dans l\u2019\u00c9tat de<\/p>\n","protected":false},"author":1,"featured_media":4521,"comment_status":"open","ping_status":"open","sticky":false,"template":"","format":"standard","meta":{"footnotes":""},"categories":[51],"tags":[],"class_list":["post-4506","post","type-post","status-publish","format-standard","has-post-thumbnail","hentry","category-general"],"_links":{"self":[{"href":"https:\/\/dekkbi.com\/index.php?rest_route=\/wp\/v2\/posts\/4506","targetHints":{"allow":["GET"]}}],"collection":[{"href":"https:\/\/dekkbi.com\/index.php?rest_route=\/wp\/v2\/posts"}],"about":[{"href":"https:\/\/dekkbi.com\/index.php?rest_route=\/wp\/v2\/types\/post"}],"author":[{"embeddable":true,"href":"https:\/\/dekkbi.com\/index.php?rest_route=\/wp\/v2\/users\/1"}],"replies":[{"embeddable":true,"href":"https:\/\/dekkbi.com\/index.php?rest_route=%2Fwp%2Fv2%2Fcomments&post=4506"}],"version-history":[{"count":1,"href":"https:\/\/dekkbi.com\/index.php?rest_route=\/wp\/v2\/posts\/4506\/revisions"}],"predecessor-version":[{"id":4522,"href":"https:\/\/dekkbi.com\/index.php?rest_route=\/wp\/v2\/posts\/4506\/revisions\/4522"}],"wp:featuredmedia":[{"embeddable":true,"href":"https:\/\/dekkbi.com\/index.php?rest_route=\/wp\/v2\/media\/4521"}],"wp:attachment":[{"href":"https:\/\/dekkbi.com\/index.php?rest_route=%2Fwp%2Fv2%2Fmedia&parent=4506"}],"wp:term":[{"taxonomy":"category","embeddable":true,"href":"https:\/\/dekkbi.com\/index.php?rest_route=%2Fwp%2Fv2%2Fcategories&post=4506"},{"taxonomy":"post_tag","embeddable":true,"href":"https:\/\/dekkbi.com\/index.php?rest_route=%2Fwp%2Fv2%2Ftags&post=4506"}],"curies":[{"name":"wp","href":"https:\/\/api.w.org\/{rel}","templated":true}]}}