{"id":45059,"date":"2024-10-25T09:06:57","date_gmt":"2024-10-25T09:06:57","guid":{"rendered":"https:\/\/dekkbi.com\/?p=45059"},"modified":"2024-10-25T09:06:57","modified_gmt":"2024-10-25T09:06:57","slug":"la-maison-de-la-presse-lance-le-concept-invite-dhonneur","status":"publish","type":"post","link":"https:\/\/dekkbi.com\/?p=45059","title":{"rendered":"La Maison de la Presse lance le concept \u201dInvit\u00e9 d\u2019honneur\u201d"},"content":{"rendered":"\n<p>Dakar, (APS) \u2013 La Maison de la Presse Babacar Tour\u00e9 a lanc\u00e9, jeudi, le concept \u201dInvit\u00e9 d\u2019honneur\u201d, une initiative qui s\u2019inscrit dans une volont\u00e9 de la structure d\u2019\u00eatre \u201dun sanctuaire d\u2019\u00e9changes vibrant et de dialogue constructif\u201d.<\/p>\n\n\n\n<p>\u201dLa Maison de la Presse n\u2019est pas simplement un lieu physique, c\u2019est un sanctuaire d\u2019\u00e9changes vibrant et de dialogue constructif. En effet, ici, les barri\u00e8res tombent et les esprits se rencontrent, cherchant ensemble \u00e0 d\u00e9crypter les myst\u00e8res de notre temps\u2019\u2019, a d\u00e9clar\u00e9 Sambou Biagui, le Directeur g\u00e9n\u00e9ral de la MP.<\/p>\n\n\n\n<p>Aminata Tour\u00e9, Haut repr\u00e9sentant du pr\u00e9sident de la R\u00e9publique, \u00e9tait l\u2019Invit\u00e9e d\u2019honneur de ce premier num\u00e9ro.<\/p>\n\n\n\n<p>Mamadou Lamine Diant\u00e9, pr\u00e9sident du Haut Conseil du dialogue social (HCDS), Fatou Blondin Ndiaye, Coordinatrice du fonds de d\u00e9veloppement du service universel des t\u00e9l\u00e9communications, Matar Silla, le Pr\u00e9sident directeur g\u00e9n\u00e9ral de Label M\u00e9dia, Habibou Dia, le Directeur de la Communication, et Abdourahmane Dabo, Pr\u00e9sident du Conseil d\u2019administration de l\u2019A\u00e9roport international Balise Diagne (AIBD) de Diass, \u00e9taient pr\u00e9sents \u00e0 la rencontre.<\/p>\n\n\n\n<p>Cheikh Diop, un des responsables de la Maison de la Presse, a expliqu\u00e9 que \u2018\u2019Invit\u00e9 d\u2019honneur\u2019\u2019 est une initiative qui s\u2019inscrit dans la dynamique enclench\u00e9e par la nouvelle direction laquelle compte faire du lieu, \u201dun cadre d\u2019\u00e9changes qui permet aux journalistes d\u2019\u00e9changer avec les politiques, les chefs d\u2019entreprises et les figures embl\u00e9matiques de la R\u00e9publique\u201d.<\/p>\n\n\n\n<p>La Maison de la Presse veut \u00e9galement mettre en place une caisse sociale dont l\u2019objectif est de soutenir les journalistes et techniciens des m\u00e9dias de m\u00eame que des veuves et orphelins dans le besoin.&nbsp;Un espace presse a \u00e9t\u00e9 am\u00e9nag\u00e9 pour permettre aux professionnels des m\u00e9dias de travailler sur place, a t indiqu\u00e9 M. Diop.<\/p>\n\n\n\n<p>Dans les projets de la Maison de la Presse figurent l\u2019organisation prochaine du Salon International des M\u00e9dias d\u2019Afrique (SIMA) et le lancement du \u201dPrix Babacar Tour\u00e9 pour l\u2019Excellence\u201d.<\/p>\n\n\n\n<p>FD\/OID<\/p>\n","protected":false},"excerpt":{"rendered":"<p>Dakar, (APS) \u2013 La Maison de la Presse Babacar Tour\u00e9 a lanc\u00e9, jeudi, le concept \u201dInvit\u00e9 d\u2019honneur\u201d, une initiative qui<\/p>\n","protected":false},"author":1,"featured_media":45060,"comment_status":"open","ping_status":"open","sticky":false,"template":"","format":"standard","meta":{"footnotes":""},"categories":[21],"tags":[],"class_list":["post-45059","post","type-post","status-publish","format-standard","has-post-thumbnail","hentry","category-societe"],"_links":{"self":[{"href":"https:\/\/dekkbi.com\/index.php?rest_route=\/wp\/v2\/posts\/45059","targetHints":{"allow":["GET"]}}],"collection":[{"href":"https:\/\/dekkbi.com\/index.php?rest_route=\/wp\/v2\/posts"}],"about":[{"href":"https:\/\/dekkbi.com\/index.php?rest_route=\/wp\/v2\/types\/post"}],"author":[{"embeddable":true,"href":"https:\/\/dekkbi.com\/index.php?rest_route=\/wp\/v2\/users\/1"}],"replies":[{"embeddable":true,"href":"https:\/\/dekkbi.com\/index.php?rest_route=%2Fwp%2Fv2%2Fcomments&post=45059"}],"version-history":[{"count":1,"href":"https:\/\/dekkbi.com\/index.php?rest_route=\/wp\/v2\/posts\/45059\/revisions"}],"predecessor-version":[{"id":45061,"href":"https:\/\/dekkbi.com\/index.php?rest_route=\/wp\/v2\/posts\/45059\/revisions\/45061"}],"wp:featuredmedia":[{"embeddable":true,"href":"https:\/\/dekkbi.com\/index.php?rest_route=\/wp\/v2\/media\/45060"}],"wp:attachment":[{"href":"https:\/\/dekkbi.com\/index.php?rest_route=%2Fwp%2Fv2%2Fmedia&parent=45059"}],"wp:term":[{"taxonomy":"category","embeddable":true,"href":"https:\/\/dekkbi.com\/index.php?rest_route=%2Fwp%2Fv2%2Fcategories&post=45059"},{"taxonomy":"post_tag","embeddable":true,"href":"https:\/\/dekkbi.com\/index.php?rest_route=%2Fwp%2Fv2%2Ftags&post=45059"}],"curies":[{"name":"wp","href":"https:\/\/api.w.org\/{rel}","templated":true}]}}