{"id":4503,"date":"2022-12-07T14:18:37","date_gmt":"2022-12-07T14:18:37","guid":{"rendered":"https:\/\/dekkbi.com\/?p=4503"},"modified":"2022-12-07T14:18:39","modified_gmt":"2022-12-07T14:18:39","slug":"mali-a-kita-larmee-malienne-et-ses-suppletifs-russes-accuses-davoir-fait-des-victimes-civiles","status":"publish","type":"post","link":"https:\/\/dekkbi.com\/?p=4503","title":{"rendered":"Mali: \u00e0 Kita, l&rsquo;arm\u00e9e malienne et ses suppl\u00e9tifs russes accus\u00e9s d&rsquo;avoir fait des victimes civiles"},"content":{"rendered":"\n<p>Au Mali, une nouvelle op\u00e9ration de l\u2019arm\u00e9e malienne et de ses suppl\u00e9tifs russes est entach\u00e9e d\u2019accusations d\u2019exactions. Elle s&rsquo;est d\u00e9roul\u00e9e hier, mardi 6\u00a0d\u00e9cembre\u00a0dans la matin\u00e9e, \u00e0 Kita, village de la commune de Dioura, pr\u00e8s de la fronti\u00e8re mauritanienne.\u00a0C&rsquo;\u00e9tait jour de march\u00e9.\u00a0Les sources locales confirment deux \u00e0 cinq morts et des bless\u00e9s. Selon ces sources, il s\u2019agit de civils.<\/p>\n\n\n\n<p><\/p>\n\n\n\n<p>Ils sont arriv\u00e9s au petit matin, au d\u00e9but de la foire hebdomadaire, \u00e0 bord de plusieurs h\u00e9licopt\u00e8res. Les forces arm\u00e9es maliennes (Fama) \u00e9taient, selon plusieurs sources locales concordantes, accompagn\u00e9s de leurs suppl\u00e9tifs russes, simples instructeurs selon Bamako,\u00a0<strong>mercenaires du groupe Wagner<\/strong>\u00a0selon la plupart des pays occidentaux et africains.<\/p>\n\n\n\n<p>Les jihadistes&nbsp;du&nbsp;Groupe de soutien \u00e0 l&rsquo;islam et aux musulmans&nbsp;(GSIM ou Jnim en arabe)&nbsp;li\u00e9&nbsp;\u00e0 al-Qa\u00efda sont pr\u00e9sents&nbsp;dans la zone. En intervenant un jour de march\u00e9, l\u2019arm\u00e9e malienne \u2013 qui n\u2019a pas souhait\u00e9 r\u00e9pondre aux sollicitations de RFI&nbsp;\u2013 et ses suppl\u00e9tifs russes ont-ils voulu profiter d\u2019un moment de ravitaillement&nbsp;? \u00ab<em>&nbsp;Ils feraient mieux d\u2019intervenir l\u00e0 o\u00f9 sont les jihadistes, plut\u00f4t que de venir au milieu d\u2019un march\u00e9<\/em>&nbsp;\u00bb, d\u00e9plore un notable de Kita. Car la foire hebdomadaire de cette ville, carrefour entre le Mali et la Mauritanie, est \u00e9videmment fr\u00e9quent\u00e9e par de tr\u00e8s nombreux civils.<\/p>\n\n\n\n<h2 class=\"wp-block-heading\">Le directeur du centre de sant\u00e9 bless\u00e9<\/h2>\n\n\n\n<p>Selon les sources jointes par RFI, les militaires maliens et les Russes sont rest\u00e9s \u00e0 Kita jusqu\u2019en milieu d\u2019apr\u00e8s-midi, ils ont tir\u00e9 \u00e0 plusieurs reprises dans la foule, tuant quatre ou cinq personnes, selon les sources. Trois hommes ont \u00e9t\u00e9 bless\u00e9s,&nbsp;\u00e9vacu\u00e9s par des transporteurs civils vers la Mauritanie,&nbsp;et huit autres arr\u00eat\u00e9s.<\/p>\n\n\n\n<p><\/p>\n\n\n\n<p>L\u2019argent de plusieurs boutiques a \u00e9galement \u00e9t\u00e9 emport\u00e9 par les militaires. Parmi les morts et les bless\u00e9s figurent des vendeurs de b\u00e9tail et le directeur du centre de sant\u00e9 de Kita.<\/p>\n","protected":false},"excerpt":{"rendered":"<p>Au Mali, une nouvelle op\u00e9ration de l\u2019arm\u00e9e malienne et de ses suppl\u00e9tifs russes est entach\u00e9e d\u2019accusations d\u2019exactions. Elle s&rsquo;est d\u00e9roul\u00e9e<\/p>\n","protected":false},"author":1,"featured_media":4504,"comment_status":"open","ping_status":"open","sticky":false,"template":"","format":"standard","meta":{"footnotes":""},"categories":[51],"tags":[],"class_list":["post-4503","post","type-post","status-publish","format-standard","has-post-thumbnail","hentry","category-general"],"_links":{"self":[{"href":"https:\/\/dekkbi.com\/index.php?rest_route=\/wp\/v2\/posts\/4503","targetHints":{"allow":["GET"]}}],"collection":[{"href":"https:\/\/dekkbi.com\/index.php?rest_route=\/wp\/v2\/posts"}],"about":[{"href":"https:\/\/dekkbi.com\/index.php?rest_route=\/wp\/v2\/types\/post"}],"author":[{"embeddable":true,"href":"https:\/\/dekkbi.com\/index.php?rest_route=\/wp\/v2\/users\/1"}],"replies":[{"embeddable":true,"href":"https:\/\/dekkbi.com\/index.php?rest_route=%2Fwp%2Fv2%2Fcomments&post=4503"}],"version-history":[{"count":1,"href":"https:\/\/dekkbi.com\/index.php?rest_route=\/wp\/v2\/posts\/4503\/revisions"}],"predecessor-version":[{"id":4505,"href":"https:\/\/dekkbi.com\/index.php?rest_route=\/wp\/v2\/posts\/4503\/revisions\/4505"}],"wp:featuredmedia":[{"embeddable":true,"href":"https:\/\/dekkbi.com\/index.php?rest_route=\/wp\/v2\/media\/4504"}],"wp:attachment":[{"href":"https:\/\/dekkbi.com\/index.php?rest_route=%2Fwp%2Fv2%2Fmedia&parent=4503"}],"wp:term":[{"taxonomy":"category","embeddable":true,"href":"https:\/\/dekkbi.com\/index.php?rest_route=%2Fwp%2Fv2%2Fcategories&post=4503"},{"taxonomy":"post_tag","embeddable":true,"href":"https:\/\/dekkbi.com\/index.php?rest_route=%2Fwp%2Fv2%2Ftags&post=4503"}],"curies":[{"name":"wp","href":"https:\/\/api.w.org\/{rel}","templated":true}]}}