{"id":4496,"date":"2022-12-07T14:07:53","date_gmt":"2022-12-07T14:07:53","guid":{"rendered":"https:\/\/dekkbi.com\/?p=4496"},"modified":"2022-12-07T14:07:55","modified_gmt":"2022-12-07T14:07:55","slug":"mondial-sans-ronaldo-mais-avec-la-revelation-ramos-le-portugal-ecrase-la-suisse","status":"publish","type":"post","link":"https:\/\/dekkbi.com\/?p=4496","title":{"rendered":"Mondial: sans Ronaldo mais avec la r\u00e9v\u00e9lation Ramos, le Portugal \u00e9crase la Suisse"},"content":{"rendered":"\n<p>L&rsquo;attaquant du Portugal Cristiano Ronaldo (D) regarde la balle lors du 1\/8 de finale du Mondial-2022 contre la Suisse, le 6 d\u00e9cembre 2022 \u00e0 Doha<\/p>\n\n\n\n<p>afp.com &#8211; Fabrice COFFRINI<\/p>\n\n\n\n<ul class=\"wp-block-list\">\n<li><\/li>\n\n\n\n<li><\/li>\n\n\n\n<li><\/li>\n<\/ul>\n\n\n\n<p>06 D\u00c9C 2022<\/p>\n\n\n\n<p>Mise \u00e0 jour 07.12.2022 \u00e0 00:00<\/p>\n\n\n\n<p>Par Rapha\u00eblle PELTIER<\/p>\n\n\n\n<p>&nbsp;<a href=\"https:\/\/information.tv5monde.com\/auteur\/afp\">AFP<\/a>&nbsp;<\/p>\n\n\n\n<p>\u00a9 2022 AFP<\/p>\n\n\n\n<p><a href=\"https:\/\/www.addthis.com\/bookmark.php?v=300\"><\/a><a href=\"https:\/\/www.addthis.com\/bookmark.php?v=300\"><\/a><a rel=\"noreferrer noopener\" href=\"https:\/\/www.addthis.com\/bookmark.php?v=300\" target=\"_blank\"><\/a><a rel=\"noreferrer noopener\" href=\"https:\/\/www.addthis.com\/bookmark.php?v=300\" target=\"_blank\"><\/a>En \u00e9tat de gr\u00e2ce: le Portugal s&rsquo;est qualifi\u00e9 mardi pour les quarts de finale du Mondial-2022 en balayant la Suisse 6-1, sans sa star Cristiano Ronaldo, entr\u00e9 seulement en fin de match, mais avec un tripl\u00e9 du rempla\u00e7ant de \u00ab\u00a0CR7\u00a0\u00bb, Gon\u00e7alo Ramos.<\/p>\n\n\n\n<p>La Sele\u00e7ao, qui n&rsquo;avait plus atteint ce stade de la comp\u00e9tition depuis 2006, rencontrera le Maroc samedi (16h00) en position de favorite. Un peu plus t\u00f4t, les \u00ab\u00a0Lions de l&rsquo;Atlas\u00a0\u00bb ont eux cr\u00e9\u00e9 la sensation en \u00e9liminant l&rsquo;Espagne aux tirs au but (0-0, 3 t.a.b. \u00e0 0).<\/p>\n\n\n\n<p>Pourquoi avoir laiss\u00e9 Ronaldo sur le banc ? \u00ab\u00a0J&rsquo;en ai d\u00e9j\u00e0 parl\u00e9. Ces probl\u00e9matiques sont r\u00e9solues, c&rsquo;est du pass\u00e9\u00a0\u00bb, a balay\u00e9 le s\u00e9lectionneur Fernando Santos en conf\u00e9rence de presse d&rsquo;apr\u00e8s-match.<\/p>\n\n\n\n<p>Lundi, il avait expliqu\u00e9 n&rsquo;avoir \u00ab\u00a0pas du tout aim\u00e9\u00a0\u00bb le geste d&rsquo;humeur de son joueur vedette lors de son remplacement \u00e0 la 65e minute contre la Cor\u00e9e du Sud en phase de groupe (d\u00e9faite 2-1).<\/p>\n\n\n\n<p>Capitaine en lieu et place de \u00ab\u00a0CR7\u00a0\u00bb, Pepe a ajout\u00e9: \u00ab\u00a0Cris le sait parfaitement et le coach l&rsquo;a dit tr\u00e8s clairement, ici, le plus important c&rsquo;est le +nous+. C&rsquo;\u00e9tait un choix de l&rsquo;entra\u00eeneur et nous devons respecter sa d\u00e9cision.\u00a0\u00bb<\/p>\n\n\n\n<p>Si Santos avait l&rsquo;opinion avec lui au Portugal, un sondage ayant r\u00e9v\u00e9l\u00e9 que 70% des fans ne souhaitaient pas que Ronaldo soit titulaire lors de ce match, dans le stade, l&rsquo;humeur \u00e9tait diff\u00e9rente.<\/p>\n\n\n\n<p>&#8211; \u00ab\u00a0Juste jouer\u00a0\u00bb &#8211;<\/p>\n\n\n\n<p>La star portugaise, qui joue tr\u00e8s probablement \u00e0 37 ans son dernier Mondial, est finalement entr\u00e9e en jeu \u00e0 la 74e minute, retrouvant son brassard sous les ovations d&rsquo;un public qui scandait son nom depuis une quinzaine de minutes.<\/p>\n\n\n\n<p>Mais le score \u00e9tait d\u00e9j\u00e0 de 5-1 et le but du quintuple Ballon d&rsquo;or \u00e0 la 84e minute a \u00e9t\u00e9 annul\u00e9 pour une position de hors-jeu. Il lui faudra encore attendre pour marquer dans un match \u00e0 \u00e9limination directe de Coupe du monde.<\/p>\n\n\n\n<p>Quand le chat n&rsquo;est pas l\u00e0, les souris dansent et Ramos, qui n&rsquo;avait jou\u00e9 en tout et pour tout que 33 minutes en s\u00e9lection avant ce soir, dont vingt minutes en amical, en a profit\u00e9 pour se r\u00e9v\u00e9ler au grand jour.<\/p>\n\n\n\n<p>\u00ab\u00a0Je n&rsquo;ai jamais r\u00eav\u00e9 d&rsquo;un \u00e9v\u00e9nement comme ce soir, jamais pens\u00e9 \u00eatre titulaire et marquer trois buts lors de mon premier match, je voulais juste jouer\u00a0\u00bb, a-t-il confi\u00e9 ensuite.<\/p>\n\n\n\n<p>L&rsquo;avant-centre au Benfica Lisbonne a fait bien mieux que \u00e7a: \u00e0 21 ans, il est entr\u00e9 dans le gotha des auteurs de tripl\u00e9 dans un Mondial, \u00e0 c\u00f4t\u00e9 de g\u00e9ants comme Pel\u00e9, Gerd M\u00fcller ou Just Fontaine. Il est m\u00eame le plus jeune auteur d&rsquo;un tripl\u00e9 en match \u00e0 \u00e9limination directe depuis Pel\u00e9 en 1958.<\/p>\n\n\n\n<p>&#8211; \u00ab\u00a0Confiance\u00a0\u00bb &#8211;<\/p>\n\n\n\n<p>Santos a salu\u00e9 son \u00ab\u00a0dynamisme\u00a0\u00bb, sa capacit\u00e9 \u00e0 \u00ab\u00a0\u00e9tudier les occasions\u00a0\u00bb et son \u00ab\u00a0esprit de comp\u00e9tition\u00a0\u00bb, tout en renouvelant sa \u00ab\u00a0confiance\u00a0\u00bb \u00e0 ses trois attaquants de pointe qu&rsquo;il utilisera \u00ab\u00a0selon l&rsquo;adversaire et la strat\u00e9gie\u00a0\u00bb.<\/p>\n\n\n\n<p>Le premier but de Ramos, d\u00e8s la 17e minute, \u00e9tait une petite merveille de tir surpuissant dans un angle difficile. Le gardien suisse Yann Sommer \u00e9tait bien plac\u00e9 \u00e0 son premier poteau mais la vitesse de la balle l&rsquo;a pris de court (1-0).<\/p>\n\n\n\n<p>Et si, dans la bataille du milieu de terrain, la Suisse a un temps fait illusion, elle a c\u00e9d\u00e9 une deuxi\u00e8me fois sur coup de pied arr\u00eat\u00e9 \u00e0 la demi-heure de jeu. Cette fois, c&rsquo;est le v\u00e9t\u00e9ran Pepe qui s&rsquo;est offert un superbe but de la t\u00eate sur corner, \u00e0 trois mois de son quaranti\u00e8me anniversaire (26 f\u00e9vrier).<\/p>\n\n\n\n<p>Apr\u00e8s la pause, Ramos a doubl\u00e9 sa mise en reprenant un centre au premier poteau (3-0, 51e), avant que l&rsquo;ancien Lorientais Rapha\u00ebl Guerreiro ne r\u00e9cidive quasiment sur l&rsquo;action suivante, au bout d&rsquo;un contre collectif rondement men\u00e9 (4-0, 55e).<\/p>\n\n\n\n<p>Apr\u00e8s l&rsquo;anecdotique r\u00e9duction du score par Manuel Akanji (4-1, 58e), Ramos a parachev\u00e9 sa soir\u00e9e de r\u00eave en venant battre Sommer de pr\u00e8s apr\u00e8s un slalom dans la d\u00e9fense (5-1, 67e). Rafael Leao a clou\u00e9 le cercueil dans le temps additionnel (6-1, 90e+2).<\/p>\n\n\n\n<p>Par Rapha\u00eblle PELTIER<\/p>\n\n\n\n<p><a href=\"https:\/\/information.tv5monde.com\/auteur\/afp\">AFP<\/a><\/p>\n","protected":false},"excerpt":{"rendered":"<p>L&rsquo;attaquant du Portugal Cristiano Ronaldo (D) regarde la balle lors du 1\/8 de finale du Mondial-2022 contre la Suisse, le<\/p>\n","protected":false},"author":1,"featured_media":3547,"comment_status":"open","ping_status":"open","sticky":false,"template":"","format":"standard","meta":{"footnotes":""},"categories":[9],"tags":[],"class_list":["post-4496","post","type-post","status-publish","format-standard","has-post-thumbnail","hentry","category-sports"],"_links":{"self":[{"href":"https:\/\/dekkbi.com\/index.php?rest_route=\/wp\/v2\/posts\/4496","targetHints":{"allow":["GET"]}}],"collection":[{"href":"https:\/\/dekkbi.com\/index.php?rest_route=\/wp\/v2\/posts"}],"about":[{"href":"https:\/\/dekkbi.com\/index.php?rest_route=\/wp\/v2\/types\/post"}],"author":[{"embeddable":true,"href":"https:\/\/dekkbi.com\/index.php?rest_route=\/wp\/v2\/users\/1"}],"replies":[{"embeddable":true,"href":"https:\/\/dekkbi.com\/index.php?rest_route=%2Fwp%2Fv2%2Fcomments&post=4496"}],"version-history":[{"count":1,"href":"https:\/\/dekkbi.com\/index.php?rest_route=\/wp\/v2\/posts\/4496\/revisions"}],"predecessor-version":[{"id":4497,"href":"https:\/\/dekkbi.com\/index.php?rest_route=\/wp\/v2\/posts\/4496\/revisions\/4497"}],"wp:featuredmedia":[{"embeddable":true,"href":"https:\/\/dekkbi.com\/index.php?rest_route=\/wp\/v2\/media\/3547"}],"wp:attachment":[{"href":"https:\/\/dekkbi.com\/index.php?rest_route=%2Fwp%2Fv2%2Fmedia&parent=4496"}],"wp:term":[{"taxonomy":"category","embeddable":true,"href":"https:\/\/dekkbi.com\/index.php?rest_route=%2Fwp%2Fv2%2Fcategories&post=4496"},{"taxonomy":"post_tag","embeddable":true,"href":"https:\/\/dekkbi.com\/index.php?rest_route=%2Fwp%2Fv2%2Ftags&post=4496"}],"curies":[{"name":"wp","href":"https:\/\/api.w.org\/{rel}","templated":true}]}}