{"id":4494,"date":"2022-12-07T14:04:31","date_gmt":"2022-12-07T14:04:31","guid":{"rendered":"https:\/\/dekkbi.com\/?p=4494"},"modified":"2022-12-07T14:04:32","modified_gmt":"2022-12-07T14:04:32","slug":"mondial-place-aux-quarts-avec-sept-habitues-et-le-maroc-en-invite","status":"publish","type":"post","link":"https:\/\/dekkbi.com\/?p=4494","title":{"rendered":"Mondial: place aux quarts avec sept habitu\u00e9s&#8230; et le Maroc en invit\u00e9"},"content":{"rendered":"\n<p><a href=\"https:\/\/www.addthis.com\/bookmark.php?v=300\"><\/a><a href=\"https:\/\/www.addthis.com\/bookmark.php?v=300\"><\/a><a rel=\"noreferrer noopener\" href=\"https:\/\/www.addthis.com\/bookmark.php?v=300\" target=\"_blank\"><\/a><a rel=\"noreferrer noopener\" href=\"https:\/\/www.addthis.com\/bookmark.php?v=300\" target=\"_blank\"><\/a>Le Maroc s&rsquo;invite au festin! Les grandes nations se sont taill\u00e9 la part du lion en quarts de finale du Mondial-2022, avec des chocs all\u00e9chants vendredi et samedi, comme Angleterre-France ou Pays-Bas-Argentine, et un trouble-f\u00eate, les Lions de l&rsquo;Atlas, qualifi\u00e9s pour la premi\u00e8re fois de leur histoire.<\/p>\n\n\n\n<p>La victoire historique aux tirs au but du Maroc mardi contre l&rsquo;Espagne (0-0 a.p., 3 t.a.b. \u00e0 0) a boulevers\u00e9 un tableau final o\u00f9, jusque-l\u00e0, les grandes nations avaient tenu leur rang, du Br\u00e9sil \u00e0 l&rsquo;Argentine en passant par la France ou le Portugal, qui a \u00e9cras\u00e9 la Suisse (6-1).<\/p>\n\n\n\n<p>Avec Cristiano Ronaldo sur le banc en d\u00e9but de rencontre, c&rsquo;est le jeune attaquant du Benfica Gon\u00e7alo Ramos qui a brill\u00e9 avec un tripl\u00e9.<\/p>\n\n\n\n<p>Dans la lign\u00e9e des \u00e9liminations pr\u00e9coces de la Belgique (2e mondiale) ou l&rsquo;Allemagne (11e) en phase de poules, la sortie de l&rsquo;Espagne (7e) confirme que cette Coupe du monde atypique dans son calendrier, sa programmation et sa g\u00e9ographie r\u00e9serve encore des surprises.<\/p>\n\n\n\n<p>C&rsquo;est un accomplissement historique pour le Maroc, qui \u00e9gale la meilleure performance d&rsquo;une nation africaine au Mondial et peut esp\u00e9rer d\u00e9sormais un dernier carr\u00e9 in\u00e9dit.<\/p>\n\n\n\n<p>\u00ab\u00a0C&rsquo;est historique pour le Maroc, c&rsquo;est historique pour l&rsquo;Afrique. On avait dit qu&rsquo;on \u00e9tait venus pour repr\u00e9senter l&rsquo;Afrique, on a vu que notre niveau avait augment\u00e9\u00a0\u00bb, a savour\u00e9 le s\u00e9lectionneur marocain Walid Regragui au micro de BeIN Sports.<\/p>\n\n\n\n<p>&#8211; \u00ab\u00a0Briser la domination europ\u00e9enne\u00a0\u00bb &#8211;<\/p>\n\n\n\n<p>En 2018, les quarts s&rsquo;\u00e9taient r\u00e9sum\u00e9s \u00e0 un bras de fer entre l&rsquo;Europe et l&rsquo;Am\u00e9rique du Sud. Quatre ans plus tard, le Maroc a rompu ce duopole, m\u00eame si le nombre de nations europ\u00e9ennes qualifi\u00e9es (5 sur 8) alimente le risque de voir la mainmise du Vieux continent se poursuivre, comme \u00e0 chaque \u00e9dition depuis 2002.<\/p>\n\n\n\n<p>Le Br\u00e9sil et l&rsquo;Argentine, bien s\u00fbr, ne sont pas d&rsquo;accord.<\/p>\n\n\n\n<p>Port\u00e9es respectivement par Neymar et Lionel Messi, la Canarinha et l&rsquo;Albiceleste croient en leurs chances dans ce tournoi qui est sans doute la derni\u00e8re opportunit\u00e9 pour \u00ab\u00a0Ney\u00a0\u00bb ou pour \u00ab\u00a0Leo\u00a0\u00bb d&rsquo;atteindre le Graal.<\/p>\n\n\n\n<p>\u00ab\u00a0La Coupe du monde au Qatar est une excellente occasion de briser la domination europ\u00e9enne\u00a0\u00bb, avait d\u00e9clar\u00e9 \u00e0 l&rsquo;AFP Cafu, ancien d\u00e9fenseur et capitaine des champions du monde br\u00e9siliens en 2002, avant le tournoi.<\/p>\n\n\n\n<p>Apr\u00e8s trois semaines de comp\u00e9tition, le Br\u00e9sil a certes impressionn\u00e9 par sa force offensive et sa rigueur d\u00e9fensive, malgr\u00e9 dix jours d&rsquo;absence pour Neymar, touch\u00e9 \u00e0 une cheville. L&rsquo;Argentine, elle, monte en puissance apr\u00e8s son revers initial et inattendu contre l&rsquo;Arabie saoudite (2-1).<\/p>\n\n\n\n<p>Mais gare \u00e0 leurs adversaires en quarts: la Croatie, vice-championne du monde 2018 et toujours guid\u00e9e par son ma\u00eetre \u00e0 jouer Luka Modric, reste est un tr\u00e8s gros morceau sur la route du Br\u00e9sil vendredi (16h00).<\/p>\n\n\n\n<p>Idem pour les Pays-Bas du s\u00e9lectionneur Louis van Gaal, une \u00e9quipe disciplin\u00e9e et coh\u00e9rente capable de faire d\u00e9jouer l&rsquo;\u00e9quipe de Lionel Scaloni.<\/p>\n\n\n\n<p>\u00ab\u00a0\u00c7a sera un tr\u00e8s beau match entre deux s\u00e9lections historiques. Malheureusement, une d&rsquo;entre elles devra partir\u00a0\u00bb, a comment\u00e9 le s\u00e9lectionneur argentin.<\/p>\n\n\n\n<p>&#8211; \u00ab\u00a0Obsession\u00a0\u00bb pour Mbapp\u00e9 &#8211;<\/p>\n\n\n\n<p>Van Gaal, demi-finaliste sur le banc des Oranje en 2014, voit d\u00e9j\u00e0 plus loin: \u00ab\u00a0Cela fait un an que je le dis: nous pouvons \u00eatre champions du monde. Je ne dis pas que nous le serons, mais nous le pouvons.\u00a0\u00bb<\/p>\n\n\n\n<p>Comble de malchance pour les nations sud-am\u00e9ricaines: en cas de qualification pour le dernier carr\u00e9, Br\u00e9sil et Argentine se croiseront en demi-finale pour une revanche de la finale de Copa Am\u00e9rica 2021 remport\u00e9e par l&rsquo;Albiceleste (1-0).<\/p>\n\n\n\n<p>Samedi, place \u00e0 un \u00ab\u00a0crunch\u00a0\u00bb de haute vol\u00e9e entre la France, championne du monde en titre, et l&rsquo;Angleterre, vice-championne d&rsquo;Europe.<\/p>\n\n\n\n<p>Les supporters y voient surtout un duel entre l&rsquo;attaquant des Bleus Kylian Mbapp\u00e9, meilleur buteur du tournoi (5 buts) et l&rsquo;avant-centre des Three Lions Harry Kane, meilleur passeur (3 passes d\u00e9cisives).<\/p>\n\n\n\n<p>\u00ab\u00a0Bien s\u00fbr, cette Coupe du monde est une obsession, c&rsquo;est la comp\u00e9tition de mes r\u00eaves\u00a0\u00bb, a r\u00e9agi Mbapp\u00e9 apr\u00e8s son doubl\u00e9 en huiti\u00e8mes contre la Pologne (3-1), avouant avoir \u00ab\u00a0b\u00e2ti\u00a0\u00bb sa saison pour cet objectif, \u00ab\u00a0que ce soit physiquement ou mentalement\u00a0\u00bb.<\/p>\n\n\n\n<p>Les Bleus peuvent-ils devenir la premi\u00e8re nation \u00e0 conserver son titre mondial depuis le Br\u00e9sil de Pel\u00e9 en 1962 ? Il faudra d\u00e9j\u00e0 dompter les Anglais en quarts, avant de penser \u00e0 une \u00e9ventuelle demi-finale contre le vainqueur du duel entre le Maroc et le Portugal.<\/p>\n\n\n\n<p>Par Jean DECOTTE<\/p>\n\n\n\n<p>AFP<\/p>\n","protected":false},"excerpt":{"rendered":"<p>Le Maroc s&rsquo;invite au festin! Les grandes nations se sont taill\u00e9 la part du lion en quarts de finale du<\/p>\n","protected":false},"author":1,"featured_media":4419,"comment_status":"open","ping_status":"open","sticky":false,"template":"","format":"standard","meta":{"footnotes":""},"categories":[9],"tags":[],"class_list":["post-4494","post","type-post","status-publish","format-standard","has-post-thumbnail","hentry","category-sports"],"_links":{"self":[{"href":"https:\/\/dekkbi.com\/index.php?rest_route=\/wp\/v2\/posts\/4494","targetHints":{"allow":["GET"]}}],"collection":[{"href":"https:\/\/dekkbi.com\/index.php?rest_route=\/wp\/v2\/posts"}],"about":[{"href":"https:\/\/dekkbi.com\/index.php?rest_route=\/wp\/v2\/types\/post"}],"author":[{"embeddable":true,"href":"https:\/\/dekkbi.com\/index.php?rest_route=\/wp\/v2\/users\/1"}],"replies":[{"embeddable":true,"href":"https:\/\/dekkbi.com\/index.php?rest_route=%2Fwp%2Fv2%2Fcomments&post=4494"}],"version-history":[{"count":1,"href":"https:\/\/dekkbi.com\/index.php?rest_route=\/wp\/v2\/posts\/4494\/revisions"}],"predecessor-version":[{"id":4495,"href":"https:\/\/dekkbi.com\/index.php?rest_route=\/wp\/v2\/posts\/4494\/revisions\/4495"}],"wp:featuredmedia":[{"embeddable":true,"href":"https:\/\/dekkbi.com\/index.php?rest_route=\/wp\/v2\/media\/4419"}],"wp:attachment":[{"href":"https:\/\/dekkbi.com\/index.php?rest_route=%2Fwp%2Fv2%2Fmedia&parent=4494"}],"wp:term":[{"taxonomy":"category","embeddable":true,"href":"https:\/\/dekkbi.com\/index.php?rest_route=%2Fwp%2Fv2%2Fcategories&post=4494"},{"taxonomy":"post_tag","embeddable":true,"href":"https:\/\/dekkbi.com\/index.php?rest_route=%2Fwp%2Fv2%2Ftags&post=4494"}],"curies":[{"name":"wp","href":"https:\/\/api.w.org\/{rel}","templated":true}]}}