{"id":44931,"date":"2024-10-23T13:29:39","date_gmt":"2024-10-23T13:29:39","guid":{"rendered":"https:\/\/dekkbi.com\/?p=44931"},"modified":"2024-10-23T13:29:39","modified_gmt":"2024-10-23T13:29:39","slug":"donald-trump-envierait-adolf-hitler-jai-besoin-de-ses-generaux","status":"publish","type":"post","link":"https:\/\/dekkbi.com\/?p=44931","title":{"rendered":"Donald Trump envierait Adolf Hitler: \u201cJ\u2019ai besoin de ses g\u00e9n\u00e9raux\u201d"},"content":{"rendered":"\n<p>John Kelly, g\u00e9n\u00e9ral am\u00e9ricain \u00e0 la retraite et chef de cabinet de la Maison-Blanche entre 2017 et 2019, a d\u00e9clar\u00e9 dans plusieurs grands m\u00e9dias que Donald Trump correspondait \u201c\u00e0 la d\u00e9finition du fascisme.\u201d En outre, il a \u00e9galement confirm\u00e9 des propos concernant Adolf Hitler qu\u2019aurait tenu l\u2019ancien pr\u00e9sident lorsqu&rsquo;il \u00e9tait en poste.<\/p>\n\n\n\n<p><strong>Maxime Czupryk\u00a0<\/strong> &#8211; SOURCE RFI<\/p>\n\n\n\n<p>John Kelly fut nomm\u00e9 secr\u00e9taire \u00e0 la S\u00e9curit\u00e9 int\u00e9rieure des \u00c9tats-Unis lors de l\u2019investiture de Donald Trump en janvier 2017 avant de prendre le poste de chef de cabinet de la Maison-Blanche sept mois plus tard. Il quitta ses fonctions en janvier 2019, un an avant la fin du mandat de Trump.<\/p>\n\n\n\n<p>Ce mardi, \u00e0 exactement deux semaines de l\u2019\u00e9lection pr\u00e9sidentielle, John Kelly s&rsquo;est exprim\u00e9 dans plusieurs grands m\u00e9dias anglophones. Des entretiens qui font suite \u00e0 toute une s\u00e9rie de mises en garde d\u2019anciens collaborateurs de Donald Trump,\u00a0dont John Kelly lui-m\u00eame,\u00a0sur sa vision de la pr\u00e9sidence et sa fa\u00e7on de gouverner s\u2019il acc\u00e9dait \u00e0 nouveau au pouvoir.<\/p>\n\n\n\n<h2 class=\"wp-block-heading\">D\u00e9finition du fascisme<\/h2>\n\n\n\n<p>Interrog\u00e9 par le New York Times, l&rsquo;ancien g\u00e9n\u00e9ral a d\u00e9clar\u00e9 que Donald Trump \u201cpr\u00e9f\u00e8re certainement une approche dictatoriale du pouvoir.\u201d\u00a0Dans les colonnes du Times, prestigieux quotidien britannique, John Kelly a soulign\u00e9 que son ancien patron \u201ccorrespondait \u00e0 la d\u00e9finition du fascisme.\u201d<\/p>\n\n\n\n<p>\u201cIl est certain que l\u2019ancien pr\u00e9sident se situe (politiquement) \u00e0 l\u2019extr\u00eame droite, qu\u2019il est autoritaire, qu\u2019il admire les dictateurs &#8211;\u00a0il l\u2019a d\u00e9j\u00e0 dit. Il r\u00e9pond donc \u00e0 la d\u00e9finition g\u00e9n\u00e9rale du fascisme, c\u2019est certain\u201d, a d\u00e9clar\u00e9 John Kelly.<\/p>\n\n\n\n<p>Pour The Atlantic, John Kelly est \u00e9galement revenu sur une conversation qu&rsquo;il aurait eue avec Donald Trump lorsque celui-ci \u00e9tait en poste. Une conversation, initialement r\u00e9v\u00e9l\u00e9e par les journalistes Peter Baker Susan Glasser dans un livre publi\u00e9 en 2022, au cours de laquelle l\u2019ancien pr\u00e9sident aurait fait part de son admiration pour la loyaut\u00e9 des g\u00e9n\u00e9raux d\u2019Hitler envers le f\u00fchrer. Une fid\u00e9lit\u00e9 qu\u2019il envierait.<\/p>\n\n\n\n<p>\u201cJ\u2019ai besoin du genre de g\u00e9n\u00e9raux qu\u2019avait Hitler\u201d, aurait ainsi d\u00e9clar\u00e9 Donald Trump \u00e0 son chef de cabinet. \u201cDes gens qui lui \u00e9taient totalement loyaux, qui suivent les ordres\u201d, aurait-il insist\u00e9.<\/p>\n\n\n\n<p>\u00c0 noter qu\u2019aux \u00c9tats-Unis, les officiers militaires am\u00e9ricains, tels que les g\u00e9n\u00e9raux, pr\u00eatent serment \u00e0 la Constitution et non au commandant en chef, qui n&rsquo;est autre que le pr\u00e9sident. Cependant, toujours selon John Kelly, Trump avait pour habitude de les appeler \u201cses g\u00e9n\u00e9raux.\u201d<\/p>\n\n\n\n<h2 class=\"wp-block-heading\">La campagne Trump d\u00e9ment, les d\u00e9mocrates en profitent<\/h2>\n\n\n\n<p>L\u2019\u00e9quipe de campagne de Donald Trump a fermement d\u00e9menti par voie de communiqu\u00e9. \u201cM. Kelly se ridiculise totalement avec ces histoires qu&rsquo;il a invent\u00e9es parce qu\u2019il n\u2019a pas bien servi son pr\u00e9sident lorsqu\u2019il \u00e9tait chef de cabinet\u201d, a d\u00e9clar\u00e9 Steven Cheung, le directeur de la communication de la campagne Trump. \u201cC\u2019est absolument faux\u201d, a pour sa part d\u00e9clar\u00e9 Alex Pfeiffer, un conseiller de la campagne de l\u2019ancien pr\u00e9sident.<\/p>\n\n\n\n<p>De leur c\u00f4t\u00e9, les d\u00e9mocrates ont \u00e9videmment saisi l\u2019occasion pour attaquer le candidat r\u00e9publicain. Lors d&rsquo;un meeting mardi soir dans le Wisconsin, le colistier de Kamala Harris, Tim Walz, qui a lui-m\u00eame servi dans la Garde nationale, a d\u00e9clar\u00e9 que les propos sur Hitler imput\u00e9s \u00e0 Trump le \u201crendaient malade.\u201d<\/p>\n","protected":false},"excerpt":{"rendered":"<p>John Kelly, g\u00e9n\u00e9ral am\u00e9ricain \u00e0 la retraite et chef de cabinet de la Maison-Blanche entre 2017 et 2019, a d\u00e9clar\u00e9<\/p>\n","protected":false},"author":1,"featured_media":44932,"comment_status":"open","ping_status":"open","sticky":false,"template":"","format":"standard","meta":{"footnotes":""},"categories":[51],"tags":[],"class_list":["post-44931","post","type-post","status-publish","format-standard","has-post-thumbnail","hentry","category-general"],"_links":{"self":[{"href":"https:\/\/dekkbi.com\/index.php?rest_route=\/wp\/v2\/posts\/44931","targetHints":{"allow":["GET"]}}],"collection":[{"href":"https:\/\/dekkbi.com\/index.php?rest_route=\/wp\/v2\/posts"}],"about":[{"href":"https:\/\/dekkbi.com\/index.php?rest_route=\/wp\/v2\/types\/post"}],"author":[{"embeddable":true,"href":"https:\/\/dekkbi.com\/index.php?rest_route=\/wp\/v2\/users\/1"}],"replies":[{"embeddable":true,"href":"https:\/\/dekkbi.com\/index.php?rest_route=%2Fwp%2Fv2%2Fcomments&post=44931"}],"version-history":[{"count":1,"href":"https:\/\/dekkbi.com\/index.php?rest_route=\/wp\/v2\/posts\/44931\/revisions"}],"predecessor-version":[{"id":44933,"href":"https:\/\/dekkbi.com\/index.php?rest_route=\/wp\/v2\/posts\/44931\/revisions\/44933"}],"wp:featuredmedia":[{"embeddable":true,"href":"https:\/\/dekkbi.com\/index.php?rest_route=\/wp\/v2\/media\/44932"}],"wp:attachment":[{"href":"https:\/\/dekkbi.com\/index.php?rest_route=%2Fwp%2Fv2%2Fmedia&parent=44931"}],"wp:term":[{"taxonomy":"category","embeddable":true,"href":"https:\/\/dekkbi.com\/index.php?rest_route=%2Fwp%2Fv2%2Fcategories&post=44931"},{"taxonomy":"post_tag","embeddable":true,"href":"https:\/\/dekkbi.com\/index.php?rest_route=%2Fwp%2Fv2%2Ftags&post=44931"}],"curies":[{"name":"wp","href":"https:\/\/api.w.org\/{rel}","templated":true}]}}