{"id":44920,"date":"2024-10-23T13:18:57","date_gmt":"2024-10-23T13:18:57","guid":{"rendered":"https:\/\/dekkbi.com\/?p=44920"},"modified":"2024-10-23T13:18:58","modified_gmt":"2024-10-23T13:18:58","slug":"relations-de-compagnonnage-sonko-dethie-fall-evoque-un-engagement-sincere-lors-3-dernieres-annees-de-combat","status":"publish","type":"post","link":"https:\/\/dekkbi.com\/?p=44920","title":{"rendered":"Relations de Compagnonnage Sonko : Dethi\u00e9 fall \u00e9voque un engagement sinc\u00e8re lors 3 derni\u00e8res ann\u00e9es de combat"},"content":{"rendered":"\n<p>Lors d&rsquo;une conf\u00e9rence de presse tenue le 22 octobre 2024, Dethi\u00e9 Fall, leader du Parti R\u00e9publicain pour le Progr\u00e8s (PRP), a abord\u00e9 les relations d&rsquo;amiti\u00e9 et de sinc\u00e9rit\u00e9 qu&rsquo;il entretient avec Ousmane Sonko, pr\u00e9sident du parti Pastef. Cet \u00e9change a fait suite \u00e0 une rencontre entre les deux hommes politiques, qui partagent un m\u00eame engagement au sein de la coalition Yewwi Askan Wi.<\/p>\n\n\n\n<p>Dethi\u00e9 Fall a rappel\u00e9 que leur relation repose sur une solidarit\u00e9 politique qui s&rsquo;est construite au fil du temps. Il a notamment soulign\u00e9 les trois derni\u00e8res ann\u00e9es de combat commun entre sa formation politique et le Pastef, unis autour des m\u00eames valeurs et objectifs pour l&rsquo;avenir du pays. La coop\u00e9ration entre le PRP et Pastef, dans le cadre de Yewwi Askan Wi.<\/p>\n\n\n\n<p>Cette conf\u00e9rence a permis de mettre en lumi\u00e8re la persistance de leur engagement partag\u00e9, malgr\u00e9 les obstacles politiques rencontr\u00e9s, \u00e9voquant m\u00eame les 6 mois sans contacte avec les leaders de Pastef. Leur alliance, ancr\u00e9e dans la sinc\u00e9rit\u00e9 et l&rsquo;amiti\u00e9, t\u00e9moigne de leur volont\u00e9 de continuer \u00e0 \u0153uvrer ensemble pour un changement politique profond au S\u00e9n\u00e9gal.<\/p>\n","protected":false},"excerpt":{"rendered":"<p>Lors d&rsquo;une conf\u00e9rence de presse tenue le 22 octobre 2024, Dethi\u00e9 Fall, leader du Parti R\u00e9publicain pour le Progr\u00e8s (PRP),<\/p>\n","protected":false},"author":1,"featured_media":44922,"comment_status":"open","ping_status":"open","sticky":false,"template":"","format":"standard","meta":{"footnotes":""},"categories":[21],"tags":[],"class_list":["post-44920","post","type-post","status-publish","format-standard","has-post-thumbnail","hentry","category-societe"],"_links":{"self":[{"href":"https:\/\/dekkbi.com\/index.php?rest_route=\/wp\/v2\/posts\/44920","targetHints":{"allow":["GET"]}}],"collection":[{"href":"https:\/\/dekkbi.com\/index.php?rest_route=\/wp\/v2\/posts"}],"about":[{"href":"https:\/\/dekkbi.com\/index.php?rest_route=\/wp\/v2\/types\/post"}],"author":[{"embeddable":true,"href":"https:\/\/dekkbi.com\/index.php?rest_route=\/wp\/v2\/users\/1"}],"replies":[{"embeddable":true,"href":"https:\/\/dekkbi.com\/index.php?rest_route=%2Fwp%2Fv2%2Fcomments&post=44920"}],"version-history":[{"count":1,"href":"https:\/\/dekkbi.com\/index.php?rest_route=\/wp\/v2\/posts\/44920\/revisions"}],"predecessor-version":[{"id":44923,"href":"https:\/\/dekkbi.com\/index.php?rest_route=\/wp\/v2\/posts\/44920\/revisions\/44923"}],"wp:featuredmedia":[{"embeddable":true,"href":"https:\/\/dekkbi.com\/index.php?rest_route=\/wp\/v2\/media\/44922"}],"wp:attachment":[{"href":"https:\/\/dekkbi.com\/index.php?rest_route=%2Fwp%2Fv2%2Fmedia&parent=44920"}],"wp:term":[{"taxonomy":"category","embeddable":true,"href":"https:\/\/dekkbi.com\/index.php?rest_route=%2Fwp%2Fv2%2Fcategories&post=44920"},{"taxonomy":"post_tag","embeddable":true,"href":"https:\/\/dekkbi.com\/index.php?rest_route=%2Fwp%2Fv2%2Ftags&post=44920"}],"curies":[{"name":"wp","href":"https:\/\/api.w.org\/{rel}","templated":true}]}}