{"id":44918,"date":"2024-10-23T13:14:14","date_gmt":"2024-10-23T13:14:14","guid":{"rendered":"https:\/\/dekkbi.com\/?p=44918"},"modified":"2024-10-23T13:14:14","modified_gmt":"2024-10-23T13:14:14","slug":"inter-coalition-vers-les-legislatives-amadou-ba-retire-sa-liste-departementale-de-dakar-et-fait-bloc-avec-macky-et-khalifa-sall","status":"publish","type":"post","link":"https:\/\/dekkbi.com\/?p=44918","title":{"rendered":"Inter coalition vers les l\u00e9gislatives : Amadou B\u00e2 retire sa liste d\u00e9partementale de Dakar et fait bloc avec Macky et Khalifa Sall"},"content":{"rendered":"\n<p>La coalition Jam Ak Jari\u00f1 de Amadou B\u00e2 retire sa liste dans le d\u00e9partement de Dakar pour soutenir l\u2019inter coalition \u00ab\u00a0Sam Sa Kadd\u00f9 \/ Takku Wallu\u00a0\u00bb. L\u2019information est confirm\u00e9e par la mandataire de la coalition Jam Ak Jari\u00f1, Zahra Iyane Thiam : \u00ab\u00a0effectivement, pour ces \u00e9lections l\u00e9gislatives du 17 novembre 2024, la coalition Jam Ak Jari\u00f1 de Amadou Ba a d\u00e9cid\u00e9 de retirer sa liste d\u00e9partementale de Dakar pour soutenir la liste de l\u2019inter coalition Samm Sa Kaddu, avec PUR et Khalifa Sall et de Takku Wallu S\u00e9n\u00e9gal, dirig\u00e9e par l\u2019ancien pr\u00e9sident Macky Sall \u00bb, a-t-elle soutenu.\u00a0<\/p>\n\n\n\n<p>SOURCE DAKARACTU<\/p>\n","protected":false},"excerpt":{"rendered":"<p>La coalition Jam Ak Jari\u00f1 de Amadou B\u00e2 retire sa liste dans le d\u00e9partement de Dakar pour soutenir l\u2019inter coalition<\/p>\n","protected":false},"author":1,"featured_media":44756,"comment_status":"open","ping_status":"open","sticky":false,"template":"","format":"standard","meta":{"footnotes":""},"categories":[6],"tags":[],"class_list":["post-44918","post","type-post","status-publish","format-standard","has-post-thumbnail","hentry","category-politics"],"_links":{"self":[{"href":"https:\/\/dekkbi.com\/index.php?rest_route=\/wp\/v2\/posts\/44918","targetHints":{"allow":["GET"]}}],"collection":[{"href":"https:\/\/dekkbi.com\/index.php?rest_route=\/wp\/v2\/posts"}],"about":[{"href":"https:\/\/dekkbi.com\/index.php?rest_route=\/wp\/v2\/types\/post"}],"author":[{"embeddable":true,"href":"https:\/\/dekkbi.com\/index.php?rest_route=\/wp\/v2\/users\/1"}],"replies":[{"embeddable":true,"href":"https:\/\/dekkbi.com\/index.php?rest_route=%2Fwp%2Fv2%2Fcomments&post=44918"}],"version-history":[{"count":1,"href":"https:\/\/dekkbi.com\/index.php?rest_route=\/wp\/v2\/posts\/44918\/revisions"}],"predecessor-version":[{"id":44919,"href":"https:\/\/dekkbi.com\/index.php?rest_route=\/wp\/v2\/posts\/44918\/revisions\/44919"}],"wp:featuredmedia":[{"embeddable":true,"href":"https:\/\/dekkbi.com\/index.php?rest_route=\/wp\/v2\/media\/44756"}],"wp:attachment":[{"href":"https:\/\/dekkbi.com\/index.php?rest_route=%2Fwp%2Fv2%2Fmedia&parent=44918"}],"wp:term":[{"taxonomy":"category","embeddable":true,"href":"https:\/\/dekkbi.com\/index.php?rest_route=%2Fwp%2Fv2%2Fcategories&post=44918"},{"taxonomy":"post_tag","embeddable":true,"href":"https:\/\/dekkbi.com\/index.php?rest_route=%2Fwp%2Fv2%2Ftags&post=44918"}],"curies":[{"name":"wp","href":"https:\/\/api.w.org\/{rel}","templated":true}]}}