{"id":44903,"date":"2024-10-23T12:57:55","date_gmt":"2024-10-23T12:57:55","guid":{"rendered":"https:\/\/dekkbi.com\/?p=44903"},"modified":"2024-10-23T12:57:55","modified_gmt":"2024-10-23T12:57:55","slug":"interdiction-de-marche-la-f2s-condamne-lacte-du-prefet","status":"publish","type":"post","link":"https:\/\/dekkbi.com\/?p=44903","title":{"rendered":"Interdiction de march\u00e9: la F2S condamne l\u2019acte du pr\u00e9fet"},"content":{"rendered":"\n<p>La marche de la F\u00e9d\u00e9ration des syndicats de la sant\u00e9 (F2s) initialement pr\u00e9vue hier, mardi 22 octobre, pour r\u00e9clamer la g\u00e9n\u00e9ralisation de l\u2019indemnit\u00e9 de logement pour le personnel contractuel, administratif et de soutien, a \u00e9t\u00e9 interdite. Selon les membres de la F2s, ils ont re\u00e7u la notification du pr\u00e9fet de Dakar portant interdiction de la marche. <\/p>\n\n\n\n<p>\u00ab\u00a0<em>Nous prenons acte et condamnons avec la plus grande \u00e9nergie cette violation de nos droits. Le droit \u00e0 la marche est un droit constitutionnel donc un droit acquis qui n\u2019a besoin que d\u2019\u00eatre encadr\u00e9.\u00a0\u00a0Ce qui est regrettable, c\u2018est la l\u00e9g\u00e8ret\u00e9 des raisons \u00e9voqu\u00e9es par l\u2019autorit\u00e9 administrative<\/em>\u00a0\u00bb, a soulign\u00e9 Cheikh Seck dans un communiqu\u00e9.\u00a0\u00a0<\/p>\n\n\n\n<p>Revenant sur les motifs de rejets \u00e9voqu\u00e9s par le pr\u00e9fet, M. Seck a \u00e9voqu\u00e9\u00a0le\u00a0<em>\u00ab risque d\u2019entraver gravement la circulation des personnes et leurs biens \u00bb<\/em>.<strong>\u00a0<\/strong>Face \u00e0 cette r\u00e9ponse servie par le pr\u00e9fet, la F2s a d\u00e9cid\u00e9 de continuer le combat et demande aux militants de rester mobilis\u00e9s jusqu\u2019\u00e0 l\u2019ex\u00e9cution totale des accords et la satisfaction de leurs revendications. <\/p>\n\n\n\n<p>A cet effet, la source souligne\u00a0: \u00ab\u00a0nous attendons\u00a0\u00a0une r\u00e9ponse rapide\u00a0\u00a0\u00e0 nos pr\u00e9occupations\u00a0dont la g\u00e9n\u00e9ralisation de l\u2019indemnit\u00e9 de logement \u00e0 tous les agents de la sant\u00e9 sans discrimination, le recrutement du personnel dans la fonction publique,\u00a0\u00a0la r\u00e9vision des textes r\u00e9glementaires et l\u00e9gislatifs dans la sant\u00e9; la gestion d\u00e9mocratique du personnel par la convocation r\u00e9guli\u00e8re des commissions, la mise en comp\u00e9tition des postes de directions, la finalisation du processus de reclassement ou int\u00e9gration\u00a0\u00a0des infirmiers d\u2019Etat, sages-femmes d\u2019Etat \u00e0 leurs nouvelles hi\u00e9rarchies\u00a0\u00a0B1et A2, la d\u00e9finition des crit\u00e8res d\u2019allocations budg\u00e9taires et l\u2019augmentation des subventions des\u00a0\u00a0h\u00f4pitaux. La r\u00e9gularisation de\u00a0\u00a0la situation du personnel communautaire et des \u00abprestataires des h\u00f4pitaux fait aussi partie des revendications.<\/p>\n\n\n\n<p><strong><em>Denise ZAROUR MEDANG<\/em><\/strong><\/p>\n\n\n\n<p>SUDQUOTIDIEN<\/p>\n","protected":false},"excerpt":{"rendered":"<p>La marche de la F\u00e9d\u00e9ration des syndicats de la sant\u00e9 (F2s) initialement pr\u00e9vue hier, mardi 22 octobre, pour r\u00e9clamer la<\/p>\n","protected":false},"author":1,"featured_media":44904,"comment_status":"open","ping_status":"open","sticky":false,"template":"","format":"standard","meta":{"footnotes":""},"categories":[26],"tags":[],"class_list":["post-44903","post","type-post","status-publish","format-standard","has-post-thumbnail","hentry","category-fait-divers"],"_links":{"self":[{"href":"https:\/\/dekkbi.com\/index.php?rest_route=\/wp\/v2\/posts\/44903","targetHints":{"allow":["GET"]}}],"collection":[{"href":"https:\/\/dekkbi.com\/index.php?rest_route=\/wp\/v2\/posts"}],"about":[{"href":"https:\/\/dekkbi.com\/index.php?rest_route=\/wp\/v2\/types\/post"}],"author":[{"embeddable":true,"href":"https:\/\/dekkbi.com\/index.php?rest_route=\/wp\/v2\/users\/1"}],"replies":[{"embeddable":true,"href":"https:\/\/dekkbi.com\/index.php?rest_route=%2Fwp%2Fv2%2Fcomments&post=44903"}],"version-history":[{"count":1,"href":"https:\/\/dekkbi.com\/index.php?rest_route=\/wp\/v2\/posts\/44903\/revisions"}],"predecessor-version":[{"id":44905,"href":"https:\/\/dekkbi.com\/index.php?rest_route=\/wp\/v2\/posts\/44903\/revisions\/44905"}],"wp:featuredmedia":[{"embeddable":true,"href":"https:\/\/dekkbi.com\/index.php?rest_route=\/wp\/v2\/media\/44904"}],"wp:attachment":[{"href":"https:\/\/dekkbi.com\/index.php?rest_route=%2Fwp%2Fv2%2Fmedia&parent=44903"}],"wp:term":[{"taxonomy":"category","embeddable":true,"href":"https:\/\/dekkbi.com\/index.php?rest_route=%2Fwp%2Fv2%2Fcategories&post=44903"},{"taxonomy":"post_tag","embeddable":true,"href":"https:\/\/dekkbi.com\/index.php?rest_route=%2Fwp%2Fv2%2Ftags&post=44903"}],"curies":[{"name":"wp","href":"https:\/\/api.w.org\/{rel}","templated":true}]}}