{"id":44892,"date":"2024-10-23T12:44:38","date_gmt":"2024-10-23T12:44:38","guid":{"rendered":"https:\/\/dekkbi.com\/?p=44892"},"modified":"2024-10-23T12:44:38","modified_gmt":"2024-10-23T12:44:38","slug":"fethullah-gulen-mort-du-fondateur-des-ecoles-yavuz-selim","status":"publish","type":"post","link":"https:\/\/dekkbi.com\/?p=44892","title":{"rendered":"Fethullah G\u00fclen : Mort du fondateur des \u00e9coles Yavuz Selim"},"content":{"rendered":"\n<p><strong>Ennemi jur\u00e9 du Pr\u00e9sident turc Erdogan, Fethullah G\u00fclen est d\u00e9c\u00e9d\u00e9 lundi aux Etats-Unis. Le pr\u00e9dicateur, qui a fond\u00e9 un vaste r\u00e9seau \u00e9ducatif et humanitaire implant\u00e9 dans beaucoup de pays dans le monde, a assist\u00e9 \u00e0 la destruction de son \u0153uvre en Afrique suite au coup d\u2019Etat avort\u00e9 de 2016 en Turquie. Erdogan, qui l\u2019accuse d\u2019\u00eatre derri\u00e8re cette tentative de putsch, a fait jouer ses relations en Afrique pour fermer les \u00e9coles du r\u00e9seau G\u00fclen. Au S\u00e9n\u00e9gal, c\u2019est notamment le groupe scolaire Yavuz Selim qui en a fait les frais.<\/strong><strong>Par Dieynaba KANE \u2013<\/strong><\/p>\n\n\n\n<p>Le pr\u00e9dicateur&nbsp;Fethullah G\u00fclen&nbsp;est d\u00e9c\u00e9d\u00e9 le lundi 21 octobre, \u00e0 l\u2019\u00e2ge de 83 ans, aux Etats-Unis o\u00f9 il r\u00e9sidait depuis un quart de si\u00e8cle. Ennemi jur\u00e9 de l\u2019actuel pr\u00e9sident de la R\u00e9publique de Turquie Tayiip Recep Erdogan, le pr\u00e9dicateur est connu pour avoir mis en place un vaste r\u00e9seau \u00e9ducatif et humanitaire d\u00e9nomm\u00e9 Hizmet. Au S\u00e9n\u00e9gal, le pr\u00e9dicateur G\u00fclen est connu \u00e0 travers le groupe scolaire Yavuz Selim, fond\u00e9 en 1997 et qui faisait partie de ce r\u00e9seau.<\/p>\n\n\n\n<p>Ce groupe scolaire avait r\u00e9ussi \u00e0 se faire une place dans le syst\u00e8me \u00e9ducatif s\u00e9n\u00e9galais avec des enseignements de qualit\u00e9. Yavuz Selim avait m\u00eame r\u00e9ussi \u00e0 rejoindre le cercle restreint des \u00e9coles d\u2019o\u00f9 \u00e9taient issus les laur\u00e9ats du Concours g\u00e9n\u00e9ral. En 2015, ledit groupe scolaire est arriv\u00e9 quatri\u00e8me au Concours g\u00e9n\u00e9ral (5 prix et 3 accessits). En 2016, il occupe la troisi\u00e8me marche en termes de prix, devanc\u00e9 par la Maison d\u2019\u00e9ducation Mariama Ba et le Lyc\u00e9e Limamoulaye. En 2017, malgr\u00e9 la bataille entam\u00e9e par les autorit\u00e9s pour la fermeture de ces \u00e9tablissements, Yavuz Selim a eu 11 laur\u00e9ats \u00e0 ce prestigieux concours.<\/p>\n\n\n\n<p>H\u00e9las, le coup d\u2019Etat avort\u00e9 en Turquie en 2016 a stopp\u00e9 l\u2019\u00e9lan de cette \u00e9cole d\u2019excellence.<\/p>\n\n\n\n<p>Recep Tayyip Erdogan, qui accusait Fethullah G\u00fclen d\u2019\u00eatre derri\u00e8re ce putsch avort\u00e9, s\u2019en \u00e9tait pris au vaste r\u00e9seau \u00e9ducatif et humanitaire du pr\u00e9dicateur turc \u00e0 travers le monde. Le ministre s\u00e9n\u00e9galais de l\u2019In\u00adt\u00e9rieur de l\u2019\u00e9poque avait pris un arr\u00eat\u00e9 le 7 d\u00e9cembre 2016, o\u00f9 il a prononc\u00e9 le retrait de l\u2019autorisation d\u2019exercer de l\u2019Association Baskent Egitim, ordonnant ainsi la fermeture de toutes les \u00e9coles Yavuz Selim. Cette d\u00e9cision avait \u00e9t\u00e9 attaqu\u00e9e par les responsables de ce groupe scolaire devant les juridictions du pays, mais les autorit\u00e9s de l\u2019\u00e9poque n\u2019avaient m\u00eame pas attendu la fin de la bataille judiciaire pour fermer d\u00e9finitivement lesdits \u00e9tablissements scolaires. Et elles avaient d\u00e9cid\u00e9 de confier la gestion du groupe scolaire \u00e0 la Fondation Maarif, cr\u00e9\u00e9e par le gouvernement turc. Le retrait de cette autorisation et la fermeture de ces \u00e9coles avaient fait l\u2019objet d\u2019une longue bataille politico-judiciaire avec les diff\u00e9rents actionnaires s\u00e9n\u00e9galais.<\/p>\n\n\n\n<p>L\u2019Association Baskent Egitim avait m\u00eame c\u00e9d\u00e9 ses \u00e9tablissements \u00e0 la soci\u00e9t\u00e9 Yavuz Selim S.a pour que les \u00e9coles puissent continuer de fonctionner. Mais face \u00e0 la d\u00e9termination de l\u2019Etat d\u2019acc\u00e9der \u00e0 la demande du gouvernement turc, les \u00e9coles ont \u00e9t\u00e9 finalement ferm\u00e9es. Les actionnaires, le personnel, les \u00e9l\u00e8ves et leurs parents ont ainsi \u00e9t\u00e9 victimes des repr\u00e9sailles du Pr\u00e9sident turc contre le pr\u00e9dicateur Fethullah G\u00fclen.<\/p>\n\n\n\n<p>Cette volont\u00e9 d\u2019an\u00e9antir le mouvement du pr\u00e9dicateur et son r\u00e9seau \u00e9ducatif et humanitaire, entreprise par Recepp Tayyip Erdogan, a \u00e9t\u00e9 entam\u00e9e d\u2019abord en Turquie, et s\u2019est propag\u00e9e un peu partout en Afrique. Les adeptes de G\u00fclen de par le monde ont \u00e9t\u00e9 impitoyablement pers\u00e9cut\u00e9s. M\u00eame au S\u00e9n\u00e9gal, des refugi\u00e9s turcs, cens\u00e9s b\u00e9n\u00e9ficier de la protection des autorit\u00e9s de ce pays, ne se sentaient plus en s\u00e9curit\u00e9, et un grand nombre d\u2019entre eux a quitt\u00e9 le territoire national.<\/p>\n\n\n\n<p>Fethullah G\u00fclen a toujours ni\u00e9 \u00eatre derri\u00e8re la tentative de coup d\u2019Etat de juillet 2016. Selon le journal fran\u00e7ais Le Monde, il reste une figure honnie par le r\u00e9gime turc, \u00abdont le nom n\u2019est m\u00eame pas digne d\u2019\u00eatre prononc\u00e9\u00bb. Selon ce journal, Hakan Fidan, le chef de la diplomatie turque, a d\u00e9clar\u00e9 \u00e0 l\u2019annonce de son d\u00e9c\u00e8s que \u00able chef de cette sombre organisation est mort, mais la d\u00e9termination de notre Nation \u00e0 lutter contre le terrorisme se poursuivra\u00bb. Il faut rappeler que G\u00fclen s\u2019est install\u00e9 aux Etats-Unis depuis 1999. Et la Turquie a r\u00e9clam\u00e9 avec insistance son extradition. Ce qui a toujours \u00e9t\u00e9 refus\u00e9 par Washington, faute de documents probants sur sa culpabilit\u00e9.<\/p>\n\n\n\n<p>Dire aussi qu\u2019avant d\u2019\u00eatre poursuivi par la cabale lanc\u00e9e par Erdogan, Fethullah G\u00fclen a \u00e9t\u00e9 un des piliers du mouvement qui a port\u00e9 l\u2019ancien maire d\u2019Istanbul au pouvoir \u00e0 Ankara. Il avait mis tout le poids de l\u2019immense r\u00e9seau humanitaire de son mouvement au service du parti de Erdogan, \u00e0 qui il a permis de mettre doucement \u00e0 l\u2019\u00e9cart un pouvoir alors fortement encadr\u00e9 par l\u2019oligarchie militaire.<\/p>\n\n\n\n<p>La relation entre les deux comp\u00e8res s\u2019est d\u00e9grad\u00e9e face aux nombreux scandales de corruption qui ont entach\u00e9 la r\u00e9putation de nombreux membres du gouvernement de Erdogan, dont sa proche famille. Le pr\u00e9dicateur a eu la bonne id\u00e9e, avant que les relations ne virent \u00e0 l\u2019hostilit\u00e9 ouverte, de mettre une grande distance entre lui et le pouvoir \u00e0 Istanbul.<\/p>\n\n\n\n<p><strong>dkane@lequotidien.sn<\/strong> &#8211; LEQUOTIDIEN<\/p>\n","protected":false},"excerpt":{"rendered":"<p>Ennemi jur\u00e9 du Pr\u00e9sident turc Erdogan, Fethullah G\u00fclen est d\u00e9c\u00e9d\u00e9 lundi aux Etats-Unis. Le pr\u00e9dicateur, qui a fond\u00e9 un vaste<\/p>\n","protected":false},"author":1,"featured_media":44893,"comment_status":"open","ping_status":"open","sticky":false,"template":"","format":"standard","meta":{"footnotes":""},"categories":[26],"tags":[],"class_list":["post-44892","post","type-post","status-publish","format-standard","has-post-thumbnail","hentry","category-fait-divers"],"_links":{"self":[{"href":"https:\/\/dekkbi.com\/index.php?rest_route=\/wp\/v2\/posts\/44892","targetHints":{"allow":["GET"]}}],"collection":[{"href":"https:\/\/dekkbi.com\/index.php?rest_route=\/wp\/v2\/posts"}],"about":[{"href":"https:\/\/dekkbi.com\/index.php?rest_route=\/wp\/v2\/types\/post"}],"author":[{"embeddable":true,"href":"https:\/\/dekkbi.com\/index.php?rest_route=\/wp\/v2\/users\/1"}],"replies":[{"embeddable":true,"href":"https:\/\/dekkbi.com\/index.php?rest_route=%2Fwp%2Fv2%2Fcomments&post=44892"}],"version-history":[{"count":1,"href":"https:\/\/dekkbi.com\/index.php?rest_route=\/wp\/v2\/posts\/44892\/revisions"}],"predecessor-version":[{"id":44894,"href":"https:\/\/dekkbi.com\/index.php?rest_route=\/wp\/v2\/posts\/44892\/revisions\/44894"}],"wp:featuredmedia":[{"embeddable":true,"href":"https:\/\/dekkbi.com\/index.php?rest_route=\/wp\/v2\/media\/44893"}],"wp:attachment":[{"href":"https:\/\/dekkbi.com\/index.php?rest_route=%2Fwp%2Fv2%2Fmedia&parent=44892"}],"wp:term":[{"taxonomy":"category","embeddable":true,"href":"https:\/\/dekkbi.com\/index.php?rest_route=%2Fwp%2Fv2%2Fcategories&post=44892"},{"taxonomy":"post_tag","embeddable":true,"href":"https:\/\/dekkbi.com\/index.php?rest_route=%2Fwp%2Fv2%2Ftags&post=44892"}],"curies":[{"name":"wp","href":"https:\/\/api.w.org\/{rel}","templated":true}]}}