{"id":44890,"date":"2024-10-23T12:41:28","date_gmt":"2024-10-23T12:41:28","guid":{"rendered":"https:\/\/dekkbi.com\/?p=44890"},"modified":"2024-10-23T12:42:08","modified_gmt":"2024-10-23T12:42:08","slug":"manoeuvres-pour-destabiliser-samm-sa-kaddu-barth-co-indexent-sonko","status":"publish","type":"post","link":"https:\/\/dekkbi.com\/?p=44890","title":{"rendered":"Man\u0153uvres pour d\u00e9stabiliser Samm sa Kaddu : Barth\u2019 &amp; Co indexent Sonko"},"content":{"rendered":"\n<p>Barth\u00e9lemy Dias d\u00e9nonce les tractations autour de la Coalition Samm sa kaddu. \u00abOn cherche \u00e0 r\u00e9duire la force de la Coalition Samm sa kaddu avec la prise en otage de Bougane Gu\u00e8ye Dany. Le mensonge prend l\u2019ascenseur, mais sera rattrap\u00e9 par la v\u00e9rit\u00e9 qui prend les escaliers\u00bb, a affirm\u00e9 la t\u00eate de liste de cette coalition.<\/p>\n\n\n\n<p>Le gouvernement s\u2019active, selon lui,&nbsp; \u00e0 les d\u00e9stabiliser. \u00abOn est au courant de ses tractations, mais on reste sereins, parce que les S\u00e9n\u00e9galais savent que Mimi peut gagner la bataille, mais ne gagnera pas la guerre\u00bb, affirme-t-il.<\/p>\n\n\n\n<p>Le Directeur g\u00e9n\u00e9ral de l\u2019Administration p\u00e9nitentiaire est interpell\u00e9 par le maire de Dakar sur les conditions de d\u00e9tention de Bougane \u00e0 Tamba. \u00abJe connais Tamba et les conditions de sa prison, pour y avoir \u00e9t\u00e9 enferm\u00e9. Enfermer Bougane avec 48 personnes est inadmissible. Nous appelons l\u2019administration \u00e0 trouver une solution rapide \u00e0 cette situation.\u00bb<\/p>\n\n\n\n<p>Interpellant\u00a0 les\u00a0 d\u00e9fenseurs des droits de l\u2019Homme pour que Bougane soit transf\u00e9r\u00e9 \u00e0 Dakar. \u00abBougane n\u2019est pas n\u2019importe qui dans ce pays\u00bb, dit le maire de la Ville de Dakar, Barth\u00e9lemy Dias.<\/p>\n\n\n\n<p><strong>Par Amadou MBODJI \u2013 ambodji@lequotidien.sn<\/strong><\/p>\n","protected":false},"excerpt":{"rendered":"<p>Barth\u00e9lemy Dias d\u00e9nonce les tractations autour de la Coalition Samm sa kaddu. \u00abOn cherche \u00e0 r\u00e9duire la force de la<\/p>\n","protected":false},"author":1,"featured_media":42947,"comment_status":"open","ping_status":"open","sticky":false,"template":"","format":"standard","meta":{"footnotes":""},"categories":[6],"tags":[],"class_list":["post-44890","post","type-post","status-publish","format-standard","has-post-thumbnail","hentry","category-politics"],"_links":{"self":[{"href":"https:\/\/dekkbi.com\/index.php?rest_route=\/wp\/v2\/posts\/44890","targetHints":{"allow":["GET"]}}],"collection":[{"href":"https:\/\/dekkbi.com\/index.php?rest_route=\/wp\/v2\/posts"}],"about":[{"href":"https:\/\/dekkbi.com\/index.php?rest_route=\/wp\/v2\/types\/post"}],"author":[{"embeddable":true,"href":"https:\/\/dekkbi.com\/index.php?rest_route=\/wp\/v2\/users\/1"}],"replies":[{"embeddable":true,"href":"https:\/\/dekkbi.com\/index.php?rest_route=%2Fwp%2Fv2%2Fcomments&post=44890"}],"version-history":[{"count":1,"href":"https:\/\/dekkbi.com\/index.php?rest_route=\/wp\/v2\/posts\/44890\/revisions"}],"predecessor-version":[{"id":44891,"href":"https:\/\/dekkbi.com\/index.php?rest_route=\/wp\/v2\/posts\/44890\/revisions\/44891"}],"wp:featuredmedia":[{"embeddable":true,"href":"https:\/\/dekkbi.com\/index.php?rest_route=\/wp\/v2\/media\/42947"}],"wp:attachment":[{"href":"https:\/\/dekkbi.com\/index.php?rest_route=%2Fwp%2Fv2%2Fmedia&parent=44890"}],"wp:term":[{"taxonomy":"category","embeddable":true,"href":"https:\/\/dekkbi.com\/index.php?rest_route=%2Fwp%2Fv2%2Fcategories&post=44890"},{"taxonomy":"post_tag","embeddable":true,"href":"https:\/\/dekkbi.com\/index.php?rest_route=%2Fwp%2Fv2%2Ftags&post=44890"}],"curies":[{"name":"wp","href":"https:\/\/api.w.org\/{rel}","templated":true}]}}