{"id":44888,"date":"2024-10-23T12:40:24","date_gmt":"2024-10-23T12:40:24","guid":{"rendered":"https:\/\/dekkbi.com\/?p=44888"},"modified":"2024-10-23T12:40:24","modified_gmt":"2024-10-23T12:40:24","slug":"sonko-lui-propose-un-debat-amadou-ba-releve-le-defi","status":"publish","type":"post","link":"https:\/\/dekkbi.com\/?p=44888","title":{"rendered":"Sonko lui propose un d\u00e9bat : AMADOU BA REL\u00c8VE LE D\u00c9FI"},"content":{"rendered":"\n<p><strong>Moins de vingt-quatre heures apr\u00e8s la proposition faite \u00e0 lui par le Premier ministre et chef du parti Pastef pour un d\u00e9bat, Amadou Ba dit \u00abOui\u00bb \u00e0 Ousmane Sonko. La mandataire de la coalition \u00e9lectorale \u00abJamm ak njari\u00f1\u00bb, Zahra Iyane Thiam, qui en a fait l\u2019annonce hier, indique que son mentor laisse \u00e0 son vis-\u00e0-vis l\u2019opportunit\u00e9 de d\u00e9terminer la date et l\u2019heure de cet \u00e9change. <\/strong><\/p>\n\n\n\n<p>La proposition du Premier ministre et pr\u00e9sident du parti au pouvoir, Pastef, faite \u00e0 son pr\u00e9d\u00e9cesseur et ancien candidat de Benno bokk yaakaar (Bby) \u00e0 la derni\u00e8re \u00e9lection pr\u00e9sidentielle, Amadou Ba, n\u2019est pas tomb\u00e9e dans l\u2019oreille d\u2019un sourd. En effet, la t\u00eate de liste nationale de la coalition \u00e9lectorale \u00abJamm ak njari\u00f1\u00bb, Amadou Ba, est pr\u00eate \u00e0 se pr\u00eater \u00e0 cet exercice auquel le convie le leader et t\u00eate de liste nationale du parti Pastef.<\/p>\n\n\n\n<p>Par l\u2019entremise d\u2019une de ses proches, en l\u2019occurrence l\u2019ancienne ministre de la Micro\u00adfinance et de l\u2019\u00e9conomie solidaire, Mme Zahra Iyane Thiam, l\u2019ex-chef du gouvernement sous Macky Sall s\u2019est permis de donner la possibilit\u00e9 \u00e0 son futur vis-\u00e0-vis de d\u00e9terminer la date et l\u2019heure de cet \u00e9change entre les deux hommes politiques.<\/p>\n\n\n\n<p>R\u00e9agissant \u00e0 cette offre de Ousmane Sonko faite \u00e0 Amadou Ba, l\u2019ancienne ministre devenue, un temps, Direc\u00adtrice g\u00e9n\u00e9rale de l\u2019Agence s\u00e9n\u00e9galaise pour la promotion des exportations (Asepex), Zahra Iyane Thiam, a d\u00e9clar\u00e9, hier au micro de la Radio Futurs m\u00e9dias (Rfm)&nbsp;: \u00abLe pr\u00e9sident Ama\u00addou&nbsp;Ba est pr\u00eat \u00e0 r\u00e9pondre \u00e0 cette invitation. Il lui demande la latitude d\u2019en fixer le jour, le lieu et l\u2019heure, si d\u2019aventure il estime que c\u2019est cela sa pr\u00e9occupa\u00adtion prioritaire et principale.\u00bb<\/p>\n\n\n\n<p>Toute\u00adfois, au regard de Mme Thiam,&nbsp;pour elle et ses alli\u00e9s, \u00abla pr\u00e9occupation prioritaire devrait \u00eatre, comme l\u2019a indiqu\u00e9 le pr\u00e9sident Amadou Ba, la prise en charge urgente des pr\u00e9occupations&nbsp;comme ce que nous voyons de Tamba \u00e0 Podor, en passant par Bakel et Matam, des compatriotes qui vivent des conditions difficiles avec le d\u00e9bordement du fleuve S\u00e9n\u00e9gal\u00bb.<\/p>\n\n\n\n<p>La mandataire de la Coalition \u00abJamm ak njari\u00f1\u00bb de Amadou Ba poursuit pour faire dans la pr\u00e9cision&nbsp;: \u00abMaintenant, si pour Ousmane Sonko, la priorit\u00e9 c\u2019est de d\u00e9battre avec le pr\u00e9sident Amadou Ba, bien entendu nous d\u00e9battrons avec lui. Qu\u2019est-ce que le Premier ministre Ousmane Sonko gagnerait \u00e0 d\u00e9battre avec le pr\u00e9sident Amadou Ba qui n\u2019est pas demandeur&nbsp;?\u00bb<\/p>\n\n\n\n<p>Le Premier ministre et pr\u00e9sident du parti Pastef, Ousmane Sonko, prenant pr\u00e9texte de la premi\u00e8re conf\u00e9rence de presse du leader de \u00abNouvelle Res\u00adponsabilit\u00e9\u00bb et t\u00eate de liste nationale de la coalition \u00e9lectorale \u00abJamm ak njari\u00f1\u00bb, Ama\u00addou Ba, a convi\u00e9 ce dernier \u00e0 un d\u00e9bat. \u00abJe lui offre donc une belle opportunit\u00e9 de s\u2019expliquer devant le Peuple : un d\u00e9bat public contradictoire entre lui et moi sur la situation \u00e9conomique et financi\u00e8re dans laquelle ils ont plong\u00e9 le pays et sur sa responsabilit\u00e9 personnelle\u00bb, avait d\u00e9clar\u00e9 le leader du parti Pastef, Ousmane Sonko.<br><\/p>\n\n\n\n<p>Par Justin GOMIS \u2013 <strong>justin@lequotidien.sn<\/strong><\/p>\n","protected":false},"excerpt":{"rendered":"<p>Moins de vingt-quatre heures apr\u00e8s la proposition faite \u00e0 lui par le Premier ministre et chef du parti Pastef pour<\/p>\n","protected":false},"author":1,"featured_media":44789,"comment_status":"open","ping_status":"open","sticky":false,"template":"","format":"standard","meta":{"footnotes":""},"categories":[6],"tags":[],"class_list":["post-44888","post","type-post","status-publish","format-standard","has-post-thumbnail","hentry","category-politics"],"_links":{"self":[{"href":"https:\/\/dekkbi.com\/index.php?rest_route=\/wp\/v2\/posts\/44888","targetHints":{"allow":["GET"]}}],"collection":[{"href":"https:\/\/dekkbi.com\/index.php?rest_route=\/wp\/v2\/posts"}],"about":[{"href":"https:\/\/dekkbi.com\/index.php?rest_route=\/wp\/v2\/types\/post"}],"author":[{"embeddable":true,"href":"https:\/\/dekkbi.com\/index.php?rest_route=\/wp\/v2\/users\/1"}],"replies":[{"embeddable":true,"href":"https:\/\/dekkbi.com\/index.php?rest_route=%2Fwp%2Fv2%2Fcomments&post=44888"}],"version-history":[{"count":1,"href":"https:\/\/dekkbi.com\/index.php?rest_route=\/wp\/v2\/posts\/44888\/revisions"}],"predecessor-version":[{"id":44889,"href":"https:\/\/dekkbi.com\/index.php?rest_route=\/wp\/v2\/posts\/44888\/revisions\/44889"}],"wp:featuredmedia":[{"embeddable":true,"href":"https:\/\/dekkbi.com\/index.php?rest_route=\/wp\/v2\/media\/44789"}],"wp:attachment":[{"href":"https:\/\/dekkbi.com\/index.php?rest_route=%2Fwp%2Fv2%2Fmedia&parent=44888"}],"wp:term":[{"taxonomy":"category","embeddable":true,"href":"https:\/\/dekkbi.com\/index.php?rest_route=%2Fwp%2Fv2%2Fcategories&post=44888"},{"taxonomy":"post_tag","embeddable":true,"href":"https:\/\/dekkbi.com\/index.php?rest_route=%2Fwp%2Fv2%2Ftags&post=44888"}],"curies":[{"name":"wp","href":"https:\/\/api.w.org\/{rel}","templated":true}]}}