{"id":44838,"date":"2024-10-22T11:36:27","date_gmt":"2024-10-22T11:36:27","guid":{"rendered":"https:\/\/dekkbi.com\/?p=44838"},"modified":"2024-10-22T11:48:57","modified_gmt":"2024-10-22T11:48:57","slug":"ses-emotions-ses-regrets-et-son-plus-grand-rival-les-confidences-pre-retraite-de-rafael-nadal","status":"publish","type":"post","link":"https:\/\/dekkbi.com\/?p=44838","title":{"rendered":"Ses \u00e9motions, ses regrets et son plus grand rival: les confidences  de Nadal"},"content":{"rendered":"\n<p>Un peu moins de deux semaines apr\u00e8s avoir annonc\u00e9 qu\u2019il allait d\u00e9finitivement raccrocher la raquette, Rafael Nadal se confie dans un large entretien accord\u00e9 \u00e0 AS. L\u2019Espagnol y \u00e9voque notamment ses \u00e9motions, sa fiert\u00e9, mais aussi ses rivalit\u00e9s avec Roger Federer et Novak Djokovic. Morceaux choisis.<\/p>\n\n\n\n<p><strong>Pierre Ghislain\u00a0<\/strong> &#8211; \u00a0<strong>Source:<\/strong>\u00a0AS<\/p>\n\n\n\n<h2 class=\"wp-block-heading\">Ses \u00e9motions (quand il a annonc\u00e9 qu\u2019il prendrait sa retraite en fin de saison)<\/h2>\n\n\n\n<p>\u201cM\u00eame si tu es en accord avec ta d\u00e9cision, le jour o\u00f9 tu l\u2019annonces&#8230; Le tennis m\u2019a apport\u00e9 tellement de joie, de bonheur et de moments incroyablement intenses. Et, quand c\u2019est termin\u00e9, c\u2019est termin\u00e9. Il n\u2019y a pas de retour en arri\u00e8re. Et quand tu annonces que tu vas prendre ta retraite, peu importe que tu sois bien pr\u00e9par\u00e9, tu r\u00e9alises que c\u2019est la fin.\u201d<\/p>\n\n\n\n<h2 class=\"wp-block-heading\">Des regrets?<\/h2>\n\n\n\n<p>\u201cBien s\u00fbr que j\u2019ai des regrets. J\u2019ai commis beaucoup d\u2019erreurs dans ma carri\u00e8re. Tu les acceptes et tu avances. J\u2019ai toujours fait les choses comme je le sentais, avec de bonnes intentions. (&#8230;) C\u2019est tr\u00e8s difficile de trouver le bon \u00e9quilibre et si je pouvais revenir en arri\u00e8re, je peux dire exactement quelles sont les choses que je ne referais pas.\u201d<\/p>\n\n\n\n<h2 class=\"wp-block-heading\">Ses plus grandes fiert\u00e9s<\/h2>\n\n\n\n<p>\u201cJe suis fier de quitter le monde du tennis en me sentant valoris\u00e9 et appr\u00e9ci\u00e9. Pas seulement par les fans, mais aussi par les gens proches de moi. J\u2019ai pu maintenir une relation forte avec ma famille, mon \u00e9quipe et tous les gens avec qui j\u2019ai travaill\u00e9 durant toutes ces ann\u00e9es. Je m\u2019en vais en ayant la certitude que les gens seront heureux de me revoir quand je reviendrai sur un tournoi. \u00c7a me donne le sentiment d\u2019avoir fait les choses correctement, pas seulement sur le court, mais aussi en tant que personne et \u00e7a, c\u2019est le plus important. Et l\u2019autre chose dont je suis fier, c\u2019est d\u2019avoir toujours donn\u00e9 le meilleur de moi-m\u00eame, d\u2019avoir toujours tout fait pour obtenir le meilleur r\u00e9sultat possible dans chaque tournoi. Gr\u00e2ce \u00e0 \u00e7a, je sais qu\u2019en prenant ma retraite, je serai en paix avec moi-m\u00eame, parce que j\u2019ai toujours tout donn\u00e9.\u201d<\/p>\n\n\n\n<h2 class=\"wp-block-heading\">Son plus grand rival<\/h2>\n\n\n\n<p>\u201cJ\u2019ai affront\u00e9 Novak Djokovic plus souvent que n\u2019importe qui d\u2019autre, mais mon plus grand rival, c\u2019\u00e9tait Roger Federer. Quand je suis arriv\u00e9 sur le circuit, il \u00e9tait d\u00e9j\u00e0 l\u00e0 et il \u00e9tait num\u00e9ro 1 mondial. Durant mes meilleures ann\u00e9es, il y avait Roger et Novak. Mais dans ma jeunesse, durant ces ann\u00e9es hyper-d\u00e9terminantes, il n\u2019y avait que Roger. Je pense, et je ne sais pas pourquoi, que mes rivalit\u00e9s avec les deux ont \u00e9t\u00e9 plus intenses que la rivalit\u00e9 qu\u2019ils avaient entre eux. Je ne suis pas s\u00fbr de savoir pourquoi, mais j\u2019ai le sentiment que le monde ext\u00e9rieur voit \u00e7a aussi comme \u00e7a. Avec Roger, c\u2019est peut-\u00eatre parce que nos styles et nos approches du sport \u00e9taient tr\u00e8s contrast\u00e9es. Et face \u00e0 Novak, c\u2019\u00e9tait un challenge incroyable. C\u2019est un joueur qui a toujours \u00e9t\u00e9 capable de maintenir un niveau de jeu tr\u00e8s \u00e9lev\u00e9 et qui s\u2019est am\u00e9lior\u00e9 ann\u00e9e apr\u00e8s ann\u00e9e. Les chiffres montrent qu\u2019il est le meilleur, ce qui signifie aussi que son tennis a \u00e9t\u00e9 le meilleur. Mais il est aussi celui qui a su \u00eatre le moins souvent bless\u00e9, ce qui lui a permis de garder son mental, son physique et son tennis plus longtemps que les autres. C\u2019est pourquoi il est le meilleur et il le m\u00e9rite.\u201d<\/p>\n","protected":false},"excerpt":{"rendered":"<p>Un peu moins de deux semaines apr\u00e8s avoir annonc\u00e9 qu\u2019il allait d\u00e9finitivement raccrocher la raquette, Rafael Nadal se confie dans<\/p>\n","protected":false},"author":1,"featured_media":44839,"comment_status":"open","ping_status":"open","sticky":false,"template":"","format":"standard","meta":{"footnotes":""},"categories":[9],"tags":[],"class_list":["post-44838","post","type-post","status-publish","format-standard","has-post-thumbnail","hentry","category-sports"],"_links":{"self":[{"href":"https:\/\/dekkbi.com\/index.php?rest_route=\/wp\/v2\/posts\/44838","targetHints":{"allow":["GET"]}}],"collection":[{"href":"https:\/\/dekkbi.com\/index.php?rest_route=\/wp\/v2\/posts"}],"about":[{"href":"https:\/\/dekkbi.com\/index.php?rest_route=\/wp\/v2\/types\/post"}],"author":[{"embeddable":true,"href":"https:\/\/dekkbi.com\/index.php?rest_route=\/wp\/v2\/users\/1"}],"replies":[{"embeddable":true,"href":"https:\/\/dekkbi.com\/index.php?rest_route=%2Fwp%2Fv2%2Fcomments&post=44838"}],"version-history":[{"count":2,"href":"https:\/\/dekkbi.com\/index.php?rest_route=\/wp\/v2\/posts\/44838\/revisions"}],"predecessor-version":[{"id":44852,"href":"https:\/\/dekkbi.com\/index.php?rest_route=\/wp\/v2\/posts\/44838\/revisions\/44852"}],"wp:featuredmedia":[{"embeddable":true,"href":"https:\/\/dekkbi.com\/index.php?rest_route=\/wp\/v2\/media\/44839"}],"wp:attachment":[{"href":"https:\/\/dekkbi.com\/index.php?rest_route=%2Fwp%2Fv2%2Fmedia&parent=44838"}],"wp:term":[{"taxonomy":"category","embeddable":true,"href":"https:\/\/dekkbi.com\/index.php?rest_route=%2Fwp%2Fv2%2Fcategories&post=44838"},{"taxonomy":"post_tag","embeddable":true,"href":"https:\/\/dekkbi.com\/index.php?rest_route=%2Fwp%2Fv2%2Ftags&post=44838"}],"curies":[{"name":"wp","href":"https:\/\/api.w.org\/{rel}","templated":true}]}}