{"id":44815,"date":"2024-10-22T11:05:27","date_gmt":"2024-10-22T11:05:27","guid":{"rendered":"https:\/\/dekkbi.com\/?p=44815"},"modified":"2024-10-22T11:32:19","modified_gmt":"2024-10-22T11:32:19","slug":"blinken-en-israel-pour-pousser-a-un-cessez-le-feu-a-gaza-israel-pilonne-le-hezbollah-au-liban","status":"publish","type":"post","link":"https:\/\/dekkbi.com\/?p=44815","title":{"rendered":"Blinken en Isra\u00ebl pour pousser \u00e0 un cessez-le-feu \u00e0 Gaza"},"content":{"rendered":"\n<p>Le secr\u00e9taire d&rsquo;Etat am\u00e9ricain, Antony Blinken, est arriv\u00e9 ce mardi en Isra\u00ebl pour une nouvelle tourn\u00e9e au Proche-Orient visant \u00e0 avancer vers un cessez-le-feu \u00e0 Gaza et \u00e0 contenir l&rsquo;escalade militaire dans la r\u00e9gion. Au m\u00eame moment, Isra\u00ebl intensifie ses op\u00e9rations au Liban contre le Hezbollah, alli\u00e9 de l&rsquo;Iran.<a href=\"https:\/\/www.addtoany.com\/share#url=https%3A%2F%2Finformation.tv5monde.com%2Fdirect%2Fblinken-en-israel-pour-pousser-un-cessez-le-feu-gaza-israel-pilonne-le-hezbollah-au-liban&amp;title=%20Blinken%20en%20Isra%C3%ABl%20pour%20pousser%20%C3%A0%20un%20cessez-le-feu%20%C3%A0%20Gaza%2C%20Isra%C3%ABl%20pilonne%20le%20Hezbollah%20au%20Liban%20\"><\/a><\/p>\n\n\n\n<p>9h10<\/p>\n\n\n\n<p>Bilan humain<\/p>\n\n\n\n<h2 class=\"wp-block-heading\">Guerre \u00e0 Gaza: le minist\u00e8re de la Sant\u00e9 du Hamas annonce un nouveau bilan de 42 718 morts<\/h2>\n\n\n\n<p>Le minist\u00e8re de la Sant\u00e9 du gouvernement du Hamas \u00e0 Gaza a annonc\u00e9 mardi un nouveau bilan de 42 718 morts dans le territoire palestinien depuis le d\u00e9but de la guerre avec Isra\u00ebl il y a plus d&rsquo;un an.<\/p>\n\n\n\n<p>Au moins 115 personnes ont \u00e9t\u00e9 tu\u00e9es ces derni\u00e8res 48 heures, a-t-il indiqu\u00e9 dans un communiqu\u00e9, ajoutant que 100 282 personnes avaient \u00e9t\u00e9 bless\u00e9es dans la bande de Gaza depuis le d\u00e9but de la guerre, d\u00e9clench\u00e9e par une attaque sans pr\u00e9c\u00e9dent du Hamas contre Isra\u00ebl le 7 octobre 2023.<\/p>\n\n\n\n<p>8h40<\/p>\n\n\n\n<h2 class=\"wp-block-heading\">L&rsquo;arm\u00e9e isra\u00e9lienne dit avoir frapp\u00e9 une base \u00ab\u00a0navale\u00a0\u00bb du Hezbollah \u00e0 Beyrouth<\/h2>\n\n\n\n<p>L&rsquo;arm\u00e9e isra\u00e9lienne a dit mardi avoir frapp\u00e9 dans la nuit plusieurs installations militaires du Hezbollah, notamment une importante base navale \u00e0 Beyrouth.<\/p>\n\n\n\n<blockquote class=\"wp-block-quote is-layout-flow wp-block-quote-is-layout-flow\">\n<p>Parmi les cibles \u00e0 Beyrouth se trouvaient une base centrale de l&rsquo;unit\u00e9 navale du Hezbollah, o\u00f9 le Hezbollah stockait des vedettes rapides militaires, un centre d&rsquo;entra\u00eenement et une zone d&rsquo;exp\u00e9rimentation.<\/p>\n\n\n\n<p>L&rsquo;arm\u00e9e isra\u00e9lienne, dans un communiqu\u00e9.&nbsp;<\/p>\n<\/blockquote>\n\n\n\n<p>8h30<\/p>\n\n\n\n<h2 class=\"wp-block-heading\">Liban : le Hezbollah dit avoir cibl\u00e9 un char isra\u00e9lien dans le Sud<\/h2>\n\n\n\n<p>Les combattants du mouvement pro-iranien<em>&nbsp;\u00ab\u00a0ont vis\u00e9 un char Merkava\u00a0\u00bb<\/em>&nbsp;durant sa progression pr\u00e8s du village frontalier de Taybeh, selon un communiqu\u00e9 du mouvement, qui assure &nbsp;que le v\u00e9hicule&nbsp;<em>\u00ab\u00a0a pris feu\u00a0\u00bb<\/em>.&nbsp;Le Hezbollah a \u00e9galement rapport\u00e9 des&nbsp;<em>\u00ab\u00a0affrontements\u00a0\u00bb&nbsp;<\/em>la veille avec des soldats isra\u00e9liens infiltr\u00e9s pr\u00e8s du m\u00eame village.<\/p>\n\n\n\n<p>7h30<\/p>\n\n\n\n<p>Blinken au Moyen-Orient<\/p>\n\n\n\n<h2 class=\"wp-block-heading\">Efforts de tr\u00eave \u00e0 Gaza : le secr\u00e9taire d&rsquo;Etat am\u00e9ricain est arriv\u00e9 en Isra\u00ebl<\/h2>\n\n\n\n<p>Le secr\u00e9taire d\u2019\u00c9tat am\u00e9ricain Antony Blinken a atterri ce mardi matin \u00e0 Tel-Aviv pour une nouvelle tourn\u00e9e au Proche-Orient visant \u00e0 tenter d&rsquo;obtenir un cessez-le-feu dans la bande de Gaza en \u00e9change de la lib\u00e9ration des otages qui y sont retenus, selon un journaliste de l&rsquo;AFP.<\/p>\n\n\n\n<p>Pour sa onzi\u00e8me venue en Isra\u00ebl depuis le 7 octobre 2023, date du d\u00e9but de la guerre d\u00e9clench\u00e9e par une attaque sans pr\u00e9c\u00e9dent du mouvement islamiste palestinien Hamas, et \u00e0 seulement deux semaines de l&rsquo;\u00e9lection pr\u00e9sidentielle am\u00e9ricaine, Antony Blinken doit s&rsquo;entretenir avec le Premier ministre Benjamin Netanyahu et plusieurs responsables isra\u00e9liens.<\/p>\n\n\n\n<p>5h30<\/p>\n\n\n\n<h2 class=\"wp-block-heading\">Le Hezbollah revendique une nouvelle frappe sur une \u00ab\u00a0base du renseignement\u00a0\u00bb isra\u00e9lien pr\u00e8s de Tel-Aviv<\/h2>\n\n\n\n<p>Le mouvement libanais Hezbollah a d\u00e9clar\u00e9 avoir tir\u00e9 t\u00f4t mardi des roquettes sur deux positions&nbsp;<em>\u00ab\u00a0dans la banlieue de Tel-Aviv\u00a0\u00bb<\/em>&nbsp;en Isra\u00ebl, dont une base du Renseignement militaire vis\u00e9e pour la deuxi\u00e8me fois en quelques heures.<\/p>\n\n\n\n<p>Une<em>&nbsp;\u00ab\u00a0salve de roquettes\u00a0\u00bb<\/em>&nbsp;a \u00e9t\u00e9 tir\u00e9e contre&nbsp;<em>\u00ab\u00a0la base Glilot de l&rsquo;Unit\u00e9 8200 du Renseignement militaire\u00a0\u00bb<\/em>, selon un communiqu\u00e9 du Hezbollah, qui avait d\u00e9j\u00e0 revendiqu\u00e9 lundi soir des frappes similaires sur cette m\u00eame position. Le mouvement pro-Iranien a aussi revendiqu\u00e9 mardi des tirs de roquettes sur une autre position<em>&nbsp;\u00ab\u00a0dans la banlieue de Tel-Aviv\u00a0\u00bb<\/em>.<\/p>\n\n\n\n<p>5h15<\/p>\n\n\n\n<h2 class=\"wp-block-heading\">Le Hezbollah dit avoir vis\u00e9 une \u00ab\u00a0base navale\u00a0\u00bb pr\u00e8s de Ha\u00effa en Isra\u00ebl<\/h2>\n\n\n\n<p>Le Hezbollah a affirm\u00e9 avoir tir\u00e9 des roquettes t\u00f4t mardi sur une&nbsp;<em>\u00ab\u00a0base navale\u00a0\u00bb<\/em>&nbsp;pr\u00e8s de Ha\u00effa, dans le nord d&rsquo;Isra\u00ebl, apr\u00e8s avoir revendiqu\u00e9 des frappes similaires sur deux positions&nbsp;<em>\u00ab\u00a0dans la banlieue de Tel-Aviv\u00a0\u00bb.<\/em><\/p>\n\n\n\n<p>4h30<\/p>\n\n\n\n<p>Blinken au Moyen-Orient<\/p>\n\n\n\n<h2 class=\"wp-block-heading\">Blinken en Jordanie mercredi, en pleine tourn\u00e9e pour un cessez-le-feu \u00e0 Gaza<\/h2>\n\n\n\n<p>Le chef de la diplomatie am\u00e9ricaine Antony Blinken se rend ce mercredi en Jordanie dans le cadre de sa onzi\u00e8me tourn\u00e9e au Moyen-Orient destin\u00e9e de nouveau \u00e0 pousser pour un cessez-le-feu \u00e0 Gaza, a d\u00e9clar\u00e9 lundi \u00e0 la presse un responsable am\u00e9ricain.<\/p>\n\n\n\n<p>Le secr\u00e9taire d\u2019\u00c9tat, en route pour Isra\u00ebl o\u00f9 il doit arriver mardi, discutera notamment avec les responsables jordaniens de l&rsquo;aide humanitaire dans la bande de Gaza ravag\u00e9e par la guerre, a ajout\u00e9 \u00e0 bord de l&rsquo;avion ce responsable, sous le couvert de l&rsquo;anonymat.<\/p>\n","protected":false},"excerpt":{"rendered":"<p>Le secr\u00e9taire d&rsquo;Etat am\u00e9ricain, Antony Blinken, est arriv\u00e9 ce mardi en Isra\u00ebl pour une nouvelle tourn\u00e9e au Proche-Orient visant \u00e0<\/p>\n","protected":false},"author":1,"featured_media":44816,"comment_status":"open","ping_status":"open","sticky":false,"template":"","format":"standard","meta":{"footnotes":""},"categories":[51],"tags":[],"class_list":["post-44815","post","type-post","status-publish","format-standard","has-post-thumbnail","hentry","category-general"],"_links":{"self":[{"href":"https:\/\/dekkbi.com\/index.php?rest_route=\/wp\/v2\/posts\/44815","targetHints":{"allow":["GET"]}}],"collection":[{"href":"https:\/\/dekkbi.com\/index.php?rest_route=\/wp\/v2\/posts"}],"about":[{"href":"https:\/\/dekkbi.com\/index.php?rest_route=\/wp\/v2\/types\/post"}],"author":[{"embeddable":true,"href":"https:\/\/dekkbi.com\/index.php?rest_route=\/wp\/v2\/users\/1"}],"replies":[{"embeddable":true,"href":"https:\/\/dekkbi.com\/index.php?rest_route=%2Fwp%2Fv2%2Fcomments&post=44815"}],"version-history":[{"count":2,"href":"https:\/\/dekkbi.com\/index.php?rest_route=\/wp\/v2\/posts\/44815\/revisions"}],"predecessor-version":[{"id":44836,"href":"https:\/\/dekkbi.com\/index.php?rest_route=\/wp\/v2\/posts\/44815\/revisions\/44836"}],"wp:featuredmedia":[{"embeddable":true,"href":"https:\/\/dekkbi.com\/index.php?rest_route=\/wp\/v2\/media\/44816"}],"wp:attachment":[{"href":"https:\/\/dekkbi.com\/index.php?rest_route=%2Fwp%2Fv2%2Fmedia&parent=44815"}],"wp:term":[{"taxonomy":"category","embeddable":true,"href":"https:\/\/dekkbi.com\/index.php?rest_route=%2Fwp%2Fv2%2Fcategories&post=44815"},{"taxonomy":"post_tag","embeddable":true,"href":"https:\/\/dekkbi.com\/index.php?rest_route=%2Fwp%2Fv2%2Ftags&post=44815"}],"curies":[{"name":"wp","href":"https:\/\/api.w.org\/{rel}","templated":true}]}}