{"id":44801,"date":"2024-10-22T10:35:37","date_gmt":"2024-10-22T10:35:37","guid":{"rendered":"https:\/\/dekkbi.com\/?p=44801"},"modified":"2024-10-22T12:06:34","modified_gmt":"2024-10-22T12:06:34","slug":"fleuve-senegal-une-tendance-baissiere-de-la-crue-au-sud-est-et-haussiere-au-nord-du-pays-directeur","status":"publish","type":"post","link":"https:\/\/dekkbi.com\/?p=44801","title":{"rendered":"Fleuve S\u00e9n\u00e9gal : une tendance baissi\u00e8re de la crue au sud-est et haussi\u00e8re au nord du pays"},"content":{"rendered":"\n<p>(APS) \u2013 La situation hydrologique et de d\u00e9bordement du fleuve S\u00e9n\u00e9gal est dans une tendance baissi\u00e8re au sud-est et \u00e0 la hausse dans le nord du pays, a-t-on appris lundi,&nbsp;du Directeur de la gestion et de la Planification des ressources en eau, Bakary Faty.<\/p>\n\n\n\n<p>\u2018\u2019Il y a deux configurations actuellement sur le fleuve S\u00e9n\u00e9gal caract\u00e9ris\u00e9e par une tendance baissi\u00e8re consid\u00e9rable aux stations hydrom\u00e9triques de Kidira et Bakel o\u00f9 le niveau des eaux reste toutefois sup\u00e9rieur \u00e0 la cote d\u2019alerte\u2019\u2019, a-t-il dit \u00e0 l\u2019APS par liaison t\u00e9l\u00e9phonique.<\/p>\n\n\n\n<p>Il&nbsp; a ajout\u00e9 qu\u2019en amont du fleuve S\u00e9n\u00e9gal, \u00e0 Matam, Podor, \u201dla tendance \u00e0 la hausse du fleuve se maintient avec une onde de crue qui se d\u00e9place vers la ville de Saint-Louis o\u00f9 on a constat\u00e9 d\u00e9j\u00e0 la p\u00e9n\u00e9tration des eaux dans des quartiers comme l\u2019hydrobase\u201d.<\/p>\n\n\n\n<p>\u201dActuellement, a-t-il reconnu, la situation est compliqu\u00e9e dans la partie nord du pays o\u00f9 l\u2019onde de crue continue de se d\u00e9placer vers la ville de Saint-Louis\u201d.\u2019<\/p>\n\n\n\n<p>Il a indiqu\u00e9 que les autorit\u00e9s \u00e9tatiques sont en train de d\u00e9rouler des mesures pour att\u00e9nuer au maximum les cons\u00e9quences engendr\u00e9es chez les populations locales par la crue du fleuve S\u00e9n\u00e9gal.<\/p>\n\n\n\n<p>M. Faty a rappel\u00e9 que le fleuve S\u00e9n\u00e9gal a autrefois connu des crues de ce genre, notamment en 1999 et en 2003, une situation qui \u00e0 l\u2019\u00e9poque avait pouss\u00e9 les autorit\u00e9s \u00e0 ouvrir le canal de d\u00e9lestage de l\u2019\u00eele de Saint-Louis, commun\u00e9ment appel\u00e9 la br\u00e8che de Saint-Louis.<\/p>\n\n\n\n<p>Il a pr\u00e9cis\u00e9 que le niveau atteint par la mont\u00e9e des eaux du fleuve S\u00e9n\u00e9gal \u00e0 Bakel, le 15 octobre dernier, avec un d\u00e9bit de 5.515 m\/s n\u2019a jamais \u00e9t\u00e9 atteint depuis la construction du barrage de Manantali, en 1982.<\/p>\n\n\n\n<p>Plusieurs villages des r\u00e9gions de Matam, Saint-Louis et Tambacounda, situ\u00e9s en bordure du fleuve S\u00e9n\u00e9gal sont en proie depuis le 12 octobre dernier, \u00e0 des inondations engendr\u00e9es par le d\u00e9bordement des eaux de ce cours d\u2019eau favoris\u00e9 par des l\u00e2chers d\u2019eau au barrage de Manantali et de fortes pluies enregistr\u00e9es.<\/p>\n\n\n\n<p>La Direction de la gestion et de la Planification des ressources en eau est rattach\u00e9e au minist\u00e8re de l\u2019Hydraulique et de l\u2019Assainissement.<\/p>\n\n\n\n<p>SOURCE SUDQUOTIDIEN<\/p>\n","protected":false},"excerpt":{"rendered":"<p>(APS) \u2013 La situation hydrologique et de d\u00e9bordement du fleuve S\u00e9n\u00e9gal est dans une tendance baissi\u00e8re au sud-est et \u00e0<\/p>\n","protected":false},"author":1,"featured_media":40841,"comment_status":"open","ping_status":"open","sticky":false,"template":"","format":"standard","meta":{"footnotes":""},"categories":[26],"tags":[],"class_list":["post-44801","post","type-post","status-publish","format-standard","has-post-thumbnail","hentry","category-fait-divers"],"_links":{"self":[{"href":"https:\/\/dekkbi.com\/index.php?rest_route=\/wp\/v2\/posts\/44801","targetHints":{"allow":["GET"]}}],"collection":[{"href":"https:\/\/dekkbi.com\/index.php?rest_route=\/wp\/v2\/posts"}],"about":[{"href":"https:\/\/dekkbi.com\/index.php?rest_route=\/wp\/v2\/types\/post"}],"author":[{"embeddable":true,"href":"https:\/\/dekkbi.com\/index.php?rest_route=\/wp\/v2\/users\/1"}],"replies":[{"embeddable":true,"href":"https:\/\/dekkbi.com\/index.php?rest_route=%2Fwp%2Fv2%2Fcomments&post=44801"}],"version-history":[{"count":2,"href":"https:\/\/dekkbi.com\/index.php?rest_route=\/wp\/v2\/posts\/44801\/revisions"}],"predecessor-version":[{"id":44862,"href":"https:\/\/dekkbi.com\/index.php?rest_route=\/wp\/v2\/posts\/44801\/revisions\/44862"}],"wp:featuredmedia":[{"embeddable":true,"href":"https:\/\/dekkbi.com\/index.php?rest_route=\/wp\/v2\/media\/40841"}],"wp:attachment":[{"href":"https:\/\/dekkbi.com\/index.php?rest_route=%2Fwp%2Fv2%2Fmedia&parent=44801"}],"wp:term":[{"taxonomy":"category","embeddable":true,"href":"https:\/\/dekkbi.com\/index.php?rest_route=%2Fwp%2Fv2%2Fcategories&post=44801"},{"taxonomy":"post_tag","embeddable":true,"href":"https:\/\/dekkbi.com\/index.php?rest_route=%2Fwp%2Fv2%2Ftags&post=44801"}],"curies":[{"name":"wp","href":"https:\/\/api.w.org\/{rel}","templated":true}]}}