{"id":44785,"date":"2024-10-22T10:18:31","date_gmt":"2024-10-22T10:18:31","guid":{"rendered":"https:\/\/dekkbi.com\/?p=44785"},"modified":"2024-10-22T10:35:52","modified_gmt":"2024-10-22T10:35:52","slug":"cinq-mois-sans-salaires-la-cjrs-alerte-sur-la-situation-critique-des-travailleurs-du-groupe-emedia-invest","status":"publish","type":"post","link":"https:\/\/dekkbi.com\/?p=44785","title":{"rendered":"Cinq mois sans salaires : La CJRS alerte sur la situation critique des travailleurs du groupe Emedia Invest"},"content":{"rendered":"\n<h3 class=\"wp-block-heading\">La Convention des Jeunes Reporters du S\u00e9n\u00e9gal (CJRS) exprime sa vive inqui\u00e9tude face \u00e0 la situation alarmante au sein du groupe Emedia Invest, o\u00f9 les travailleurs restent sans r\u00e9mun\u00e9ration depuis cinq mois. Dans un communiqu\u00e9, l\u2019organisation salue l\u2019engagement et le d\u00e9vouement des employ\u00e9s qui, malgr\u00e9 cette situation \u00e9prouvante, ont continu\u00e9 \u00e0 remplir leur mission d\u2019informer le public.<\/h3>\n\n\n\n<p>Une situation insoutenable pour les employ\u00e9s et leurs familles<\/p>\n\n\n\n<p>Les reporters et personnels du groupe Emedia font preuve d\u2019un sacrifice exemplaire, selon la CJRS, en maintenant leurs activit\u00e9s au service de l\u2019information, malgr\u00e9 des difficult\u00e9s croissantes qui affectent \u00e9galement leurs familles. \u00ab\u202fNous saluons leur engagement\u202f\u00bb, souligne le communiqu\u00e9, mettant en lumi\u00e8re le poids du silence de la direction du groupe face \u00e0 cette crise.<\/p>\n\n\n\n<p>Appel au dialogue et \u00e0 la mobilisation des acteurs<\/p>\n\n\n\n<p>La CJRS d\u00e9plore l\u2019absence d\u2019initiatives de la part des dirigeants de l\u2019entreprise pour r\u00e9soudre cette crise et les exhorte \u00e0 engager un dialogue constructif avec les travailleurs. \u00ab\u202fNous invitons les organisations de la presse, la soci\u00e9t\u00e9 civile, les syndicats et les autorit\u00e9s \u00e0 intervenir face \u00e0 cette situation qui tend \u00e0 devenir la norme dans plusieurs entreprises de presse\u202f\u00bb, d\u00e9clare la convention.<\/p>\n\n\n\n<p>La presse, pilier de la d\u00e9mocratie en danger<\/p>\n\n\n\n<p>Insistant sur le r\u00f4le fondamental de la presse dans la d\u00e9mocratie et le d\u00e9veloppement du pays, la CJRS en appelle \u00e9galement \u00e0 l\u2019action du Chef de l\u2019\u00c9tat. L\u2019organisation estime qu\u2019il est n\u00e9cessaire de mettre en place un soutien concret et durable aux entreprises de presse et aux professionnels du secteur.<\/p>\n\n\n\n<p>\u00ab\u202fLe statut des journalistes se d\u00e9t\u00e9riore de jour en jour, et il est urgent d\u2019agir\u202f\u00bb, avertit la CJRS, ajoutant que la situation \u00e0 Emedia Invest n\u2019est que \u00ab\u202fla face visible de l\u2019iceberg\u202f\u00bb. Sans une intervention rapide et appropri\u00e9e, elle pr\u00e9vient que la survie du secteur est menac\u00e9e, fragilisant ainsi la d\u00e9mocratie s\u00e9n\u00e9galaise.<\/p>\n\n\n\n<p>Le Bureau Ex\u00e9cutif National de la CJRS conclut en appelant \u00e0 des solutions viables pour \u00e9viter que cette crise ne devienne un mal structurel et compromettre l\u2019avenir de l\u2019information dans le pays.<\/p>\n\n\n\n<p>SOURCE LERAL.NET<\/p>\n","protected":false},"excerpt":{"rendered":"<p>La Convention des Jeunes Reporters du S\u00e9n\u00e9gal (CJRS) exprime sa vive inqui\u00e9tude face \u00e0 la situation alarmante au sein du<\/p>\n","protected":false},"author":1,"featured_media":44786,"comment_status":"open","ping_status":"open","sticky":false,"template":"","format":"standard","meta":{"footnotes":""},"categories":[3],"tags":[],"class_list":["post-44785","post","type-post","status-publish","format-standard","has-post-thumbnail","hentry","category-event-more-news"],"_links":{"self":[{"href":"https:\/\/dekkbi.com\/index.php?rest_route=\/wp\/v2\/posts\/44785","targetHints":{"allow":["GET"]}}],"collection":[{"href":"https:\/\/dekkbi.com\/index.php?rest_route=\/wp\/v2\/posts"}],"about":[{"href":"https:\/\/dekkbi.com\/index.php?rest_route=\/wp\/v2\/types\/post"}],"author":[{"embeddable":true,"href":"https:\/\/dekkbi.com\/index.php?rest_route=\/wp\/v2\/users\/1"}],"replies":[{"embeddable":true,"href":"https:\/\/dekkbi.com\/index.php?rest_route=%2Fwp%2Fv2%2Fcomments&post=44785"}],"version-history":[{"count":1,"href":"https:\/\/dekkbi.com\/index.php?rest_route=\/wp\/v2\/posts\/44785\/revisions"}],"predecessor-version":[{"id":44787,"href":"https:\/\/dekkbi.com\/index.php?rest_route=\/wp\/v2\/posts\/44785\/revisions\/44787"}],"wp:featuredmedia":[{"embeddable":true,"href":"https:\/\/dekkbi.com\/index.php?rest_route=\/wp\/v2\/media\/44786"}],"wp:attachment":[{"href":"https:\/\/dekkbi.com\/index.php?rest_route=%2Fwp%2Fv2%2Fmedia&parent=44785"}],"wp:term":[{"taxonomy":"category","embeddable":true,"href":"https:\/\/dekkbi.com\/index.php?rest_route=%2Fwp%2Fv2%2Fcategories&post=44785"},{"taxonomy":"post_tag","embeddable":true,"href":"https:\/\/dekkbi.com\/index.php?rest_route=%2Fwp%2Fv2%2Ftags&post=44785"}],"curies":[{"name":"wp","href":"https:\/\/api.w.org\/{rel}","templated":true}]}}