{"id":44774,"date":"2024-10-22T10:05:00","date_gmt":"2024-10-22T10:05:00","guid":{"rendered":"https:\/\/dekkbi.com\/?p=44774"},"modified":"2024-10-22T10:05:00","modified_gmt":"2024-10-22T10:05:00","slug":"bougane-gueye-dany-juge-en-flagrant-delit-le-30-octobre-avocat","status":"publish","type":"post","link":"https:\/\/dekkbi.com\/?p=44774","title":{"rendered":"Bougane Gu\u00e8ye Dany jug\u00e9 en flagrant d\u00e9lit le 30 octobre ( avocat)"},"content":{"rendered":"\n<p>Tambacouda,  (APS) \u2013 Le leader du mouvement \u201cGuemm Sa Bopp\u201d Bougane Gu\u00e8ye Dany a \u00e9t\u00e9 plac\u00e9 sous mandat de d\u00e9p\u00f4t apr\u00e8s son audition par le procureur de Tambacounda, a appris l\u2019APS de son avocat, Ma\u00eetre El Hadji Diouf,<\/p>\n\n\n\n<p>Selon Me Diouf, le ma\u00eetre des poursuites a d\u00e9cid\u00e9&nbsp; de placer Bougane Gu\u00e8ye Dany sous mandat de d\u00e9p\u00f4t.<\/p>\n\n\n\n<p>\u201cLe leader du mouvement Guemm Sa Bopp sera jug\u00e9&nbsp; en flagrant d\u00e9lit le 30 octobre\u201d, a-t-il dit aux journalistes.<\/p>\n\n\n\n<p>M. Gu\u00e8ye avait \u00e9t\u00e9 plac\u00e9 en garde \u00e0 vue, samedi, \u00e0 Bakel (est), pour refus d\u2019obtemp\u00e9rer, alors qu\u2019il se rendait aupr\u00e8s des populations victimes de la crue du fleuve S\u00e9n\u00e9gal, selon un communiqu\u00e9 de la gendarmerie nationale.<\/p>\n\n\n\n<p>\u201dCe samedi 19 octobre 2024, vers 13 heures 40 minutes, la Brigade de gendarmerie territoriale de Bakel a proc\u00e9d\u00e9 \u00e0 l\u2019interpellation de Monsieur Bougane Gu\u00e8ye Dany, pour refus d\u2019obtemp\u00e9rer\u201d, indique-t-elle.<\/p>\n\n\n\n<p>Elle explique que c\u2019est au poste de gendarmerie de Bondji, que son cort\u00e8ge a \u00e9t\u00e9 arr\u00eat\u00e9 par les gendarmes qui lui ont notifi\u00e9 qu\u2019il \u2018\u2019devait marquer un arr\u00eat momentan\u00e9, pour des raisons de s\u00e9curit\u00e9\u2019\u2019. Il devait en effet \u2018\u2019laisser passer le convoi de (\u2026) Monsieur le pr\u00e9sident de la R\u00e9publique\u2019\u2019, pour pouvoir ensuite \u2018\u2019continuer sa route apr\u00e8s le d\u00e9part de l\u2019autorit\u00e9\u2019\u2019.<\/p>\n\n\n\n<p>Selon la m\u00eame source, le leader de Geum Sa Bopp, membre de la coalition Samm Sa Kaddu pour les l\u00e9gislatives du 17 novembre, a \u201dcat\u00e9goriquement refus\u00e9 de se conformer aux instructions des Gendarmes\u2019\u2019 et \u2018\u2019a d\u00e9cid\u00e9 de passer le barrage en force, en invitant le reste du cort\u00e8ge \u00e0 le suivre\u2019\u2019.<\/p>\n\n\n\n<p>Elle ajoute que le commandant de la compagnie de gendarmerie de Bakel \u2018\u2019a fait intervenir un peloton de l\u2019Escadron de Surveillance et d\u2019Intervention (ESI) en renfort, pour intercepter le convoi au niveau du pont de Tourime, un village situ\u00e9 \u00e0 12 km de Bondji, sur la route de Bakel.<\/p>\n\n\n\n<p>Selon le communiqu\u00e9, \u2018\u2019le commandant d\u2019unit\u00e9 a fait proc\u00e9der \u00e0 l\u2019interpellation de Monsieur Bougane Gu\u00e8ye Dany, pour refus d\u2019obtemp\u00e9rer\u2019\u2019.&nbsp;\u2018\u2019Il a \u00e9t\u00e9 conduit aussit\u00f4t aupr\u00e8s de l\u2019officier de Police judiciaire territorialement comp\u00e9tent, \u00e0 la brigade de gendarmerie de Bakel\u2019\u2019, conclut le document.<\/p>\n\n\n\n<p>ABD\/ASG<\/p>\n","protected":false},"excerpt":{"rendered":"<p>Tambacouda, (APS) \u2013 Le leader du mouvement \u201cGuemm Sa Bopp\u201d Bougane Gu\u00e8ye Dany a \u00e9t\u00e9 plac\u00e9 sous mandat de d\u00e9p\u00f4t<\/p>\n","protected":false},"author":1,"featured_media":44680,"comment_status":"open","ping_status":"open","sticky":false,"template":"","format":"standard","meta":{"footnotes":""},"categories":[26],"tags":[],"class_list":["post-44774","post","type-post","status-publish","format-standard","has-post-thumbnail","hentry","category-fait-divers"],"_links":{"self":[{"href":"https:\/\/dekkbi.com\/index.php?rest_route=\/wp\/v2\/posts\/44774","targetHints":{"allow":["GET"]}}],"collection":[{"href":"https:\/\/dekkbi.com\/index.php?rest_route=\/wp\/v2\/posts"}],"about":[{"href":"https:\/\/dekkbi.com\/index.php?rest_route=\/wp\/v2\/types\/post"}],"author":[{"embeddable":true,"href":"https:\/\/dekkbi.com\/index.php?rest_route=\/wp\/v2\/users\/1"}],"replies":[{"embeddable":true,"href":"https:\/\/dekkbi.com\/index.php?rest_route=%2Fwp%2Fv2%2Fcomments&post=44774"}],"version-history":[{"count":1,"href":"https:\/\/dekkbi.com\/index.php?rest_route=\/wp\/v2\/posts\/44774\/revisions"}],"predecessor-version":[{"id":44775,"href":"https:\/\/dekkbi.com\/index.php?rest_route=\/wp\/v2\/posts\/44774\/revisions\/44775"}],"wp:featuredmedia":[{"embeddable":true,"href":"https:\/\/dekkbi.com\/index.php?rest_route=\/wp\/v2\/media\/44680"}],"wp:attachment":[{"href":"https:\/\/dekkbi.com\/index.php?rest_route=%2Fwp%2Fv2%2Fmedia&parent=44774"}],"wp:term":[{"taxonomy":"category","embeddable":true,"href":"https:\/\/dekkbi.com\/index.php?rest_route=%2Fwp%2Fv2%2Fcategories&post=44774"},{"taxonomy":"post_tag","embeddable":true,"href":"https:\/\/dekkbi.com\/index.php?rest_route=%2Fwp%2Fv2%2Ftags&post=44774"}],"curies":[{"name":"wp","href":"https:\/\/api.w.org\/{rel}","templated":true}]}}